{"id":60231,"date":"2023-11-07T09:11:51","date_gmt":"2023-11-07T12:11:51","guid":{"rendered":"http:\/\/sol.fm.br\/radio\/?p=60231"},"modified":"2023-11-07T09:11:52","modified_gmt":"2023-11-07T12:11:52","slug":"7-de-novembro-dia-do-radialista","status":"publish","type":"post","link":"https:\/\/sol.fm.br\/radio\/7-de-novembro-dia-do-radialista\/","title":{"rendered":"7 de novembro - Dia do Radialista"},"content":{"rendered":"<div id=\"dslc-theme-content\"><div id=\"dslc-theme-content-inner\"><p>Comunicadores habilidosos que, por meio de suas vozes e personalidades cativantes, mant\u00eam o p\u00fablico informado e inspirado diariamente. Seja nas ondas do r\u00e1dio, na televis\u00e3o ou agora, cada vez mais, nas plataformas digitais, os radialistas continuam a conectar pessoas, compartilhando hist\u00f3rias, m\u00fasicas e not\u00edcias. Neste dia especial, reconhecemos e valorizamos o trabalho incans\u00e1vel desses profissionais.<\/p>\n<hr \/>\n<h6><strong>Sindicato das Empresas de R\u00e1dio e TV do RS<\/strong><\/h6>\n\n\n<center><iframe loading=\"lazy\" class=\"jmvplayer\" src=\"https:\/\/player.jmvstream.com\/lvw\/YYGWo5wfZuZ8fEW7Qoq1ISwhLSEDhU\" allowfullscreen allow=\"autoplay; fullscreen\" frameborder=\"0\" width=\"640\" height=\"360\" ><\/iframe><\/center>\n<\/div><\/div>","protected":false},"excerpt":{"rendered":"<p>Comunicadores habilidosos que, por meio de suas vozes e personalidades cativantes, mant\u00eam o p\u00fablico informado e inspirado diariamente. Seja nas ondas do r\u00e1dio, na televis\u00e3o ou agora, cada vez mais, nas plataformas digitais, os radialistas continuam a conectar pessoas, compartilhando hist\u00f3rias, m\u00fasicas e not\u00edcias. Neste dia especial, reconhecemos e valorizamos o trabalho incans\u00e1vel desses profissionais. [&hellip;]<\/p>\n","protected":false},"author":4,"featured_media":60232,"comment_status":"open","ping_status":"open","sticky":false,"template":"","format":"standard","meta":{"footnotes":""},"categories":[1],"tags":[],"class_list":["post-60231","post","type-post","status-publish","format-standard","has-post-thumbnail","hentry","category-sem-categoria"],"_links":{"self":[{"href":"https:\/\/sol.fm.br\/radio\/wp-json\/wp\/v2\/posts\/60231","targetHints":{"allow":["GET"]}}],"collection":[{"href":"https:\/\/sol.fm.br\/radio\/wp-json\/wp\/v2\/posts"}],"about":[{"href":"https:\/\/sol.fm.br\/radio\/wp-json\/wp\/v2\/types\/post"}],"author":[{"embeddable":true,"href":"https:\/\/sol.fm.br\/radio\/wp-json\/wp\/v2\/users\/4"}],"replies":[{"embeddable":true,"href":"https:\/\/sol.fm.br\/radio\/wp-json\/wp\/v2\/comments?post=60231"}],"version-history":[{"count":1,"href":"https:\/\/sol.fm.br\/radio\/wp-json\/wp\/v2\/posts\/60231\/revisions"}],"predecessor-version":[{"id":60233,"href":"https:\/\/sol.fm.br\/radio\/wp-json\/wp\/v2\/posts\/60231\/revisions\/60233"}],"wp:featuredmedia":[{"embeddable":true,"href":"https:\/\/sol.fm.br\/radio\/wp-json\/wp\/v2\/media\/60232"}],"wp:attachment":[{"href":"https:\/\/sol.fm.br\/radio\/wp-json\/wp\/v2\/media?parent=60231"}],"wp:term":[{"taxonomy":"category","embeddable":true,"href":"https:\/\/sol.fm.br\/radio\/wp-json\/wp\/v2\/categories?post=60231"},{"taxonomy":"post_tag","embeddable":true,"href":"https:\/\/sol.fm.br\/radio\/wp-json\/wp\/v2\/tags?post=60231"}],"curies":[{"name":"wp","href":"https:\/\/api.w.org\/{rel}","templated":true}]}}