{"id":60237,"date":"2023-11-07T09:24:53","date_gmt":"2023-11-07T12:24:53","guid":{"rendered":"http:\/\/sol.fm.br\/radio\/?p=60237"},"modified":"2023-11-07T09:24:54","modified_gmt":"2023-11-07T12:24:54","slug":"governador-recebe-presidente-da-fiergs-para-debater-cooperacao-pelo-desenvolvimento-do-estado","status":"publish","type":"post","link":"https:\/\/sol.fm.br\/radio\/governador-recebe-presidente-da-fiergs-para-debater-cooperacao-pelo-desenvolvimento-do-estado\/","title":{"rendered":"Governador recebe presidente da Fiergs para debater coopera\u00e7\u00e3o pelo desenvolvimento do Estado"},"content":{"rendered":"<div id=\"dslc-theme-content\"><div id=\"dslc-theme-content-inner\"><p style=\"text-align: center;\"><em>Encontro foi o primeiro de uma rodada de di\u00e1logos com os principais setores da economia ga\u00facha<\/em><\/p>\n<p dir=\"ltr\">O governador Eduardo Leite recebeu, na tarde desta segunda-feira (6\/11), o presidente da Federa\u00e7\u00e3o das Ind\u00fastrias do Estado do Rio Grande do Sul (Fiergs), Gilberto Petry, para a abertura de uma rodada de di\u00e1logos com as quatro federa\u00e7\u00f5es que representam os principais setores da economia ga\u00facha. O objetivo \u00e9 alinhar iniciativas estrat\u00e9gicas para o desenvolvimento do Estado. O encontro ocorreu no Pal\u00e1cio Piratini.<\/p>\n<p dir=\"ltr\">Leite ressaltou a necessidade de articula\u00e7\u00e3o com as entidades representativas do setor privado para a constru\u00e7\u00e3o conjunta de pol\u00edticas que multipliquem o potencial produtivo e a atra\u00e7\u00e3o de novos neg\u00f3cios no Rio Grande do Sul. Entre os temas da reuni\u00e3o, o governador destacou os estudos em andamento para estrutura\u00e7\u00e3o de uma ag\u00eancia de desenvolvimento, com coopera\u00e7\u00e3o do setor privado e de entidades setoriais.\u00a0<\/p>\n<p dir=\"ltr\"><img loading=\"lazy\" decoding=\"async\" class=\"alignnone size-medium wp-image-60239 aligncenter\" src=\"http:\/\/sol.fm.br\/radio\/wp-content\/uploads\/2023\/11\/51-400x303.jpg\" alt=\"\" width=\"400\" height=\"303\" srcset=\"https:\/\/sol.fm.br\/radio\/wp-content\/uploads\/2023\/11\/51-400x303.jpg 400w, https:\/\/sol.fm.br\/radio\/wp-content\/uploads\/2023\/11\/51-768x582.jpg 768w, https:\/\/sol.fm.br\/radio\/wp-content\/uploads\/2023\/11\/51.jpg 800w\" sizes=\"auto, (max-width: 400px) 100vw, 400px\" \/><\/p>\n<p dir=\"ltr\">A inten\u00e7\u00e3o, a exemplo de modelos semelhantes em outros Estados e tamb\u00e9m fora do pa\u00eds, \u00e9 de que esse organismo possa liderar e executar diversas iniciativas de fomento ao desenvolvimento e \u00e0 abertura de oportunidades e novos mercados para a economia ga\u00facha.\u00a0<\/p>\n<p dir=\"ltr\"><em>\u201cA ag\u00eancia ser\u00e1 um instrumento valioso, a partir de um corpo t\u00e9cnico profissional altamente qualificado, para criarmos uma conex\u00e3o maior entre os players com demandas ao redor do mundo e aquilo que o Estado tem de melhor para ofertar. A participa\u00e7\u00e3o ativa das federa\u00e7\u00f5es \u00e9 fundamental para o estabelecimento de uma governan\u00e7a que identifique as oportunidades mais vantajosas de neg\u00f3cios, com gera\u00e7\u00e3o de emprego e renda para a sociedade\u201d<\/em>, ressaltou Leite.<\/p>\n<p dir=\"ltr\">O presidente da Fiergs elogiou a iniciativa e comentou projetos da federa\u00e7\u00e3o que v\u00e3o ao encontro da colabora\u00e7\u00e3o com o poder p\u00fablico. <em>\u201cA atitude do governador tem um peso muito importante. Vamos analisar a melhor forma de cooperar pelo desenvolvimento do Estado\u201d<\/em>, afirmou Petry.<\/p>\n<p dir=\"ltr\"><img loading=\"lazy\" decoding=\"async\" class=\"alignnone size-medium wp-image-60240 aligncenter\" src=\"http:\/\/sol.fm.br\/radio\/wp-content\/uploads\/2023\/11\/52-400x267.jpg\" alt=\"\" width=\"400\" height=\"267\" srcset=\"https:\/\/sol.fm.br\/radio\/wp-content\/uploads\/2023\/11\/52-400x267.jpg 400w, https:\/\/sol.fm.br\/radio\/wp-content\/uploads\/2023\/11\/52-768x512.jpg 768w, https:\/\/sol.fm.br\/radio\/wp-content\/uploads\/2023\/11\/52-600x400.jpg 600w, https:\/\/sol.fm.br\/radio\/wp-content\/uploads\/2023\/11\/52.jpg 800w\" sizes=\"auto, (max-width: 400px) 100vw, 400px\" \/><\/p>\n<p dir=\"ltr\">Tamb\u00e9m participaram do encontro o secret\u00e1rio de Desenvolvimento Econ\u00f4mico, Ernani Polo, e o secret\u00e1rio-chefe da Casa Civil, Artur Lemos, al\u00e9m do diretor da Fiergs e coordenador do Grupo de Pol\u00edtica Industrial da entidade, Hernane Cauduro.\u00a0<\/p>\n<p dir=\"ltr\">A rodada de di\u00e1logo ter\u00e1 sequ\u00eancia em futuras reuni\u00f5es com as dire\u00e7\u00f5es da Federa\u00e7\u00e3o de Entidades Empresariais do RS (Federasul), da Federa\u00e7\u00e3o do Com\u00e9rcio de Bens, Servi\u00e7os e Turismo do RS (Fecom\u00e9rcio) e da Federa\u00e7\u00e3o da Agricultura do Estado do RS (Farsul).<\/p>\n<hr \/>\n<h6 dir=\"ltr\"><strong>GOV RS | Texto: Secom | Edi\u00e7\u00e3o: Felipe Borges\/Secom | Fotos: Maur\u00edcio Tonetto\/Secom<\/strong><\/h6>\n\n\n<center><iframe loading=\"lazy\" class=\"jmvplayer\" src=\"https:\/\/player.jmvstream.com\/lvw\/YYGWo5wfZuZ8fEW7Qoq1ISwhLSEDhU\" allowfullscreen allow=\"autoplay; fullscreen\" frameborder=\"0\" width=\"640\" height=\"360\" ><\/iframe><\/center>\n<\/div><\/div>","protected":false},"excerpt":{"rendered":"<p>Encontro foi o primeiro de uma rodada de di\u00e1logos com os principais setores da economia ga\u00facha O governador Eduardo Leite recebeu, na tarde desta segunda-feira (6\/11), o presidente da Federa\u00e7\u00e3o das Ind\u00fastrias do Estado do Rio Grande do Sul (Fiergs), Gilberto Petry, para a abertura de uma rodada de di\u00e1logos com as quatro federa\u00e7\u00f5es que [&hellip;]<\/p>\n","protected":false},"author":4,"featured_media":60238,"comment_status":"open","ping_status":"open","sticky":false,"template":"","format":"standard","meta":{"footnotes":""},"categories":[1],"tags":[],"class_list":["post-60237","post","type-post","status-publish","format-standard","has-post-thumbnail","hentry","category-sem-categoria"],"_links":{"self":[{"href":"https:\/\/sol.fm.br\/radio\/wp-json\/wp\/v2\/posts\/60237","targetHints":{"allow":["GET"]}}],"collection":[{"href":"https:\/\/sol.fm.br\/radio\/wp-json\/wp\/v2\/posts"}],"about":[{"href":"https:\/\/sol.fm.br\/radio\/wp-json\/wp\/v2\/types\/post"}],"author":[{"embeddable":true,"href":"https:\/\/sol.fm.br\/radio\/wp-json\/wp\/v2\/users\/4"}],"replies":[{"embeddable":true,"href":"https:\/\/sol.fm.br\/radio\/wp-json\/wp\/v2\/comments?post=60237"}],"version-history":[{"count":1,"href":"https:\/\/sol.fm.br\/radio\/wp-json\/wp\/v2\/posts\/60237\/revisions"}],"predecessor-version":[{"id":60241,"href":"https:\/\/sol.fm.br\/radio\/wp-json\/wp\/v2\/posts\/60237\/revisions\/60241"}],"wp:featuredmedia":[{"embeddable":true,"href":"https:\/\/sol.fm.br\/radio\/wp-json\/wp\/v2\/media\/60238"}],"wp:attachment":[{"href":"https:\/\/sol.fm.br\/radio\/wp-json\/wp\/v2\/media?parent=60237"}],"wp:term":[{"taxonomy":"category","embeddable":true,"href":"https:\/\/sol.fm.br\/radio\/wp-json\/wp\/v2\/categories?post=60237"},{"taxonomy":"post_tag","embeddable":true,"href":"https:\/\/sol.fm.br\/radio\/wp-json\/wp\/v2\/tags?post=60237"}],"curies":[{"name":"wp","href":"https:\/\/api.w.org\/{rel}","templated":true}]}}