{"id":60242,"date":"2023-11-07T09:29:52","date_gmt":"2023-11-07T12:29:52","guid":{"rendered":"http:\/\/sol.fm.br\/radio\/?p=60242"},"modified":"2023-11-07T09:29:54","modified_gmt":"2023-11-07T12:29:54","slug":"renegociacao-do-fies-para-ate-12-milhao-de-pessoas-tem-inicio-nesta-terca","status":"publish","type":"post","link":"https:\/\/sol.fm.br\/radio\/renegociacao-do-fies-para-ate-12-milhao-de-pessoas-tem-inicio-nesta-terca\/","title":{"rendered":"Renegocia\u00e7\u00e3o do FIES para at\u00e9 1,2 milh\u00e3o de pessoas tem in\u00edcio nesta ter\u00e7a"},"content":{"rendered":"<div id=\"dslc-theme-content\"><div id=\"dslc-theme-content-inner\"><div class=\"documentDescription\" style=\"text-align: center;\"><em>Descontos podem chegar a 99% do valor consolidado da d\u00edvida. Os Interessados devem procurar ag\u00eancias da Caixa ou Banco do Brasil<\/em><\/div>\n<div>\n<p>A partir desta ter\u00e7a-feira, 7 de novembro, estudantes ou formados que tenham d\u00edvidas com o Fundo de Financiamento Estudantil (FIES) v\u00e3o poder renegociar seus d\u00e9bitos em condi\u00e7\u00f5es especiais por meio das ag\u00eancias da Caixa Econ\u00f4mica Federal e do Banco do Brasil. A afirma\u00e7\u00e3o foi feita pelo ministro da Educa\u00e7\u00e3o, Camilo Santana, ap\u00f3s reuni\u00e3o nesta segunda-feira com o presidente da Rep\u00fablica, Luiz In\u00e1cio Lula da Silva. Tamb\u00e9m participaram do encontro representantes das duas institui\u00e7\u00f5es financeiras e do Fundo Nacional de Desenvolvimento da Educa\u00e7\u00e3o (FNDE).<\/p>\n<p>S\u00e3o mais de 1,2 milh\u00e3o de inadimplentes que podem ser beneficiados com as condi\u00e7\u00f5es facilitadas e os descontos de at\u00e9 99% do valor consolidado da d\u00edvida. Para isso, basta procurar a ag\u00eancia do banco respons\u00e1vel pelo financiamento. As d\u00edvidas que podem ser renegociadas chegam a R$ 54 bilh\u00f5es. De acordo com o ministro Camilo Santana, a resolu\u00e7\u00e3o que disp\u00f5e sobre a renegocia\u00e7\u00e3o ser\u00e1 publicada ainda nesta segunda-feira no Di\u00e1rio Oficial da Uni\u00e3o (DOU), para que os bancos comecem a prestar o atendimento.<\/p>\n<p>A medida foi aprovada a partir da san\u00e7\u00e3o da Lei n\u00ba 4172\/2023, na semana passada, pelo presidente Lula. <em>\u201cA preocupa\u00e7\u00e3o \u00e9 dar celeridade e urg\u00eancia para que a gente possa atender esses 1,2 milh\u00e3o de pessoas. O que queremos deixar seguro \u00e9 que est\u00e1 garantido o direito de tirar o nome sujo dessas pessoas e resolver o problema,\u201d<\/em> disse Camilo.<\/p>\n<p>Com a medida, at\u00e9 pessoas que est\u00e3o em dia com o pagamento ser\u00e3o beneficiadas. <em>\u201cQualquer pessoa que tem contrato no FIES, inclusive quem esteja adimplente, vai ter direito nesta lei. V\u00e3o existir vantagens para quem est\u00e1 adimplente com o financiamento. Qualquer cidad\u00e3o ter\u00e1 direito.\u201d<\/em><\/p>\n<p>O presidente j\u00e1 havia comparado a a\u00e7\u00e3o a um Desenrola para as pessoas que estudaram fazendo FIES. <em>\u201cO importante n\u00e3o \u00e9 a d\u00edvida, o importante \u00e9 que voc\u00ea volte a estudar pagando o m\u00ednimo que for necess\u00e1rio. Volte a estudar, tire o diploma e n\u00f3s ficamos muito agradecidos\u201d<\/em>, declarou o presidente no dia em que a lei foi sancionada.<\/p>\n<p>A nova regulamenta\u00e7\u00e3o cria condi\u00e7\u00f5es mais favor\u00e1veis de amortiza\u00e7\u00e3o para estudantes com contratos do FIES assinados at\u00e9 o fim de 2017 e com d\u00e9bitos vencidos e n\u00e3o pagos em 30 de junho de 2023. Os estudantes com d\u00e9bitos vencidos e n\u00e3o pagos h\u00e1 mais de 360 dias em 30 de junho de 2023 ter\u00e3o desconto de at\u00e9 99% do valor consolidado da d\u00edvida, no caso de inscritos no Cadastro \u00danico (Cad\u00danico). Para os demais estudantes, os descontos podem chegar a 77%.<\/p>\n<p><strong>PARCELAMENTO \u2013 O estudante que tenha d\u00e9bitos vencidos e n\u00e3o pagos em 30 de junho de 2023 poder\u00e1 liquid\u00e1-los por meio da ades\u00e3o \u00e0 transa\u00e7\u00e3o, nos seguintes termos:<\/strong><\/p>\n<p class=\"callout\">\u2022 D\u00e9bitos vencidos e n\u00e3o pagos por mais de 90 dias em 30 de junho de 2023: desconto de at\u00e9 100% sobre encargos (juros e multas) e de 12% sobre o valor financiado pendente para pagamento \u00e0 vista; ou parcelamento em at\u00e9 150 parcelas mensais e sucessivas do valor financiado pendente, com desconto de 100% dos encargos, mantidas as demais condi\u00e7\u00f5es do contrato (ficam mantidas as garantias e eventuais taxas do contrato).<\/p>\n<p>\u2022 Estudantes com d\u00e9bitos vencidos e n\u00e3o pagos por mais de 360 dias em 30 de junho de 2023 que estejam inscritos no Cad\u00danico ou que tenham sido benefici\u00e1rios do Aux\u00edlio Emergencial 2021: desconto de at\u00e9 99% do valor consolidado da d\u00edvida, inclusive principal, por meio da liquida\u00e7\u00e3o integral do saldo devedor em at\u00e9 15 presta\u00e7\u00f5es mensais.<\/p>\n<p class=\"callout\">\u2022 Estudantes com d\u00e9bitos vencidos e n\u00e3o pagos por mais de 360 dias, em 30 de junho de 2023, que n\u00e3o se enquadrem na hip\u00f3tese prevista no item anterior:\u00a0 desconto de at\u00e9 77% do valor consolidado da d\u00edvida, inclusive principal, por meio da liquida\u00e7\u00e3o integral do saldo devedor em at\u00e9 15 presta\u00e7\u00f5es mensais e sucessivas.<\/p>\n<p><b>ENEM 2023:<\/b>\u00a0Ainda durante a coletiva de imprensa, o ministro da Educa\u00e7\u00e3o afirmou que o primeiro dia da edi\u00e7\u00e3o do Enem 2023 foi um sucesso. Com as novidades na prova, como caderno colorido e cart\u00e3o-resposta ampliado, Camilo ressaltou que objetivo \u00e9 \u201caperfei\u00e7oar para garantir mais acessibilidade\u201d.<\/p>\n<p>O Enem 2023 teve 3,9 milh\u00f5es de inscri\u00e7\u00f5es confirmadas, aumento de 13,1% em rela\u00e7\u00e3o ao ano passado. Desse total, as mulheres representam 60%. O Nordeste apresentou o maior n\u00famero de inscritos entre as regi\u00f5es do pa\u00eds.<\/p>\n<p>Neste primeiro dia, foram identificados 905 participantes que tiveram problemas log\u00edsticos, como emerg\u00eancias m\u00e9dicas, interrup\u00e7\u00f5es tempor\u00e1rias de energia el\u00e9trica e problemas com abastecimento de \u00e1gua. Em todo o pa\u00eds, 4.293 participantes foram eliminados por portar equipamento eletr\u00f4nico, ausentar-se antes do hor\u00e1rio permitido (15h30), utilizar impressos ou n\u00e3o atender \u00e0s orienta\u00e7\u00f5es dos fiscais.\u00a0<\/p>\n<p>O participante afetado por problemas log\u00edsticos durante a aplica\u00e7\u00e3o das provas ou acometido por uma das doen\u00e7as infectocontagiosas listadas em edital ter\u00e1 o direito de participar da reaplica\u00e7\u00e3o das provas. O candidato deve solicitar atrav\u00e9s da<a href=\"https:\/\/enem.inep.gov.br\/participante\/#!\/\">\u00a0<\/a><strong><a href=\"https:\/\/enem.inep.gov.br\/participante\/#!\/\">P\u00e1gina do Participante do Enem<\/a><\/strong>. O per\u00edodo para solicita\u00e7\u00e3o \u00e9 de 13 a 17 de novembro de 2023. A reaplica\u00e7\u00e3o das provas ser\u00e1 nos dias 12 e 13 de dezembro de 2023.<\/p>\n<hr \/>\n<h6><strong>GOV BR | Secretaria de Comunica\u00e7\u00e3o Social | Foto: Luis Fortes\/MEC<\/strong><\/h6>\n<\/div>\n\n\n<center><iframe loading=\"lazy\" class=\"jmvplayer\" src=\"https:\/\/player.jmvstream.com\/lvw\/YYGWo5wfZuZ8fEW7Qoq1ISwhLSEDhU\" allowfullscreen allow=\"autoplay; fullscreen\" frameborder=\"0\" width=\"640\" height=\"360\" ><\/iframe><\/center>\n<\/div><\/div>","protected":false},"excerpt":{"rendered":"<p>Descontos podem chegar a 99% do valor consolidado da d\u00edvida. Os Interessados devem procurar ag\u00eancias da Caixa ou Banco do Brasil A partir desta ter\u00e7a-feira, 7 de novembro, estudantes ou formados que tenham d\u00edvidas com o Fundo de Financiamento Estudantil (FIES) v\u00e3o poder renegociar seus d\u00e9bitos em condi\u00e7\u00f5es especiais por meio das ag\u00eancias da Caixa [&hellip;]<\/p>\n","protected":false},"author":4,"featured_media":60243,"comment_status":"open","ping_status":"open","sticky":false,"template":"","format":"standard","meta":{"footnotes":""},"categories":[1],"tags":[],"class_list":["post-60242","post","type-post","status-publish","format-standard","has-post-thumbnail","hentry","category-sem-categoria"],"_links":{"self":[{"href":"https:\/\/sol.fm.br\/radio\/wp-json\/wp\/v2\/posts\/60242","targetHints":{"allow":["GET"]}}],"collection":[{"href":"https:\/\/sol.fm.br\/radio\/wp-json\/wp\/v2\/posts"}],"about":[{"href":"https:\/\/sol.fm.br\/radio\/wp-json\/wp\/v2\/types\/post"}],"author":[{"embeddable":true,"href":"https:\/\/sol.fm.br\/radio\/wp-json\/wp\/v2\/users\/4"}],"replies":[{"embeddable":true,"href":"https:\/\/sol.fm.br\/radio\/wp-json\/wp\/v2\/comments?post=60242"}],"version-history":[{"count":1,"href":"https:\/\/sol.fm.br\/radio\/wp-json\/wp\/v2\/posts\/60242\/revisions"}],"predecessor-version":[{"id":60244,"href":"https:\/\/sol.fm.br\/radio\/wp-json\/wp\/v2\/posts\/60242\/revisions\/60244"}],"wp:featuredmedia":[{"embeddable":true,"href":"https:\/\/sol.fm.br\/radio\/wp-json\/wp\/v2\/media\/60243"}],"wp:attachment":[{"href":"https:\/\/sol.fm.br\/radio\/wp-json\/wp\/v2\/media?parent=60242"}],"wp:term":[{"taxonomy":"category","embeddable":true,"href":"https:\/\/sol.fm.br\/radio\/wp-json\/wp\/v2\/categories?post=60242"},{"taxonomy":"post_tag","embeddable":true,"href":"https:\/\/sol.fm.br\/radio\/wp-json\/wp\/v2\/tags?post=60242"}],"curies":[{"name":"wp","href":"https:\/\/api.w.org\/{rel}","templated":true}]}}