{"id":60245,"date":"2023-11-07T09:32:03","date_gmt":"2023-11-07T12:32:03","guid":{"rendered":"http:\/\/sol.fm.br\/radio\/?p=60245"},"modified":"2023-11-07T09:32:05","modified_gmt":"2023-11-07T12:32:05","slug":"presidente-lula-conversa-sobre-investimentos-no-brasil-com-ceo-da-nissan","status":"publish","type":"post","link":"https:\/\/sol.fm.br\/radio\/presidente-lula-conversa-sobre-investimentos-no-brasil-com-ceo-da-nissan\/","title":{"rendered":"Presidente Lula conversa sobre investimentos no Brasil com CEO da Nissan"},"content":{"rendered":"<div id=\"dslc-theme-content\"><div id=\"dslc-theme-content-inner\"><div class=\"documentDescription\" style=\"text-align: center;\"><em>Executivo anunciou que a Nissan ir\u00e1 lan\u00e7ar dois novos modelos de SUV no Brasil, aumentando seus investimentos no pa\u00eds<\/em><\/div>\n<div>\u00a0<\/div>\n<div>O <span style=\"font-size: revert; color: initial;\">presidente da Rep\u00fablica, Luiz In\u00e1cio Lula da Silva, e o vice-presidente e ministro do Desenvolvimento, Ind\u00fastria, Com\u00e9rcio e Servi\u00e7os, Geraldo Alckmin, receberam nesta segunda-feira, 6 de novembro, no Pal\u00e1cio do Planalto, o CEO Global da Nissan Corporation, Makoto Uchida. A empresa \u00e9 uma das maiores montadoras do mundo e est\u00e1 presente oficialmente no Brasil h\u00e1 23 anos.<\/span>\n<p>O executivo anunciou que a Nissan ir\u00e1 lan\u00e7ar dois novos modelos de SUV (ve\u00edculo utilit\u00e1rio esportivo, da sigla em ingl\u00eas,\u00a0<em><span class=\"underline\">Sport Utility Vehicle<\/span><\/em>) no Brasil, aumentando seus investimentos no pa\u00eds. E afirmou, tamb\u00e9m, a inten\u00e7\u00e3o da empresa de exportar para a Am\u00e9rica Latina e outros pa\u00edses a partir do Brasil, al\u00e9m de fortalecer fornecedores internos da montadora, em seu complexo industrial em Resende, no Rio de Janeiro.<\/p>\n<p><em>\"O Brasil \u00e9 uma das regi\u00f5es estrat\u00e9gicas para nosso crescimento global\"<\/em>, declarou o CEO. A Nissan, segundo ele, tem como objetivo dobrar a participa\u00e7\u00e3o no mercado brasileiro.<\/p>\n<p>O presidente Lula refor\u00e7ou que o Brasil oferece a quem quiser investir no Brasil estabilidade jur\u00eddica, pol\u00edtica e social, com um mercado crescente de possibilidades de retorno de investimentos. E o pa\u00eds est\u00e1 trabalhando para atrair mais investimentos, para aumentar a renda e a qualidade de vida da popula\u00e7\u00e3o.<\/p>\n<p>Durante o encontro, Makoto Uchida apresentou o novo plano estrat\u00e9gico da Nissan para o Brasil, para o per\u00edodo 2023\/2025. A reuni\u00e3o tamb\u00e9m contou com a presen\u00e7a de ministros de estado e de executivos da empresa. O plano estrat\u00e9gico da Nissan ser\u00e1 anunciado nesta ter\u00e7a-feira (7), em cerim\u00f4nia no Complexo Industrial brasileiro da empresa.<\/p>\n<hr \/>\n<h6><strong>GOV BR | Planalto | Foto: Ricardo Stuckert \/ PR<\/strong><\/h6>\n<\/div>\n\n\n<center><iframe loading=\"lazy\" class=\"jmvplayer\" src=\"https:\/\/player.jmvstream.com\/lvw\/YYGWo5wfZuZ8fEW7Qoq1ISwhLSEDhU\" allowfullscreen allow=\"autoplay; fullscreen\" frameborder=\"0\" width=\"640\" height=\"360\" ><\/iframe><\/center>\n<\/div><\/div>","protected":false},"excerpt":{"rendered":"<p>Executivo anunciou que a Nissan ir\u00e1 lan\u00e7ar dois novos modelos de SUV no Brasil, aumentando seus investimentos no pa\u00eds \u00a0 O presidente da Rep\u00fablica, Luiz In\u00e1cio Lula da Silva, e o vice-presidente e ministro do Desenvolvimento, Ind\u00fastria, Com\u00e9rcio e Servi\u00e7os, Geraldo Alckmin, receberam nesta segunda-feira, 6 de novembro, no Pal\u00e1cio do Planalto, o CEO Global [&hellip;]<\/p>\n","protected":false},"author":4,"featured_media":60246,"comment_status":"open","ping_status":"open","sticky":false,"template":"","format":"standard","meta":{"footnotes":""},"categories":[1],"tags":[],"class_list":["post-60245","post","type-post","status-publish","format-standard","has-post-thumbnail","hentry","category-sem-categoria"],"_links":{"self":[{"href":"https:\/\/sol.fm.br\/radio\/wp-json\/wp\/v2\/posts\/60245","targetHints":{"allow":["GET"]}}],"collection":[{"href":"https:\/\/sol.fm.br\/radio\/wp-json\/wp\/v2\/posts"}],"about":[{"href":"https:\/\/sol.fm.br\/radio\/wp-json\/wp\/v2\/types\/post"}],"author":[{"embeddable":true,"href":"https:\/\/sol.fm.br\/radio\/wp-json\/wp\/v2\/users\/4"}],"replies":[{"embeddable":true,"href":"https:\/\/sol.fm.br\/radio\/wp-json\/wp\/v2\/comments?post=60245"}],"version-history":[{"count":1,"href":"https:\/\/sol.fm.br\/radio\/wp-json\/wp\/v2\/posts\/60245\/revisions"}],"predecessor-version":[{"id":60247,"href":"https:\/\/sol.fm.br\/radio\/wp-json\/wp\/v2\/posts\/60245\/revisions\/60247"}],"wp:featuredmedia":[{"embeddable":true,"href":"https:\/\/sol.fm.br\/radio\/wp-json\/wp\/v2\/media\/60246"}],"wp:attachment":[{"href":"https:\/\/sol.fm.br\/radio\/wp-json\/wp\/v2\/media?parent=60245"}],"wp:term":[{"taxonomy":"category","embeddable":true,"href":"https:\/\/sol.fm.br\/radio\/wp-json\/wp\/v2\/categories?post=60245"},{"taxonomy":"post_tag","embeddable":true,"href":"https:\/\/sol.fm.br\/radio\/wp-json\/wp\/v2\/tags?post=60245"}],"curies":[{"name":"wp","href":"https:\/\/api.w.org\/{rel}","templated":true}]}}