{"id":60255,"date":"2023-11-08T09:04:34","date_gmt":"2023-11-08T12:04:34","guid":{"rendered":"http:\/\/sol.fm.br\/radio\/?p=60255"},"modified":"2023-11-08T09:04:36","modified_gmt":"2023-11-08T12:04:36","slug":"prefeito-pedro-rippel-reune-se-com-a-diretoria-do-bier-rock","status":"publish","type":"post","link":"https:\/\/sol.fm.br\/radio\/prefeito-pedro-rippel-reune-se-com-a-diretoria-do-bier-rock\/","title":{"rendered":"Prefeito Pedro Rippel re\u00fane-se com a diretoria do Bier Rock"},"content":{"rendered":"<div id=\"dslc-theme-content\"><div id=\"dslc-theme-content-inner\"><p>O prefeito Pedro Rippel reuniu-se com o presidente da Associa\u00e7\u00e3o de Eventos Bier Rock, Leonardo Eltz, a vice-presidente Bibiana Assis da Rosa, e os membros da diretoria, Luciano Assis da Rosa e Michael Reis, juntamente com o diretor de Turismo, F\u00e1bio Stumpf, na manh\u00e3 desta ter\u00e7a-feira, 7.<\/p>\n<p>A diretoria da Associa\u00e7\u00e3o solicitou o apoio da Administra\u00e7\u00e3o Municipal para a realiza\u00e7\u00e3o da 5\u00aa edi\u00e7\u00e3o do Bier Rock, que ser\u00e1 realizada no dia 2 de dezembro, no Parque da Kuchenfest.<\/p>\n<p><em>\u201cCom certeza, mais uma vez, a Administra\u00e7\u00e3o Municipal ser\u00e1 parceira deste evento que sempre valoriza a cultura local e regional e contempla entidades locais com parte do lucro que arrecada durante o festival\u201d,<\/em> comenta Rippel.<\/p>\n<hr \/>\n<h6><strong>Prefeitura Municipal de Rolante | Foto: Edna Cardoso<\/strong><\/h6>\n\n\n<center><iframe loading=\"lazy\" class=\"jmvplayer\" src=\"https:\/\/player.jmvstream.com\/lvw\/YYGWo5wfZuZ8fEW7Qoq1ISwhLSEDhU\" allowfullscreen allow=\"autoplay; fullscreen\" frameborder=\"0\" width=\"640\" height=\"360\" ><\/iframe><\/center>\n<\/div><\/div>","protected":false},"excerpt":{"rendered":"<p>O prefeito Pedro Rippel reuniu-se com o presidente da Associa\u00e7\u00e3o de Eventos Bier Rock, Leonardo Eltz, a vice-presidente Bibiana Assis da Rosa, e os membros da diretoria, Luciano Assis da Rosa e Michael Reis, juntamente com o diretor de Turismo, F\u00e1bio Stumpf, na manh\u00e3 desta ter\u00e7a-feira, 7. A diretoria da Associa\u00e7\u00e3o solicitou o apoio da [&hellip;]<\/p>\n","protected":false},"author":4,"featured_media":60256,"comment_status":"open","ping_status":"open","sticky":false,"template":"","format":"standard","meta":{"footnotes":""},"categories":[1],"tags":[],"class_list":["post-60255","post","type-post","status-publish","format-standard","has-post-thumbnail","hentry","category-sem-categoria"],"_links":{"self":[{"href":"https:\/\/sol.fm.br\/radio\/wp-json\/wp\/v2\/posts\/60255","targetHints":{"allow":["GET"]}}],"collection":[{"href":"https:\/\/sol.fm.br\/radio\/wp-json\/wp\/v2\/posts"}],"about":[{"href":"https:\/\/sol.fm.br\/radio\/wp-json\/wp\/v2\/types\/post"}],"author":[{"embeddable":true,"href":"https:\/\/sol.fm.br\/radio\/wp-json\/wp\/v2\/users\/4"}],"replies":[{"embeddable":true,"href":"https:\/\/sol.fm.br\/radio\/wp-json\/wp\/v2\/comments?post=60255"}],"version-history":[{"count":1,"href":"https:\/\/sol.fm.br\/radio\/wp-json\/wp\/v2\/posts\/60255\/revisions"}],"predecessor-version":[{"id":60257,"href":"https:\/\/sol.fm.br\/radio\/wp-json\/wp\/v2\/posts\/60255\/revisions\/60257"}],"wp:featuredmedia":[{"embeddable":true,"href":"https:\/\/sol.fm.br\/radio\/wp-json\/wp\/v2\/media\/60256"}],"wp:attachment":[{"href":"https:\/\/sol.fm.br\/radio\/wp-json\/wp\/v2\/media?parent=60255"}],"wp:term":[{"taxonomy":"category","embeddable":true,"href":"https:\/\/sol.fm.br\/radio\/wp-json\/wp\/v2\/categories?post=60255"},{"taxonomy":"post_tag","embeddable":true,"href":"https:\/\/sol.fm.br\/radio\/wp-json\/wp\/v2\/tags?post=60255"}],"curies":[{"name":"wp","href":"https:\/\/api.w.org\/{rel}","templated":true}]}}