{"id":60258,"date":"2023-11-08T09:19:27","date_gmt":"2023-11-08T12:19:27","guid":{"rendered":"http:\/\/sol.fm.br\/radio\/?p=60258"},"modified":"2023-11-08T09:19:29","modified_gmt":"2023-11-08T12:19:29","slug":"sul-beleza-oferece-mais-de-60-horas-de-conteudo-especializado-para-atualizacao-profissional","status":"publish","type":"post","link":"https:\/\/sol.fm.br\/radio\/sul-beleza-oferece-mais-de-60-horas-de-conteudo-especializado-para-atualizacao-profissional\/","title":{"rendered":"Sul Beleza oferece mais de 60 horas de conte\u00fado especializado para atualiza\u00e7\u00e3o profissional"},"content":{"rendered":"<div id=\"dslc-theme-content\"><div id=\"dslc-theme-content-inner\"><p class=\"x_yiv8924537704ydpe2601a73yiv5685180818MsoNormal\" align=\"center\"><i>Com tem\u00e1ticas que abrangem todas as \u00e1reas da beleza, feira profissional re\u00fane programa\u00e7\u00e3o completa de palestras, workshops e workshows. Evento acontece at\u00e9 hoje, dia 7, na Fenac, em Novo Hamburgo<\/i><\/p>\n<p class=\"x_yiv8924537704ydpe2601a73yiv5685180818MsoNormal\">Al\u00e9m de apresentar lan\u00e7amentos, equipamentos, servi\u00e7os e tend\u00eancias, a\u00a0<b>8\u00aa Sul Beleza - Feira Profissional de Beleza, Est\u00e9tica e Bem-estar<\/b>\u00a0tem o prop\u00f3sito de proporcionar conhecimento especializado e forma\u00e7\u00e3o profissional. Para isso, o evento conta com uma programa\u00e7\u00e3o completa de palestras, workshops e workshows, abrangendo todas as \u00e1reas envolvidas no segmento. Destinada a trabalhadores, representantes, lojistas e distribuidores do setor, a feira acontece at\u00e9 hoje, dia 7 de novembro, na Fenac, em Novo Hamburgo.<\/p>\n<p class=\"x_yiv8924537704ydpe2601a73yiv5685180818MsoNormal\">Chamados de Espa\u00e7os de Conhecimento, as atividades promovidas no Palco Principal, Sala Multiuso, Arena Sul Beleza e Centro de Eventos buscam atender \u00e1reas como beleza, cabelos, est\u00e9tica, higiene pessoal, perfumaria, cosm\u00e9ticos e bem-estar. \u201c<em>Esses f\u00f3runs educacionais viabilizam o acesso a informa\u00e7\u00f5es de ponta, catalisando o crescimento, a inova\u00e7\u00e3o e a expertise daqueles que buscam o aperfei\u00e7oamento cont\u00ednuo\u201d<\/em>, destaca Yuri Mendes Ornellas, coordenador t\u00e9cnico nacional da DiColore, empresa que participa pela primeira vez da Sul Beleza.<\/p>\n<p class=\"x_yiv8924537704ydpe2601a73yiv5685180818MsoNormal\">Parte dos 70 expositores que comp\u00f5em esta edi\u00e7\u00e3o da feira, a DiColore promoveu dois workshows gratuitos sobre embelezamento capilar: o The Iluminatte e o Summer Collection, que aconteceram nos dias 5 e 6, respectivamente. Para Yuri, ambos os pain\u00e9is tinham como objetivo oferecer uma experi\u00eancia t\u00e9cnica de alto n\u00edvel. <em>\u201cEnquanto DiColore, digo que os participantes puderam conferir trabalhos de alt\u00edssima qualidade e uma diversidade de t\u00e9cnicas extremamente atualizadas\u201d<\/em>, pontua.<\/p>\n<p class=\"x_yiv8924537704ydpe2601a73yiv5685180818MsoNormal\">A enfermeira esteta e CEO da Warken Clinic, M\u00e1rcia Nunes da Silva Warken, entende que os visitantes buscam diversidade nos temas, assim como os procedimentos e t\u00e9cnicas mais comentados no momento: <em>\u201cOs palestrantes foram escolhidos a dedo atrav\u00e9s do seu perfil profissional e expertise na \u00e1rea, trazendo diversos assuntos de interesse do p\u00fablico. S\u00e3o profissionais de refer\u00eancia acad\u00eamica e cl\u00ednica e reconhecidos em suas \u00e1reas\u201d<\/em>, salienta. Respons\u00e1vel pela curadoria de palestras e workshops do evento, M\u00e1rcia diz que o setor est\u00e1 em evid\u00eancia, o que faz com que exista uma grande preocupa\u00e7\u00e3o com a beleza, bem-estar e apar\u00eancia.<\/p>\n<p class=\"x_yiv8924537704ydpe2601a73yiv5685180818MsoNormal\"><em>\u201cEssa preocupa\u00e7\u00e3o faz com que a \u00e1rea da beleza esteja em segundo lugar no ranking mundial em consumo de produtos e servi\u00e7os. Por isso, eventos como a Sul Beleza se fazem necess\u00e1rios para a amplia\u00e7\u00e3o de conhecimento, bem como para que os profissionais tenham acesso a marcas de produtos de alta qualidade por valores acess\u00edveis\u201d<\/em>, destaca.<\/p>\n<p class=\"x_yiv8924537704ydpe2601a73yiv5685180818MsoNormal\">A terapeuta Elenice Novello foi uma das milhares de pessoas que conferiram os pain\u00e9is de atualiza\u00e7\u00e3o profissional na Sul Beleza. Propriet\u00e1ria do sal\u00e3o Spazio K, de Caxias do Sul, Elenice participou da palestra Venda Mais Beleza, com o especialista Luiz Benevenuto: <em>\u201cEu achei a discuss\u00e3o maravilhosa, com muitos insights. Essa programa\u00e7\u00e3o de palestras como um todo \u00e9 muito importante para o crescimento do setor\u201d,<\/em> destaca.<\/p>\n<p class=\"x_yiv8924537704ydpe2601a73yiv5685180818MsoNormal\">Macrotend\u00eancias em penteados e maquiagem para noivas, tran\u00e7as Nag\u00f4 e suas diversidades, penteados masculinos criativos e tend\u00eancias para o universo das unhas s\u00e3o alguns dos temas que est\u00e3o sendo abordados nos Espa\u00e7os de Conhecimento durante os tr\u00eas dias de evento. Al\u00e9m disso, \u00e1reas como barbearia, maquiagem, colora\u00e7\u00e3o capilar, est\u00e9tica, entre outros, tamb\u00e9m est\u00e3o sendo debatidas pelos profissionais.\u00a0<\/p>\n<p class=\"x_yiv8924537704ydpe2601a73yiv5685180818MsoNormal\"><b>5\u00aa Batalha dos Barbeiros e 1\u00aa Batalha das Barbeiras re\u00fanem profissionais para competir pelo cintur\u00e3o nacional<\/b><\/p>\n<p class=\"x_yiv8924537704ydpe2601a73yiv5685180818MsoNormal\">Nesta ter\u00e7a-feira, 6 de novembro, a Batalha dos Barbeiros Brasil (BDB) movimentou a Sul Beleza reunindo profissionais de diversos munic\u00edpios do Rio Grande do Sul. Com o objetivo de mostrar que a barbearia \u00e9 um dos maiores movimentos est\u00e9ticos e culturais da atualidade, a competi\u00e7\u00e3o busca a valoriza\u00e7\u00e3o da profiss\u00e3o.<\/p>\n<p class=\"x_yiv8924537704ydpe2601a73yiv5685180818MsoNormal\">A novidade desta edi\u00e7\u00e3o foi a 1\u00aa Batalha das Barbeiras, na qual 20 participantes concorreram nas categorias \u201cCorte Tradicional\u201d e \u201cBarba\u201d. J\u00e1 na modalidade masculina, 60 participantes disputaram o cintur\u00e3o nas categorias \u201cDesenho\u201d, \u201cCorte Tradicional\u201d e \u201cBarba Express\u201d.<\/p>\n<p class=\"x_yiv8924537704ydpe2601a73yiv5685180818MsoNormal\">Para a idealizadora do projeto, Erica Nunes, a competi\u00e7\u00e3o \u00e9 um momento de troca muito importante entre os profissionais do setor. <em>\u201cQuando falamos de moda, n\u00e3o estamos falando apenas de um modo de se vestir, de pensar e se comportar. O corte de cabelo \u00e9 um dos primeiros artif\u00edcios para a busca da identidade\u201d,<\/em> enfatiza.<\/p>\n<p class=\"x_yiv8924537704ydpe2601a73yiv5685180818MsoNormal\">Assim, a Batalha dos Barbeiros teve como vencedores: na categoria Barba - Ramon Dias; na categoria Desenho - Felipe Ferreira; e na categoria Corte - Jeferson Kleovan K10. J\u00e1 a Batalha das Barbeiras consagrou Savanna Kaoma Barber no primeiro lugar de ambas as categorias existentes: Barba e Corte. A competi\u00e7\u00e3o contou ainda com a participa\u00e7\u00e3o de um j\u00fari de profissionais renomados no setor, incluindo a barbeira Ang\u00e9lica Ramona Rosa Luiz e a influenciadora Ingrid Rafaelle.<\/p>\n<p class=\"x_yiv8924537704ydpe2601a73yiv5685180818MsoNormal\"><b>SERVI\u00c7O<\/b><\/p>\n<p class=\"x_yiv8924537704ydpe2601a73yiv5685180818MsoNormal\"><b>Evento:<\/b>\u00a08\u00aa Sul Beleza \u2013 Feira Profissional de Beleza, Est\u00e9tica e Bem-estar<\/p>\n<p class=\"x_yiv8924537704ydpe2601a73yiv5685180818MsoNormal\"><b>Data:<\/b>\u00a005 a 07 de novembro de 2023 (domingo a ter\u00e7a-feira)<\/p>\n<p class=\"x_yiv8924537704ydpe2601a73yiv5685180818MsoNormal\"><b>Hor\u00e1rio:<\/b>\u00a010 \u00e0s 20 horas<\/p>\n<p class=\"x_yiv8924537704ydpe2601a73yiv5685180818MsoNormal\"><b>Local:<\/b>\u00a0Fenac - Novo Hamburgo\/RS\u00a0(Av. Na\u00e7\u00f5es Unidas, 3825).<\/p>\n<p class=\"x_yiv8924537704ydpe2601a73yiv5685180818MsoNormal\"><b>Ingresso:\u00a0<\/b>R$ 10,00, garantindo acesso aos tr\u00eas dias de Sul Beleza e a diversas palestras\u00a0gratuitas\u00a0do evento.<\/p>\n<p class=\"x_yiv8924537704ydpe2601a73yiv5685180818MsoNormal\"><b>Credenciamento:<\/b>\u00a0atrav\u00e9s do site\u00a0<a href=\"https:\/\/www.sulbeleza.com.br\/\" target=\"_blank\" rel=\"nofollow noopener noreferrer\" shape=\"rect\" data-auth=\"NotApplicable\" data-linkindex=\"0\">www.sulbeleza.com.br<\/a>. A feira \u00e9 destinada aos profissionais do setor. \u00c9 proibida a entrada de menores de 14 anos.<\/p>\n<p class=\"x_yiv8924537704ydpe2601a73yiv5685180818MsoNormal\"><b>Realiza\u00e7\u00e3o:<\/b>\u00a0Fenac Experi\u00eancias Conectam em parceria com o SINCA\/RS (Sindicato dos Sal\u00f5es de Barbeiros, Cabeleireiros, Institutos de Beleza e Similares no RS).<\/p>\n<p class=\"x_yiv8924537704ydpe2601a73yiv5685180818MsoNormal\"><b>Apresenta\u00e7\u00e3o:\u00a0<\/b>Sicredi Pioneira<b><\/b><\/p>\n<p class=\"x_yiv8924537704ydpe2601a73yiv5685180818MsoNormal\"><b>Apoio:<\/b>\u00a0SINDICABES (Sindicato dos Sal\u00f5es de Barbeiros, Cabeleireiros e Institutos de Beleza), Fecom\u00e9rcio RS, SEBRAE e Caravana Ga\u00facha.<\/p>\n<p class=\"x_yiv8924537704ydpe2601a73yiv5685180818MsoNormal\"><b>Mais informa\u00e7\u00f5es:<\/b>\u00a0acesse\u00a0<a href=\"https:\/\/www.sulbeleza.com.br\/\" target=\"_blank\" rel=\"nofollow noopener noreferrer\" shape=\"rect\" data-auth=\"NotApplicable\" data-linkindex=\"1\">www.sulbeleza.com.br<\/a>\u00a0e acompanhe nas redes sociais\u00a0<a href=\"http:\/\/www.facebook.com\/SulBeleza\" target=\"_blank\" rel=\"nofollow noopener noreferrer\" shape=\"rect\" data-auth=\"NotApplicable\" data-linkindex=\"2\">www.facebook.com\/SulBeleza<\/a>\u00a0e\u00a0<a href=\"http:\/\/www.instagram.com\/sulbeleza\" target=\"_blank\" rel=\"nofollow noopener noreferrer\" shape=\"rect\" data-auth=\"NotApplicable\" data-linkindex=\"3\">www.instagram.com\/sulbeleza<\/a>.<\/p>\n<hr \/>\n<h6><strong>Assessoria de Imprensa - Talenttare | Foto: Diego Soares<\/strong><\/h6>\n\n\n<center><iframe loading=\"lazy\" class=\"jmvplayer\" src=\"https:\/\/player.jmvstream.com\/lvw\/YYGWo5wfZuZ8fEW7Qoq1ISwhLSEDhU\" allowfullscreen allow=\"autoplay; fullscreen\" frameborder=\"0\" width=\"640\" height=\"360\" ><\/iframe><\/center>\n<\/div><\/div>","protected":false},"excerpt":{"rendered":"<p>Com tem\u00e1ticas que abrangem todas as \u00e1reas da beleza, feira profissional re\u00fane programa\u00e7\u00e3o completa de palestras, workshops e workshows. Evento acontece at\u00e9 hoje, dia 7, na Fenac, em Novo Hamburgo Al\u00e9m de apresentar lan\u00e7amentos, equipamentos, servi\u00e7os e tend\u00eancias, a\u00a08\u00aa Sul Beleza - Feira Profissional de Beleza, Est\u00e9tica e Bem-estar\u00a0tem o prop\u00f3sito de proporcionar conhecimento especializado [&hellip;]<\/p>\n","protected":false},"author":4,"featured_media":60259,"comment_status":"open","ping_status":"open","sticky":false,"template":"","format":"standard","meta":{"footnotes":""},"categories":[1],"tags":[],"class_list":["post-60258","post","type-post","status-publish","format-standard","has-post-thumbnail","hentry","category-sem-categoria"],"_links":{"self":[{"href":"https:\/\/sol.fm.br\/radio\/wp-json\/wp\/v2\/posts\/60258","targetHints":{"allow":["GET"]}}],"collection":[{"href":"https:\/\/sol.fm.br\/radio\/wp-json\/wp\/v2\/posts"}],"about":[{"href":"https:\/\/sol.fm.br\/radio\/wp-json\/wp\/v2\/types\/post"}],"author":[{"embeddable":true,"href":"https:\/\/sol.fm.br\/radio\/wp-json\/wp\/v2\/users\/4"}],"replies":[{"embeddable":true,"href":"https:\/\/sol.fm.br\/radio\/wp-json\/wp\/v2\/comments?post=60258"}],"version-history":[{"count":1,"href":"https:\/\/sol.fm.br\/radio\/wp-json\/wp\/v2\/posts\/60258\/revisions"}],"predecessor-version":[{"id":60260,"href":"https:\/\/sol.fm.br\/radio\/wp-json\/wp\/v2\/posts\/60258\/revisions\/60260"}],"wp:featuredmedia":[{"embeddable":true,"href":"https:\/\/sol.fm.br\/radio\/wp-json\/wp\/v2\/media\/60259"}],"wp:attachment":[{"href":"https:\/\/sol.fm.br\/radio\/wp-json\/wp\/v2\/media?parent=60258"}],"wp:term":[{"taxonomy":"category","embeddable":true,"href":"https:\/\/sol.fm.br\/radio\/wp-json\/wp\/v2\/categories?post=60258"},{"taxonomy":"post_tag","embeddable":true,"href":"https:\/\/sol.fm.br\/radio\/wp-json\/wp\/v2\/tags?post=60258"}],"curies":[{"name":"wp","href":"https:\/\/api.w.org\/{rel}","templated":true}]}}