{"id":60261,"date":"2023-11-08T09:27:13","date_gmt":"2023-11-08T12:27:13","guid":{"rendered":"http:\/\/sol.fm.br\/radio\/?p=60261"},"modified":"2023-11-08T09:27:14","modified_gmt":"2023-11-08T12:27:14","slug":"premio-inovar-contabil-2023-resultado-foi-apresentado-na-cerimonia-de-encerramento-da-xix-ccrs","status":"publish","type":"post","link":"https:\/\/sol.fm.br\/radio\/premio-inovar-contabil-2023-resultado-foi-apresentado-na-cerimonia-de-encerramento-da-xix-ccrs\/","title":{"rendered":"Pr\u00eamio Inovar Cont\u00e1bil 2023 - Resultado foi apresentado na cerim\u00f4nia de encerramento da XIX CCRS"},"content":{"rendered":"<div id=\"dslc-theme-content\"><div id=\"dslc-theme-content-inner\"><p class=\"x_yiv8715070760ydpe16028eeyiv4255000039MsoNormal\" align=\"center\">Re<i>sultado foi apresentado na cerim\u00f4nia de encerramento da XIX CCRS<\/i><\/p>\n<p class=\"x_yiv8715070760ydpe16028eeyiv4255000039MsoNormal\">A esperada final do Pr\u00eamio Inovar Cont\u00e1bil ocorreu na sexta-feira (27), \u00faltimo dia da XIX Conven\u00e7\u00e3o de Contabilidade do RS. Na quinta-feira, representantes dos 10 cases classificados na frase de sele\u00e7\u00e3o apresentaram seus trabalhos no Palco Inovar, montado no Pavilh\u00e3o E da Fundaparque.<\/p>\n<p class=\"x_yiv8715070760ydpe16028eeyiv4255000039MsoNormal\">Os projetos foram avaliados pela vice-presidente do CRCRS, Patr\u00edcia Arruda; conselheiro do CRCRS, Tairo Rolim Fracasso, e pela coordenadora do CRCRS Jovem, Karina Missel. E, no fim da manh\u00e3 de sexta, os finalistas foram conhecidos. S\u00e3o eles.<\/p>\n<ul type=\"disc\">\n<li class=\"x_yiv8715070760ydpe16028eeyiv4255000039MsoNormal\">Gest\u00e3o aplicada a escrit\u00f3rio de contabilidade - Jonas Franciel Spies<\/li>\n<li class=\"x_yiv8715070760ydpe16028eeyiv4255000039MsoNormal\">Design Thinking como solu\u00e7\u00e3o na gest\u00e3o de pessoas de escrit\u00f3rio cont\u00e1bil - Gabriela Maccarone Azambuja\u00a0<\/li>\n<li class=\"x_yiv8715070760ydpe16028eeyiv4255000039MsoNormal\">Licitacon: Mudan\u00e7a no patamar no Controle Externo e Social das Contrata\u00e7\u00f5es P\u00fablicas - Bruno Alex Londero\u00a0<\/li>\n<\/ul>\n<p class=\"x_yiv8715070760ydpe16028eeyiv4255000039MsoNormal\"><em>\u201cFoi uma miss\u00e3o muito dif\u00edcil escolher os tr\u00eas melhores. Tivemos 10 cases de sucesso que tiveram a coragem de se apresentar aqui para a avalia\u00e7\u00e3o de quase dois mil contadores. Isso \u00e9 inspirador\u201d,<\/em> elogiou Karina.<\/p>\n<p class=\"x_yiv8715070760ydpe16028eeyiv4255000039MsoNormal\">A final consistiu na reapresenta\u00e7\u00e3o dos trabalhos finalistas para a avalia\u00e7\u00e3o do p\u00fablico, que decidiu quem ganharia os selos Ouro, Prata e Bronze por meio do voto popular. O resultado foi anunciado no encerramento. O p\u00fablico concedeu o 1\u00ba lugar ao trabalho de Jonas Franciel Spies, o 2\u00ba a Gabriela Maccarone Azambuja e o 3\u00ba para Bruno Alex Londero.<\/p>\n<p class=\"x_yiv8715070760ydpe16028eeyiv4255000039MsoNormal\">\u00a0<\/p>\n<p class=\"x_yiv8715070760ydpe16028eeyiv4255000039MsoNormal\">Confira, abaixo, uma pequena sinopse do trabalho realizado pelos vencedores e demais concorrentes:\u00a0<\/p>\n<p class=\"x_yiv8715070760ydpe16028eeyiv4255000039MsoNormal\"><b>Gest\u00e3o aplicada a escrit\u00f3rio de contabilidade - Jonas Franciel Spies<\/b><\/p>\n<p class=\"x_yiv8715070760ydpe16028eeyiv4255000039MsoNormal\">A Online Contabilidade e a Taille Consultoria criaram um sistema inovador de gest\u00e3o depois de enfrentar uma crise: apesar de o n\u00famero de clientes estar crescendo, os custos estavam aumentando e a lucratividade estava menor.<\/p>\n<p class=\"x_yiv8715070760ydpe16028eeyiv4255000039MsoNormal\"><em>\u201cA gente percebeu que o contador tem muita coisa para fazer, e decidimos criar uma ferramenta que desse uma dire\u00e7\u00e3o para onde o contador pudesse apontar a energia,\u00a0 quais s\u00e3o os pontos para ele acertar, para aumentar sua lucratividade. Com isso, a gente desenvolveu o sistema Taille, e desde que n\u00f3s come\u00e7amos a trabalhar, a Online Contabilidade aumentou bastante o lucro. Com isso, sobra mais para investir mais ainda nas pessoas, na performance com os clientes. E agora, come\u00e7amos a aplicar o Taille em outros escrit\u00f3rios tamb\u00e9m\u201d<\/em>, conta o empres\u00e1rio cont\u00e1bil Jonas Franciel Spies.<\/p>\n<p class=\"x_yiv8715070760ydpe16028eeyiv4255000039MsoNormal\"><b>Design Thinking como solu\u00e7\u00e3o na gest\u00e3o de pessoas de escrit\u00f3rio cont\u00e1bil - Gabriela Maccarone Azambuja\u00a0<\/b><\/p>\n<p class=\"x_yiv8715070760ydpe16028eeyiv4255000039MsoNormal\">Fundado em 1974, o Escrit\u00f3rio Azambuja viveu uma fase \u201ctr\u00e1gica\u201d no ano passado, segundo a diretora da empresa, Gabriela Maccarone Azambuja. Todos os funcion\u00e1rios pediram demiss\u00e3o ao mesmo tempo e fizeram quest\u00e3o de deixar claro que o problema da insatisfa\u00e7\u00e3o era ela. Mas em meio ao choque, a l\u00edder reagiu e resolveu usar o design thinking como uma ferramenta de gest\u00e3o de pessoas.<\/p>\n<p class=\"x_yiv8715070760ydpe16028eeyiv4255000039MsoNormal\"><em>\u201cEle tem v\u00e1rias fases: observa\u00e7\u00e3o, idea\u00e7\u00e3o e implementa\u00e7\u00e3o. Na fase da observa\u00e7\u00e3o eu fiz pesquisa de satisfa\u00e7\u00e3o, de empatia, entre outras pesquisas onde pude constatar todas as dores. Com isso, abriu-se uma janela de oportunidades. Demiti funcion\u00e1rios que n\u00e3o estavam agregando e contratei uma equipe multiprofissional. Fiz um planejamento estrat\u00e9gico com an\u00e1lise SWOT, Balanced Scorecard, Canvas, modelo de neg\u00f3cio, aumentei os sal\u00e1rios espontaneamente e, por \u00faltimo, decidi dar uma viagem programada para a equipe\u201d,<\/em> enumerou Gabriela.<\/p>\n<p class=\"x_yiv8715070760ydpe16028eeyiv4255000039MsoNormal\">Foi uma viagem vi\u00e1vel, com passeios gratuitos, almo\u00e7o no McDonald's e transporte barateado pelo desconto de um cliente. Na viagem, a equipe participou ce num game chamado Chave Mestra, um game de escape no qual para fugir de uma sala os participantes precisam colaborar entre si. O resultado foi al\u00e9m do esperado.<\/p>\n<p class=\"x_yiv8715070760ydpe16028eeyiv4255000039MsoNormal\"><em>\u201cFoi muito legal porque nos reestruturou enquanto equipe. As pessoas viram a sua import\u00e2ncia, viram que a uni\u00e3o faz a for\u00e7a, tamb\u00e9m ajudou muito na autoestima. E neste primeiro semestre de 2023, crescemos 25%, com 22 inscritos novas, n\u00e3o tive mais detra\u00e7\u00e3o de funcion\u00e1rios e nas pesquisas de satisfa\u00e7\u00e3o internas, recebi 100% de aprova\u00e7\u00e3o em fatores como ser um \u00f3timo lugar para se trabalhar, e que as pessoas se veem trabalhando ali no pr\u00f3ximo ano\u201d<\/em>, contou.<\/p>\n<p class=\"x_yiv8715070760ydpe16028eeyiv4255000039MsoNormal\"><b>Licitacon: Mudan\u00e7a no patamar no Controle Externo e Social das Contrata\u00e7\u00f5es P\u00fablicas - Bruno Alex Londero\u00a0<\/b><\/p>\n<p class=\"x_yiv8715070760ydpe16028eeyiv4255000039MsoNormal\">Licita\u00e7\u00f5es p\u00fablicas s\u00e3o processos muito volumosos, que envolviam muito papel e impunham dificuldade para a fiscaliza\u00e7\u00e3o identificar algum ponto de melhoria. Bem, eram. O Tribunal de Contas do Estado criou o Licitacon, um sistema que agiliza as contrata\u00e7\u00f5es p\u00fablicas.<\/p>\n<p class=\"x_yiv8715070760ydpe16028eeyiv4255000039MsoNormal\"><em>\u201cCom esse sistema, quase que em tempo real, a gente consegue identificar pontos de melhoria nas compras p\u00fablicas e informar os gestores, que na maioria das vezes j\u00e1 fazem as corre\u00e7\u00f5es, e as licita\u00e7\u00f5es seguem. Como vantagens, temos um incremento muito grande na economia do gasto p\u00fablico e tamb\u00e9m da transpar\u00eancia, porque esse sistema \u00e9 completamente aberto, qualquer cidad\u00e3o consegue consultar as compras da sua cidade, da sua C\u00e2mara de Vereadores, do estado do RS. Com base nisso, a gente come\u00e7a tamb\u00e9m a ter resultados no desenvolvimento do estado e dos munic\u00edpios, porque as pr\u00f3prias empresas, o setor de com\u00e9rcio, servi\u00e7os de obras, identifica o que est\u00e1 sendo prestado, v\u00ea o n\u00edvel de qualidade que est\u00e1 sendo exigido e acaba tendo tamb\u00e9m essa oportunidade de se inserir no mercado das contrata\u00e7\u00f5es p\u00fablicas\u201d<\/em>, conta o auditor do TCE Bruno Alex Londero.<\/p>\n<hr \/>\n<h6><strong>Assessora de Comunica\u00e7\u00e3o - Conselho Regional de Contabilidade do Rio Grande do Sul<\/strong><\/h6>\n\n\n<center><iframe loading=\"lazy\" class=\"jmvplayer\" src=\"https:\/\/player.jmvstream.com\/lvw\/YYGWo5wfZuZ8fEW7Qoq1ISwhLSEDhU\" allowfullscreen allow=\"autoplay; fullscreen\" frameborder=\"0\" width=\"640\" height=\"360\" ><\/iframe><\/center>\n<\/div><\/div>","protected":false},"excerpt":{"rendered":"<p>Resultado foi apresentado na cerim\u00f4nia de encerramento da XIX CCRS A esperada final do Pr\u00eamio Inovar Cont\u00e1bil ocorreu na sexta-feira (27), \u00faltimo dia da XIX Conven\u00e7\u00e3o de Contabilidade do RS. Na quinta-feira, representantes dos 10 cases classificados na frase de sele\u00e7\u00e3o apresentaram seus trabalhos no Palco Inovar, montado no Pavilh\u00e3o E da Fundaparque. Os projetos [&hellip;]<\/p>\n","protected":false},"author":4,"featured_media":60262,"comment_status":"open","ping_status":"open","sticky":false,"template":"","format":"standard","meta":{"footnotes":""},"categories":[1],"tags":[],"class_list":["post-60261","post","type-post","status-publish","format-standard","has-post-thumbnail","hentry","category-sem-categoria"],"_links":{"self":[{"href":"https:\/\/sol.fm.br\/radio\/wp-json\/wp\/v2\/posts\/60261","targetHints":{"allow":["GET"]}}],"collection":[{"href":"https:\/\/sol.fm.br\/radio\/wp-json\/wp\/v2\/posts"}],"about":[{"href":"https:\/\/sol.fm.br\/radio\/wp-json\/wp\/v2\/types\/post"}],"author":[{"embeddable":true,"href":"https:\/\/sol.fm.br\/radio\/wp-json\/wp\/v2\/users\/4"}],"replies":[{"embeddable":true,"href":"https:\/\/sol.fm.br\/radio\/wp-json\/wp\/v2\/comments?post=60261"}],"version-history":[{"count":1,"href":"https:\/\/sol.fm.br\/radio\/wp-json\/wp\/v2\/posts\/60261\/revisions"}],"predecessor-version":[{"id":60263,"href":"https:\/\/sol.fm.br\/radio\/wp-json\/wp\/v2\/posts\/60261\/revisions\/60263"}],"wp:featuredmedia":[{"embeddable":true,"href":"https:\/\/sol.fm.br\/radio\/wp-json\/wp\/v2\/media\/60262"}],"wp:attachment":[{"href":"https:\/\/sol.fm.br\/radio\/wp-json\/wp\/v2\/media?parent=60261"}],"wp:term":[{"taxonomy":"category","embeddable":true,"href":"https:\/\/sol.fm.br\/radio\/wp-json\/wp\/v2\/categories?post=60261"},{"taxonomy":"post_tag","embeddable":true,"href":"https:\/\/sol.fm.br\/radio\/wp-json\/wp\/v2\/tags?post=60261"}],"curies":[{"name":"wp","href":"https:\/\/api.w.org\/{rel}","templated":true}]}}