{"id":60264,"date":"2023-11-08T09:34:47","date_gmt":"2023-11-08T12:34:47","guid":{"rendered":"http:\/\/sol.fm.br\/radio\/?p=60264"},"modified":"2023-11-08T09:34:48","modified_gmt":"2023-11-08T12:34:48","slug":"retomada-do-ceitec-deve-impulsionar-setor-de-semicondutores-no-rs","status":"publish","type":"post","link":"https:\/\/sol.fm.br\/radio\/retomada-do-ceitec-deve-impulsionar-setor-de-semicondutores-no-rs\/","title":{"rendered":"Retomada do Ceitec deve impulsionar setor de semicondutores no RS"},"content":{"rendered":"<div id=\"dslc-theme-content\"><div id=\"dslc-theme-content-inner\"><p style=\"text-align: center;\"><em>Estrat\u00e9gia est\u00e1 alinhada ao programa Semicondutores RS, do governo estadual<\/em><\/p>\n<p dir=\"ltr\">O governo federal estabeleceu, na segunda-feira (6\/11), a retomada das atividades do Centro Nacional de Tecnologia Eletr\u00f4nica Avan\u00e7ada (Ceitec), localizado em Porto Alegre. Os trabalhos estavam suspensos h\u00e1 mais de dois anos, e a decis\u00e3o \u00e9 considerada uma oportunidade para alavancar a ind\u00fastria no Rio Grande do Sul.<\/p>\n<p dir=\"ltr\">O Ceitec produz chips, ativo essencial para diversos setores econ\u00f4micos, de alto potencial para integrar a pol\u00edtica de industrializa\u00e7\u00e3o com benef\u00edcios tribut\u00e1rios. <em>\u201cO privil\u00e9gio de ter a Ceitec em Porto Alegre nos capacitou de forma diferenciada no setor de semicondutores. A retomada marca um avan\u00e7o extremamente significativo para o objetivo de nos tornarmos refer\u00eancia no setor, tanto no Brasil quanto na Am\u00e9rica Latina\u201d<\/em>, destaca a titular da Secretaria de Inova\u00e7\u00e3o, Ci\u00eancia e Tecnologia (Sict), Simone St\u00fclp.<\/p>\n<p dir=\"ltr\">A retomada da unidade tamb\u00e9m dever\u00e1 gerar empregos diretos (para opera\u00e7\u00e3o da f\u00e1brica) e indiretos (para servi\u00e7os relacionados). O investimento do governo federal ser\u00e1 de R$ 110 milh\u00f5es para uso de novas tecnologias e recontrata\u00e7\u00e3o de funcion\u00e1rios, segundo a ministra da Ci\u00eancia, Tecnologia e Inova\u00e7\u00e3o, Luciana Santos.<\/p>\n<p dir=\"ltr\">O an\u00fancio \u00e9 um importante avan\u00e7o para a estrat\u00e9gia desenhada pelo governo do Estado, por meio da Sict, para o programa Semicondutores RS.<\/p>\n<p dir=\"ltr\"><strong>Semicondutores RS<\/strong><\/p>\n<p dir=\"ltr\">Oficializado em setembro deste ano, o Semicondutores RS deve investir R$ 70 milh\u00f5es no setor at\u00e9 2026. O programa prev\u00ea uma s\u00e9rie de medidas focadas em inova\u00e7\u00e3o e tecnologia para o desenvolvimento da cadeia de semicondutores no Estado, incluindo editais e incentivos fiscais.<\/p>\n<p dir=\"ltr\">Inicialmente, foi lan\u00e7ado o<a href=\"https:\/\/www.sict.rs.gov.br\/edital-inova-semicondutores-03-2023\" target=\"_blank\" rel=\"noopener\">\u00a0edital Inova Semicondutores<\/a>, com aporte de R$ 3 milh\u00f5es para forma\u00e7\u00e3o de projetistas de circuitos integrados. Atualmente, ocorre a fase de julgamento dos projetos.\u00a0<\/p>\n<p dir=\"ltr\">Em seguida, foi anunciado o<a href=\"https:\/\/fapergs.rs.gov.br\/edital-fapergs-06-2023-programa-techfuturo-semicondutores\" target=\"_blank\" rel=\"noopener\">\u00a0edital Techfuturo Semicondutores<\/a>, da Funda\u00e7\u00e3o de Amparo \u00e0 Pesquisa do Estado do Rio Grande do Sul (Fapergs), vinculada \u00e0 Sict. Ser\u00e3o disponibilizados R$ 6 milh\u00f5es para at\u00e9 tr\u00eas projetos voltados \u00e0 forma\u00e7\u00e3o de redes de alto n\u00edvel de competitividade cient\u00edfica e tecnol\u00f3gica, integrando pesquisadores de universidades com empresas estabelecidas e startups. As submiss\u00f5es v\u00e3o at\u00e9 17 de novembro.<\/p>\n<p dir=\"ltr\"><strong>Evento em Bras\u00edlia<\/strong><\/p>\n<p dir=\"ltr\">O governador Eduardo Leite estar\u00e1 em Bras\u00edlia nesta ter\u00e7a-feira (7\/11), ao lado de Simone e de outros secret\u00e1rios de Estado, para o<a href=\"https:\/\/www.brasilinvestmentforum.com\/br\/pt.html\" target=\"_blank\" rel=\"noopener\">\u00a06\u00ba Brasil Investment Forum<\/a>. No evento, Leite participar\u00e1 do painel \u201cA constru\u00e7\u00e3o de uma nova ind\u00fastria\u201d, no qual abordar\u00e1 os avan\u00e7os do Rio Grande do Sul em inova\u00e7\u00e3o e outras \u00e1reas.<\/p>\n<hr \/>\n<h6 dir=\"ltr\"><strong>GOV RS | Texto: Ascom Sict | Edi\u00e7\u00e3o: Felipe Borges\/Secom\u00a0<\/strong><\/h6>\n\n\n<center><iframe loading=\"lazy\" class=\"jmvplayer\" src=\"https:\/\/player.jmvstream.com\/lvw\/YYGWo5wfZuZ8fEW7Qoq1ISwhLSEDhU\" allowfullscreen allow=\"autoplay; fullscreen\" frameborder=\"0\" width=\"640\" height=\"360\" ><\/iframe><\/center>\n<\/div><\/div>","protected":false},"excerpt":{"rendered":"<p>Estrat\u00e9gia est\u00e1 alinhada ao programa Semicondutores RS, do governo estadual O governo federal estabeleceu, na segunda-feira (6\/11), a retomada das atividades do Centro Nacional de Tecnologia Eletr\u00f4nica Avan\u00e7ada (Ceitec), localizado em Porto Alegre. Os trabalhos estavam suspensos h\u00e1 mais de dois anos, e a decis\u00e3o \u00e9 considerada uma oportunidade para alavancar a ind\u00fastria no Rio [&hellip;]<\/p>\n","protected":false},"author":4,"featured_media":60265,"comment_status":"open","ping_status":"open","sticky":false,"template":"","format":"standard","meta":{"footnotes":""},"categories":[1],"tags":[],"class_list":["post-60264","post","type-post","status-publish","format-standard","has-post-thumbnail","hentry","category-sem-categoria"],"_links":{"self":[{"href":"https:\/\/sol.fm.br\/radio\/wp-json\/wp\/v2\/posts\/60264","targetHints":{"allow":["GET"]}}],"collection":[{"href":"https:\/\/sol.fm.br\/radio\/wp-json\/wp\/v2\/posts"}],"about":[{"href":"https:\/\/sol.fm.br\/radio\/wp-json\/wp\/v2\/types\/post"}],"author":[{"embeddable":true,"href":"https:\/\/sol.fm.br\/radio\/wp-json\/wp\/v2\/users\/4"}],"replies":[{"embeddable":true,"href":"https:\/\/sol.fm.br\/radio\/wp-json\/wp\/v2\/comments?post=60264"}],"version-history":[{"count":1,"href":"https:\/\/sol.fm.br\/radio\/wp-json\/wp\/v2\/posts\/60264\/revisions"}],"predecessor-version":[{"id":60266,"href":"https:\/\/sol.fm.br\/radio\/wp-json\/wp\/v2\/posts\/60264\/revisions\/60266"}],"wp:featuredmedia":[{"embeddable":true,"href":"https:\/\/sol.fm.br\/radio\/wp-json\/wp\/v2\/media\/60265"}],"wp:attachment":[{"href":"https:\/\/sol.fm.br\/radio\/wp-json\/wp\/v2\/media?parent=60264"}],"wp:term":[{"taxonomy":"category","embeddable":true,"href":"https:\/\/sol.fm.br\/radio\/wp-json\/wp\/v2\/categories?post=60264"},{"taxonomy":"post_tag","embeddable":true,"href":"https:\/\/sol.fm.br\/radio\/wp-json\/wp\/v2\/tags?post=60264"}],"curies":[{"name":"wp","href":"https:\/\/api.w.org\/{rel}","templated":true}]}}