{"id":60317,"date":"2023-11-09T10:37:45","date_gmt":"2023-11-09T13:37:45","guid":{"rendered":"http:\/\/sol.fm.br\/radio\/?p=60317"},"modified":"2023-11-09T10:37:49","modified_gmt":"2023-11-09T13:37:49","slug":"inovacao-para-pequenos-negocios-foi-tema-de-palestra-na-cdl-em-taquara","status":"publish","type":"post","link":"https:\/\/sol.fm.br\/radio\/inovacao-para-pequenos-negocios-foi-tema-de-palestra-na-cdl-em-taquara\/","title":{"rendered":"Inova\u00e7\u00e3o para pequenos neg\u00f3cios foi tema de palestra na CDL em Taquara"},"content":{"rendered":"<div id=\"dslc-theme-content\"><div id=\"dslc-theme-content-inner\"><div>\n<div class=\"x_yiv3820588880ydpda9ba23byiv3790159832block-grid\">\n<div>\n<div class=\"x_yiv3820588880ydpda9ba23byiv3790159832col x_yiv3820588880ydpda9ba23byiv3790159832num12\">\n<div>\n<div>\n<div>\n<p style=\"text-align: center;\"><em>Especialista apontou meios para garantir a relev\u00e2ncia e a competitividade no mercado<\/em><\/p>\n<p>No dia 31 de outubro, a C\u00e2mara de Dirigentes Lojistas em Taquara promoveu uma palestra voltada para empreendedores e gestores locais, abordando o tema \"Inova\u00e7\u00e3o para Pequenos Neg\u00f3cios\". O evento iniciou \u00e0s 19h e contou com a presen\u00e7a de Gustavo Piardo dos Santos, gerente de Planejamento Estrat\u00e9gico do Sicredi.<\/p>\n<p>A palestra, foi uma iniciativa da CDL Sapiranga que atende aos empres\u00e1rios da cidade, e teve como objetivo oferecer conhecimento e ferramentas pr\u00e1ticas de inova\u00e7\u00e3o para pequenos neg\u00f3cios, capacitando empreendedores e gestores a lidar com os desafios do mercado contempor\u00e2neo. O convidado falou de estrat\u00e9gias de inova\u00e7\u00e3o, destacando a import\u00e2ncia da adapta\u00e7\u00e3o e criatividade para o sucesso dos pequenos neg\u00f3cios.<\/p>\n<hr \/>\n<h6><strong>PlayPress | CDL Sapiranga |\u00a0Reda\u00e7\u00e3o e Coordena\u00e7\u00e3o: Marcelo Matusiak | Foto: Divulga\u00e7\u00e3o<\/strong><\/h6>\n<\/div>\n<\/div>\n<\/div>\n<\/div>\n<\/div>\n<\/div>\n<\/div>\n\n\n<center><iframe loading=\"lazy\" class=\"jmvplayer\" src=\"https:\/\/player.jmvstream.com\/lvw\/YYGWo5wfZuZ8fEW7Qoq1ISwhLSEDhU\" allowfullscreen allow=\"autoplay; fullscreen\" frameborder=\"0\" width=\"640\" height=\"360\" ><\/iframe><\/center>\n<\/div><\/div>","protected":false},"excerpt":{"rendered":"<p>Especialista apontou meios para garantir a relev\u00e2ncia e a competitividade no mercado No dia 31 de outubro, a C\u00e2mara de Dirigentes Lojistas em Taquara promoveu uma palestra voltada para empreendedores e gestores locais, abordando o tema \"Inova\u00e7\u00e3o para Pequenos Neg\u00f3cios\". O evento iniciou \u00e0s 19h e contou com a presen\u00e7a de Gustavo Piardo dos Santos, [&hellip;]<\/p>\n","protected":false},"author":4,"featured_media":60318,"comment_status":"open","ping_status":"open","sticky":false,"template":"","format":"standard","meta":{"footnotes":""},"categories":[1],"tags":[],"class_list":["post-60317","post","type-post","status-publish","format-standard","has-post-thumbnail","hentry","category-sem-categoria"],"_links":{"self":[{"href":"https:\/\/sol.fm.br\/radio\/wp-json\/wp\/v2\/posts\/60317","targetHints":{"allow":["GET"]}}],"collection":[{"href":"https:\/\/sol.fm.br\/radio\/wp-json\/wp\/v2\/posts"}],"about":[{"href":"https:\/\/sol.fm.br\/radio\/wp-json\/wp\/v2\/types\/post"}],"author":[{"embeddable":true,"href":"https:\/\/sol.fm.br\/radio\/wp-json\/wp\/v2\/users\/4"}],"replies":[{"embeddable":true,"href":"https:\/\/sol.fm.br\/radio\/wp-json\/wp\/v2\/comments?post=60317"}],"version-history":[{"count":1,"href":"https:\/\/sol.fm.br\/radio\/wp-json\/wp\/v2\/posts\/60317\/revisions"}],"predecessor-version":[{"id":60319,"href":"https:\/\/sol.fm.br\/radio\/wp-json\/wp\/v2\/posts\/60317\/revisions\/60319"}],"wp:featuredmedia":[{"embeddable":true,"href":"https:\/\/sol.fm.br\/radio\/wp-json\/wp\/v2\/media\/60318"}],"wp:attachment":[{"href":"https:\/\/sol.fm.br\/radio\/wp-json\/wp\/v2\/media?parent=60317"}],"wp:term":[{"taxonomy":"category","embeddable":true,"href":"https:\/\/sol.fm.br\/radio\/wp-json\/wp\/v2\/categories?post=60317"},{"taxonomy":"post_tag","embeddable":true,"href":"https:\/\/sol.fm.br\/radio\/wp-json\/wp\/v2\/tags?post=60317"}],"curies":[{"name":"wp","href":"https:\/\/api.w.org\/{rel}","templated":true}]}}