{"id":60320,"date":"2023-11-09T10:40:10","date_gmt":"2023-11-09T13:40:10","guid":{"rendered":"http:\/\/sol.fm.br\/radio\/?p=60320"},"modified":"2023-11-09T10:40:11","modified_gmt":"2023-11-09T13:40:11","slug":"rs-tera-primeira-delegacia-especializada-de-combate-ao-trafico-de-armas","status":"publish","type":"post","link":"https:\/\/sol.fm.br\/radio\/rs-tera-primeira-delegacia-especializada-de-combate-ao-trafico-de-armas\/","title":{"rendered":"RS ter\u00e1 primeira delegacia especializada de combate ao tr\u00e1fico de armas"},"content":{"rendered":"<div id=\"dslc-theme-content\"><div id=\"dslc-theme-content-inner\"><p>A fim de fortalecer o combate ao crime organizado, a Secretaria da Seguran\u00e7a P\u00fablica (SSP) est\u00e1 trabalhando em conjunto com a Pol\u00edcia Civil para implementar a primeira delegacia especializada na investiga\u00e7\u00e3o de tr\u00e1fico de armas. A unidade vai entrar em opera\u00e7\u00e3o em 2024 e contar\u00e1 com ferramentas espec\u00edficas de rastreio de armamento e muni\u00e7\u00e3o.<\/p>\n<p>A delegacia especializada seguir\u00e1 o modelo de investiga\u00e7\u00e3o e cruzamento de dados j\u00e1 adotado pela Pol\u00edcia Federal e pela Receita Federal. <em>\"Por meio de um trabalho especializado, vamos intensificar ainda mais as a\u00e7\u00f5es de desarmamento dos grupos criminosos. Al\u00e9m da asfixia financeira e do combate incisivo ao tr\u00e1fico de drogas, tamb\u00e9m enfraqueceremos a circula\u00e7\u00e3o e a utiliza\u00e7\u00e3o de armas por parte dos criminosos\",<\/em> afirmou o secret\u00e1rio da Seguran\u00e7a P\u00fablica, Sandro Caron.<\/p>\n<p>O chefe da Pol\u00edcia Civil, delegado Fernando Sodr\u00e9, destacou a recente apreens\u00e3o de armas, a maior do ano no Estado, em a\u00e7\u00e3o realizada na ter\u00e7a-feira (7\/11), no bairro Santo Ant\u00f4nio, em Porto Alegre. Ao todo, 125 armas de diferentes tipos e calibres \u2013 entre elas, 55 fuzis \u2013 foram localizadas em uma resid\u00eancia.<em> \"Essa apreens\u00e3o refor\u00e7a a import\u00e2ncia de instalarmos, junto da SSP, uma delegacia especializada no rastreio e no mapeamento de armas\",<\/em> disse.<\/p>\n<hr \/>\n<h6><strong>GOV RS | Texto: Ascom SSP | Edi\u00e7\u00e3o: Secom | Foto: Divulga\u00e7\u00e3o Pol\u00edcia Civil<\/strong><\/h6>\n\n\n<center><iframe loading=\"lazy\" class=\"jmvplayer\" src=\"https:\/\/player.jmvstream.com\/lvw\/YYGWo5wfZuZ8fEW7Qoq1ISwhLSEDhU\" allowfullscreen allow=\"autoplay; fullscreen\" frameborder=\"0\" width=\"640\" height=\"360\" ><\/iframe><\/center>\n<\/div><\/div>","protected":false},"excerpt":{"rendered":"<p>A fim de fortalecer o combate ao crime organizado, a Secretaria da Seguran\u00e7a P\u00fablica (SSP) est\u00e1 trabalhando em conjunto com a Pol\u00edcia Civil para implementar a primeira delegacia especializada na investiga\u00e7\u00e3o de tr\u00e1fico de armas. A unidade vai entrar em opera\u00e7\u00e3o em 2024 e contar\u00e1 com ferramentas espec\u00edficas de rastreio de armamento e muni\u00e7\u00e3o. A [&hellip;]<\/p>\n","protected":false},"author":4,"featured_media":60321,"comment_status":"open","ping_status":"open","sticky":false,"template":"","format":"standard","meta":{"footnotes":""},"categories":[1],"tags":[],"class_list":["post-60320","post","type-post","status-publish","format-standard","has-post-thumbnail","hentry","category-sem-categoria"],"_links":{"self":[{"href":"https:\/\/sol.fm.br\/radio\/wp-json\/wp\/v2\/posts\/60320","targetHints":{"allow":["GET"]}}],"collection":[{"href":"https:\/\/sol.fm.br\/radio\/wp-json\/wp\/v2\/posts"}],"about":[{"href":"https:\/\/sol.fm.br\/radio\/wp-json\/wp\/v2\/types\/post"}],"author":[{"embeddable":true,"href":"https:\/\/sol.fm.br\/radio\/wp-json\/wp\/v2\/users\/4"}],"replies":[{"embeddable":true,"href":"https:\/\/sol.fm.br\/radio\/wp-json\/wp\/v2\/comments?post=60320"}],"version-history":[{"count":1,"href":"https:\/\/sol.fm.br\/radio\/wp-json\/wp\/v2\/posts\/60320\/revisions"}],"predecessor-version":[{"id":60322,"href":"https:\/\/sol.fm.br\/radio\/wp-json\/wp\/v2\/posts\/60320\/revisions\/60322"}],"wp:featuredmedia":[{"embeddable":true,"href":"https:\/\/sol.fm.br\/radio\/wp-json\/wp\/v2\/media\/60321"}],"wp:attachment":[{"href":"https:\/\/sol.fm.br\/radio\/wp-json\/wp\/v2\/media?parent=60320"}],"wp:term":[{"taxonomy":"category","embeddable":true,"href":"https:\/\/sol.fm.br\/radio\/wp-json\/wp\/v2\/categories?post=60320"},{"taxonomy":"post_tag","embeddable":true,"href":"https:\/\/sol.fm.br\/radio\/wp-json\/wp\/v2\/tags?post=60320"}],"curies":[{"name":"wp","href":"https:\/\/api.w.org\/{rel}","templated":true}]}}