{"id":60326,"date":"2023-11-09T10:45:25","date_gmt":"2023-11-09T13:45:25","guid":{"rendered":"http:\/\/sol.fm.br\/radio\/?p=60326"},"modified":"2023-11-09T10:45:26","modified_gmt":"2023-11-09T13:45:26","slug":"palacio-piratini-inicia-implantacao-do-plano-de-prevencao-e-protecao-contra-incendio","status":"publish","type":"post","link":"https:\/\/sol.fm.br\/radio\/palacio-piratini-inicia-implantacao-do-plano-de-prevencao-e-protecao-contra-incendio\/","title":{"rendered":"Pal\u00e1cio Piratini inicia implanta\u00e7\u00e3o do Plano de Preven\u00e7\u00e3o e Prote\u00e7\u00e3o contra Inc\u00eandio"},"content":{"rendered":"<div id=\"dslc-theme-content\"><div id=\"dslc-theme-content-inner\"><p>Foi oficializada no \u00faltimo m\u00eas a implanta\u00e7\u00e3o do Plano de Preven\u00e7\u00e3o e Prote\u00e7\u00e3o contra Inc\u00eandio (PPCI) do Pal\u00e1cio Piratini. O projeto, que j\u00e1 est\u00e1 em execu\u00e7\u00e3o, contempla as alas Governamental e Residencial e \u00e9 executado pelas empresas Arquium e RSB Solu\u00e7\u00f5es. A realiza\u00e7\u00e3o foi viabilizada pelo Minist\u00e9rio da Cultura e Governo Federal Uni\u00e3o e Reconstru\u00e7\u00e3o, por meio da Lei Federal de Incentivo \u00e0 Cultura.<\/p>\n<p>O projeto executivo do PPCI foi elaborado por servidores do Departamento de Conserva\u00e7\u00e3o e Mem\u00f3ria do Patrim\u00f4nio Cultural do Pal\u00e1cio Piratini a partir de an\u00e1lises e estudos t\u00e9cnicos. Um dos principais desafios ao longo da elabora\u00e7\u00e3o da proposta foi atender \u00e0s normas de seguran\u00e7a exigidas por lei sem agredir a edifica\u00e7\u00e3o hist\u00f3rica, que \u00e9 tombada nos \u00e2mbitos estadual e federal. A contrata\u00e7\u00e3o de duas empresas, sendo uma especializada em restauro e outra na realiza\u00e7\u00e3o de projetos de prote\u00e7\u00e3o contra inc\u00eandio, foi uma das formas de assegurar o correto cumprimento da legisla\u00e7\u00e3o e a salvaguarda da sede do Executivo.<\/p>\n<p><em>\u201cExiste uma exig\u00eancia do Instituto do Patrim\u00f4nio Hist\u00f3rico do Estado (Iphae) de que qualquer obra no Pal\u00e1cio Piratini seja tratada como obra de restauro, portanto, deve ser executada por uma empresa especializada. Por esse motivo, est\u00e1 no contrato que a empresa de restauro, a Arquium, ficar\u00e1 respons\u00e1vel por orientar e supervisionar a execu\u00e7\u00e3o de toda a obra\u201d,<\/em> explicou o arquiteto respons\u00e1vel, M\u00e1rcio Brum de Mello.<\/p>\n<p>Para proporcionar esse equil\u00edbrio, tamb\u00e9m foram necess\u00e1rias algumas adapta\u00e7\u00f5es t\u00e9cnicas. Em fun\u00e7\u00e3o das peculiaridades pr\u00f3prias de uma edifica\u00e7\u00e3o hist\u00f3rica, a implanta\u00e7\u00e3o de um meio de armazenamento de \u00e1gua para abastecer hidrantes e mangotinhos tornou-se invi\u00e1vel. Por esse motivo, algumas medidas compensat\u00f3rias foram propostas pelos t\u00e9cnicos e aprovadas pelo Corpo de Bombeiros, como a amplia\u00e7\u00e3o do n\u00famero de extintores de inc\u00eandio e a implanta\u00e7\u00e3o de um sistema de detec\u00e7\u00e3o e alarme de inc\u00eandio wireless que abrange todos os ambientes do edif\u00edcio.<\/p>\n<p>O projeto ainda considera a utiliza\u00e7\u00e3o de outras ferramentas extras de prote\u00e7\u00e3o. Em um dos pontos considerados mais vulner\u00e1veis a inc\u00eandios, na Ala Governamental, est\u00e1 prevista a instala\u00e7\u00e3o de bolas extintoras preenchidas com subst\u00e2ncia qu\u00edmica que evita a propaga\u00e7\u00e3o de chamas, com abrang\u00eancia de 360 graus. Tamb\u00e9m est\u00e1 programada a coloca\u00e7\u00e3o de um cabo detector de temperatura ao longo dos quatro pavimentos da Ala Governamental, que acionar\u00e1 uma central de alarme em caso de superaquecimento de qualquer ponto da estrutura el\u00e9trica, antecipando poss\u00edveis riscos.<\/p>\n<p>Para cobrir a \u00e1rea de 7 mil metros quadrados que comp\u00f5em as duas edifica\u00e7\u00f5es principais do Pal\u00e1cio Piratini, tamb\u00e9m ser\u00e3o instalados, ao todo, 108 extintores de inc\u00eandio, 424 placas de sinaliza\u00e7\u00e3o, 150 lumin\u00e1rias de emerg\u00eancia, 304 detectores pontuais e lineares de fuma\u00e7a, g\u00e1s e temperatura, al\u00e9m de 50 acionadores manuais e de 26 avisadores sonoros e visuais de alarme de inc\u00eandio. Em paralelo \u00e0s obras, ainda haver\u00e1 forma\u00e7\u00e3o de brigadistas e a cria\u00e7\u00e3o de um plano de emerg\u00eancia.<\/p>\n<p>O ato de assinatura dos contratos, que marcou o in\u00edcio oficial dos trabalhos, ocorreu no dia 20 de outubro e teve as presen\u00e7as do diretor do Pal\u00e1cio Piratini, Mateus Gomes, do presidente do Instituto Hist\u00f3rico e Geogr\u00e1fico do Rio Grande do Sul (IHGRGS), Miguel Frederico do Esp\u00edrito Santo, e de representantes das duas empresas respons\u00e1veis pela obra.<\/p>\n<p><strong>Projeto foi elaborado com o IHGRGS<\/strong><\/p>\n<p>A implanta\u00e7\u00e3o do Plano de Preven\u00e7\u00e3o e Prote\u00e7\u00e3o contra Inc\u00eandio (PPCI) do Pal\u00e1cio Piratini (Pronac 185355) foi viabilizada pelo Minist\u00e9rio da Cultura e Governo Federal Uni\u00e3o e Reconstru\u00e7\u00e3o por meio da Lei Federal de Incentivo \u00e0 Cultura e conta com os patroc\u00ednios de Gerdau e Banrisul Pagamento\/Vero e com o copatroc\u00ednio de Santander Brasil. O projeto cultural foi desenvolvido pelo Instituto Hist\u00f3rico e Geogr\u00e1fico do Rio Grande do Sul (IHGRGS), que desde 2016 mant\u00e9m com o Pal\u00e1cio um protocolo para realiza\u00e7\u00e3o de a\u00e7\u00f5es conjuntas voltadas para a prote\u00e7\u00e3o do patrim\u00f4nio tombado da sede do governo.<\/p>\n<p><em>\u201cCom a execu\u00e7\u00e3o do projeto de implanta\u00e7\u00e3o do plano de preven\u00e7\u00e3o contra inc\u00eandio no Pal\u00e1cio Piratini, o Instituto Hist\u00f3rico e Geogr\u00e1fico do Rio Grande do Sul reafirma um de seus mais importantes pap\u00e9is na sociedade, a defesa do patrim\u00f4nio cultural do nosso Estado. Salvaguardar o Pal\u00e1cio Piratini \u00e9 proteger n\u00e3o somente uma edifica\u00e7\u00e3o centen\u00e1ria, o que j\u00e1 seria relevante, mas tamb\u00e9m proteger a mem\u00f3ria do Rio Grande do Sul, da sede dos acontecimentos e decis\u00f5es pol\u00edticas ao longo da nossa hist\u00f3ria\u201d,<\/em> avaliou o presidente do IHGRGS, Miguel Frederico do Esp\u00edrito Santo.<\/p>\n<p>Entre as contrapartidas do IHGRGS previstas no projeto est\u00e1 a realiza\u00e7\u00e3o de um minicurso que vai tratar sobre prote\u00e7\u00e3o contra danos e a\u00e7\u00f5es de conserva\u00e7\u00e3o no Pal\u00e1cio Piratini e de seus bens integrados. A forma\u00e7\u00e3o ser\u00e1 ofertada a todos os interessados no in\u00edcio e no final do projeto, com datas e hor\u00e1rios que ser\u00e3o divulgados oportunamente. O objetivo da atividade \u00e9 convidar e sensibilizar o p\u00fablico para a participa\u00e7\u00e3o nas a\u00e7\u00f5es de preserva\u00e7\u00e3o do pal\u00e1cio.<\/p>\n<hr \/>\n<h6><strong>GOV RS | Texto: Ascom Pal\u00e1cio Piratini | Edi\u00e7\u00e3o: Secom | Foto: Gustavo Mansur\/Secom<\/strong><\/h6>\n\n\n<center><iframe loading=\"lazy\" class=\"jmvplayer\" src=\"https:\/\/player.jmvstream.com\/lvw\/YYGWo5wfZuZ8fEW7Qoq1ISwhLSEDhU\" allowfullscreen allow=\"autoplay; fullscreen\" frameborder=\"0\" width=\"640\" height=\"360\" ><\/iframe><\/center>\n<\/div><\/div>","protected":false},"excerpt":{"rendered":"<p>Foi oficializada no \u00faltimo m\u00eas a implanta\u00e7\u00e3o do Plano de Preven\u00e7\u00e3o e Prote\u00e7\u00e3o contra Inc\u00eandio (PPCI) do Pal\u00e1cio Piratini. O projeto, que j\u00e1 est\u00e1 em execu\u00e7\u00e3o, contempla as alas Governamental e Residencial e \u00e9 executado pelas empresas Arquium e RSB Solu\u00e7\u00f5es. A realiza\u00e7\u00e3o foi viabilizada pelo Minist\u00e9rio da Cultura e Governo Federal Uni\u00e3o e Reconstru\u00e7\u00e3o, [&hellip;]<\/p>\n","protected":false},"author":4,"featured_media":60327,"comment_status":"open","ping_status":"open","sticky":false,"template":"","format":"standard","meta":{"footnotes":""},"categories":[1],"tags":[],"class_list":["post-60326","post","type-post","status-publish","format-standard","has-post-thumbnail","hentry","category-sem-categoria"],"_links":{"self":[{"href":"https:\/\/sol.fm.br\/radio\/wp-json\/wp\/v2\/posts\/60326","targetHints":{"allow":["GET"]}}],"collection":[{"href":"https:\/\/sol.fm.br\/radio\/wp-json\/wp\/v2\/posts"}],"about":[{"href":"https:\/\/sol.fm.br\/radio\/wp-json\/wp\/v2\/types\/post"}],"author":[{"embeddable":true,"href":"https:\/\/sol.fm.br\/radio\/wp-json\/wp\/v2\/users\/4"}],"replies":[{"embeddable":true,"href":"https:\/\/sol.fm.br\/radio\/wp-json\/wp\/v2\/comments?post=60326"}],"version-history":[{"count":1,"href":"https:\/\/sol.fm.br\/radio\/wp-json\/wp\/v2\/posts\/60326\/revisions"}],"predecessor-version":[{"id":60328,"href":"https:\/\/sol.fm.br\/radio\/wp-json\/wp\/v2\/posts\/60326\/revisions\/60328"}],"wp:featuredmedia":[{"embeddable":true,"href":"https:\/\/sol.fm.br\/radio\/wp-json\/wp\/v2\/media\/60327"}],"wp:attachment":[{"href":"https:\/\/sol.fm.br\/radio\/wp-json\/wp\/v2\/media?parent=60326"}],"wp:term":[{"taxonomy":"category","embeddable":true,"href":"https:\/\/sol.fm.br\/radio\/wp-json\/wp\/v2\/categories?post=60326"},{"taxonomy":"post_tag","embeddable":true,"href":"https:\/\/sol.fm.br\/radio\/wp-json\/wp\/v2\/tags?post=60326"}],"curies":[{"name":"wp","href":"https:\/\/api.w.org\/{rel}","templated":true}]}}