{"id":60332,"date":"2023-11-09T10:57:10","date_gmt":"2023-11-09T13:57:10","guid":{"rendered":"http:\/\/sol.fm.br\/radio\/?p=60332"},"modified":"2023-11-09T10:57:12","modified_gmt":"2023-11-09T13:57:12","slug":"leite-e-governadores-do-cosud-pedem-ao-ministro-da-fazenda-ajustes-na-cobranca-da-divida-dos-estados-com-a-uniao","status":"publish","type":"post","link":"https:\/\/sol.fm.br\/radio\/leite-e-governadores-do-cosud-pedem-ao-ministro-da-fazenda-ajustes-na-cobranca-da-divida-dos-estados-com-a-uniao\/","title":{"rendered":"Leite e governadores do Cosud pedem ao ministro da Fazenda ajustes na cobran\u00e7a da d\u00edvida dos Estados com a Uni\u00e3o"},"content":{"rendered":"<div id=\"dslc-theme-content\"><div id=\"dslc-theme-content-inner\"><p>O governador Eduardo Leite esteve reunido nesta quarta-feira (8\/11) com o ministro da Fazenda, Fernando Haddad, em Bras\u00edlia, para discutir ajustes na cobran\u00e7a da d\u00edvida dos Estados com a Uni\u00e3o. Tamb\u00e9m estiveram na pauta pontos da proposta de reforma tribut\u00e1ria em tramita\u00e7\u00e3o no Congresso Nacional. O texto, que sofreu altera\u00e7\u00f5es no Senado, deve retornar para nova vota\u00e7\u00e3o na C\u00e2mara.<\/p>\n<p>Participaram do encontro os governadores Tarc\u00edsio de Freiras (SP), Jorginho Mello (SC), Cl\u00e1udio Castro (RJ), Carlos Massa Ratinho Junior (PR), e o vice-governador de Minas Gerais, Mateus Sim\u00f5es \u2013 o governador Romeu Zema est\u00e1 em miss\u00e3o internacional. Os Estados integram o Cons\u00f3rcio de Integra\u00e7\u00e3o Sul e Sudeste\u00a0(Cosud).<\/p>\n<p>O principal pedido dos governadores ao ministro \u00e9 a altera\u00e7\u00e3o nos indexadores da d\u00edvida dos Estados com a Uni\u00e3o. No modelo atual, os pagamentos, no final do RRF, ir\u00e3o passar de 10% da receita corrente l\u00edquida das unidades federativas, caso do Rio Grande do Sul. <em>\"Essa cobran\u00e7a compromete nossa capacidade de investir em pol\u00edticas p\u00fablicas e servi\u00e7os para a popula\u00e7\u00e3o. Por consequ\u00eancia, nos for\u00e7a a puxar o freio de m\u00e3o na colabora\u00e7\u00e3o para ajudar no desenvolvimento do pa\u00eds como um todo\"<\/em>, afirmou Leite.<\/p>\n<p>Hoje, os Estados pagam encargos iguais a Selic que se dividem em juros de 4% anuais que s\u00e3o pagos dentro das presta\u00e7\u00f5es e o restante vai para o saldo devedor dos contratos por meio do Coeficiente de Atualiza\u00e7\u00e3o Monet\u00e1ria (CAM).<\/p>\n<p><img loading=\"lazy\" decoding=\"async\" class=\"alignnone size-medium wp-image-60334 aligncenter\" src=\"http:\/\/sol.fm.br\/radio\/wp-content\/uploads\/2023\/11\/71-400x267.jpg\" alt=\"\" width=\"400\" height=\"267\" srcset=\"https:\/\/sol.fm.br\/radio\/wp-content\/uploads\/2023\/11\/71-400x267.jpg 400w, https:\/\/sol.fm.br\/radio\/wp-content\/uploads\/2023\/11\/71-768x512.jpg 768w, https:\/\/sol.fm.br\/radio\/wp-content\/uploads\/2023\/11\/71-600x400.jpg 600w, https:\/\/sol.fm.br\/radio\/wp-content\/uploads\/2023\/11\/71.jpg 800w\" sizes=\"auto, (max-width: 400px) 100vw, 400px\" \/><\/p>\n<p>Com isso, as d\u00edvidas sobem muito r\u00e1pido. No caso do Rio Grande do Sul, com um estoque de R$ 90 bilh\u00f5es, j\u00e1 se calcula uma alta de mais R$ 10 bilh\u00f5es no montante da d\u00edvida, por conta dessa regra envolvendo a indexa\u00e7\u00e3o com IPCA atrelado \u00e0 Selic. <em>\"Se n\u00e3o houver altera\u00e7\u00e3o, isso vai significar o sufocamento da capacidade de investimento de importantes Estados da federa\u00e7\u00e3o e, consequente, punir\u00e1 o pa\u00eds como um todo. Isso porque unidades federativas industrializadas e com participa\u00e7\u00e3o importante na economia nacional ficam cerceados de dar uma contribui\u00e7\u00e3o maior para o desenvolvimento do pa\u00eds\",<\/em> refor\u00e7ou o governador ga\u00facho.<\/p>\n<p>Tamb\u00e9m participaram do encontro secret\u00e1rios da Fazenda dos Estados presentes e o secret\u00e1rio do Tesouro Nacional, Rog\u00e9rio Ceron.<\/p>\n<p><strong>Sul e Sudeste defendem ajustes na reforma tribut\u00e1ria<\/strong><\/p>\n<p>Na sa\u00edda da reuni\u00e3o, os governadores atenderam \u00e0 imprensa e tamb\u00e9m comentaram a vota\u00e7\u00e3o da reforma tribut\u00e1ria em tramita\u00e7\u00e3o no Congresso. Os chefes de Executivos do Sul e Sudeste reafirmaram o consenso sobre a necessidade de uma reforma para simplifica\u00e7\u00e3o tribut\u00e1ria, mas criticaram pontos que consideram como fator de desequil\u00edbrio, com benef\u00edcios espec\u00edficos para determinadas regi\u00f5es. Entre esses pontos, foram mencionadas a divis\u00e3o do Fundo de Desenvolvimento Regional e a concess\u00e3o de novos incentivos \u00e0 zona franca de Manaus e \u00e0 produ\u00e7\u00e3o de ve\u00edculos automotores \u00e0 combust\u00e3o.<\/p>\n<p><em>\"O Brasil precisa se desenvolver por inteiro e n\u00e3o gerar ilhas de prosperidade. A reforma tribut\u00e1ria como est\u00e1 n\u00e3o pode ser aprovada no Senado. Queremos a reforma, sim, mas n\u00e3o podemos permitir que a Constitui\u00e7\u00e3o preveja benef\u00edcios, vantagens e diferen\u00e7as t\u00e3o grandes entre as regi\u00f5es\"<\/em>, afirmou Leite.<\/p>\n<hr \/>\n<h6><strong>GOV RS | Texto: Carlos Ismael Moreira\/Secom | Edi\u00e7\u00e3o: Camila Cargnelutti\/Secom | Foto: Maur\u00edcio Tonetto\/Secom<\/strong><\/h6>\n\n\n<center><iframe loading=\"lazy\" class=\"jmvplayer\" src=\"https:\/\/player.jmvstream.com\/lvw\/YYGWo5wfZuZ8fEW7Qoq1ISwhLSEDhU\" allowfullscreen allow=\"autoplay; fullscreen\" frameborder=\"0\" width=\"640\" height=\"360\" ><\/iframe><\/center>\n<\/div><\/div>","protected":false},"excerpt":{"rendered":"<p>O governador Eduardo Leite esteve reunido nesta quarta-feira (8\/11) com o ministro da Fazenda, Fernando Haddad, em Bras\u00edlia, para discutir ajustes na cobran\u00e7a da d\u00edvida dos Estados com a Uni\u00e3o. Tamb\u00e9m estiveram na pauta pontos da proposta de reforma tribut\u00e1ria em tramita\u00e7\u00e3o no Congresso Nacional. O texto, que sofreu altera\u00e7\u00f5es no Senado, deve retornar para [&hellip;]<\/p>\n","protected":false},"author":4,"featured_media":60333,"comment_status":"open","ping_status":"open","sticky":false,"template":"","format":"standard","meta":{"footnotes":""},"categories":[1],"tags":[],"class_list":["post-60332","post","type-post","status-publish","format-standard","has-post-thumbnail","hentry","category-sem-categoria"],"_links":{"self":[{"href":"https:\/\/sol.fm.br\/radio\/wp-json\/wp\/v2\/posts\/60332","targetHints":{"allow":["GET"]}}],"collection":[{"href":"https:\/\/sol.fm.br\/radio\/wp-json\/wp\/v2\/posts"}],"about":[{"href":"https:\/\/sol.fm.br\/radio\/wp-json\/wp\/v2\/types\/post"}],"author":[{"embeddable":true,"href":"https:\/\/sol.fm.br\/radio\/wp-json\/wp\/v2\/users\/4"}],"replies":[{"embeddable":true,"href":"https:\/\/sol.fm.br\/radio\/wp-json\/wp\/v2\/comments?post=60332"}],"version-history":[{"count":1,"href":"https:\/\/sol.fm.br\/radio\/wp-json\/wp\/v2\/posts\/60332\/revisions"}],"predecessor-version":[{"id":60335,"href":"https:\/\/sol.fm.br\/radio\/wp-json\/wp\/v2\/posts\/60332\/revisions\/60335"}],"wp:featuredmedia":[{"embeddable":true,"href":"https:\/\/sol.fm.br\/radio\/wp-json\/wp\/v2\/media\/60333"}],"wp:attachment":[{"href":"https:\/\/sol.fm.br\/radio\/wp-json\/wp\/v2\/media?parent=60332"}],"wp:term":[{"taxonomy":"category","embeddable":true,"href":"https:\/\/sol.fm.br\/radio\/wp-json\/wp\/v2\/categories?post=60332"},{"taxonomy":"post_tag","embeddable":true,"href":"https:\/\/sol.fm.br\/radio\/wp-json\/wp\/v2\/tags?post=60332"}],"curies":[{"name":"wp","href":"https:\/\/api.w.org\/{rel}","templated":true}]}}