{"id":60336,"date":"2023-11-09T11:01:28","date_gmt":"2023-11-09T14:01:28","guid":{"rendered":"http:\/\/sol.fm.br\/radio\/?p=60336"},"modified":"2023-11-09T11:01:30","modified_gmt":"2023-11-09T14:01:30","slug":"projetos-do-executivo-sobre-educacao-sao-encaminhados-para-a-assembleia","status":"publish","type":"post","link":"https:\/\/sol.fm.br\/radio\/projetos-do-executivo-sobre-educacao-sao-encaminhados-para-a-assembleia\/","title":{"rendered":"Projetos do Executivo sobre educa\u00e7\u00e3o s\u00e3o encaminhados para a Assembleia"},"content":{"rendered":"<div id=\"dslc-theme-content\"><div id=\"dslc-theme-content-inner\"><p>O governo do Estado protocolou na Assembleia Legislativa, na tarde desta quarta-feira (8\/11), cinco proposi\u00e7\u00f5es relacionadas \u00e0 educa\u00e7\u00e3o para aprecia\u00e7\u00e3o do parlamento. \u00c9 uma Proposta de Emenda \u00e0 Constitui\u00e7\u00e3o (PEC), um Projeto de Lei Complementar (PLC) e tr\u00eas projetos de lei (PL).<\/p>\n<p>O PLC e os PLs foram encaminhados em regime de urg\u00eancia, e passam a trancar a pauta de vota\u00e7\u00e3o em 30 dias. A PEC precisa de 33 votos (55 deputados, mas presidente s\u00f3 vota em caso de empate) em dois turnos de vota\u00e7\u00e3o para ser aprovada. \u00a0<\/p>\n<p>O governador Eduardo Leite destacou uma s\u00e9rie de medidas tomadas pelo Estado na gest\u00e3o atual e passada, com o intuito de aprimorar a educa\u00e7\u00e3o ga\u00facha, como o piso do magist\u00e9rio, a amplia\u00e7\u00e3o dos recursos para merenda e transportes, o investimento em obras de infraestrutura e a reforma de escolas. Ele destacou que, com as mudan\u00e7as encaminhadas \u00e0 Assembleia, a ideia \u00e9 focar na governan\u00e7a.<\/p>\n<p>\u201c<em>Chegou o momento de trabalhar na organiza\u00e7\u00e3o da gest\u00e3o da educa\u00e7\u00e3o no Estado. Por isso, vem a discuss\u00e3o sobre o Conselho de Educa\u00e7\u00e3o, vem a escolha dos diretores de escola, vem o Marco Legal da Educa\u00e7\u00e3o Ga\u00facha, o processo para a municipaliza\u00e7\u00e3o, um novo ensino, a educa\u00e7\u00e3o profissional e t\u00e9cnica do Estado\u201d<\/em>, disse o governador. <em>\u201cDepois de termos realizado uma s\u00e9rie de medidas em outras partes, nosso interesse, nesse momento, est\u00e1 na governan\u00e7a, na gest\u00e3o da educa\u00e7\u00e3o\u201d.<\/em><\/p>\n<p><em>\"S\u00e3o proposi\u00e7\u00f5es que visam melhorar a qualidade do ensino e a governan\u00e7a das escolas, beneficiando estudantes e servidores. Isso est\u00e1 dentro da proposta da gest\u00e3o estadual de dar prioridade para a educa\u00e7\u00e3o\"<\/em>, disse o secret\u00e1rio-chefe da Casa Civil, Artur Lemos.<\/p>\n<p>No fim de outubro, os projetos foram apresentados pelo governador Eduardo Leite a deputados da base em reuni\u00e3o no Pal\u00e1cio Piratini. A PEC prop\u00f5e altera\u00e7\u00f5es no texto para deixar a Constitui\u00e7\u00e3o Estadual mais pr\u00f3xima da Lei Federal 9.394\/1996 (Lei de Diretrizes e Bases da Educa\u00e7\u00e3o Nacional). Dessa forma, atende modifica\u00e7\u00f5es da legisla\u00e7\u00e3o federal e atualiza a Constitui\u00e7\u00e3o em raz\u00e3o do modelo federativo de divis\u00e3o de atua\u00e7\u00e3o no ensino.<\/p>\n<p>Para que o ensino se torne um efetivo vetor de desenvolvimento econ\u00f4mico e social, foi apresentado o PLC Marco Legal da Educa\u00e7\u00e3o Ga\u00facha. A proposta \u00e9 oriunda do parlamento, mas est\u00e1 sendo apresentada pelo Poder Executivo em observ\u00e2ncia \u00e0s normas constitucionais de compet\u00eancia legislativa.<\/p>\n<p>Ao longo de 2023, a Assembleia desenvolveu o projeto Movimento pela Educa\u00e7\u00e3o. Foram ouvidos especialistas e a sociedade. A partir dessa iniciativa, foi elaborado o Marco Legal, com o objetivo de promover a melhoria sist\u00eamica da qualidade do ensino em colabora\u00e7\u00e3o com os munic\u00edpios. O projeto de lei encaminhado busca criar pol\u00edticas p\u00fablicas robustas, compostas por metas e indicadores claros a serem perseguidos ao longo dos anos.<\/p>\n<p><strong>Ensino t\u00e9cnico<\/strong><\/p>\n<p>Entre os tr\u00eas PLs apresentados, est\u00e1 o que tem o objetivo de instituir a Pol\u00edtica Estadual de Educa\u00e7\u00e3o Profissional e T\u00e9cnica. A proposta altera a Lei 11.123, de 27\/1\/1998, que disp\u00f5e sobre a Educa\u00e7\u00e3o Profissional e criou a Superintend\u00eancia da Educa\u00e7\u00e3o Profissional. O projeto encaminhado moderniza a legisla\u00e7\u00e3o, promovendo a inclus\u00e3o produtiva dos estudantes, al\u00e9m de garantir a perenidade de uma modalidade de ensino estrat\u00e9gico para o governo.<\/p>\n<p>Conforme justificativa apresentada, no Brasil, apenas 11% das matr\u00edculas do Ensino M\u00e9dio da rede p\u00fablica s\u00e3o de Educa\u00e7\u00e3o Profissional. Como compara\u00e7\u00e3o, em pa\u00edses da Organiza\u00e7\u00e3o para a Coopera\u00e7\u00e3o e Desenvolvimento Econ\u00f4mico (OCDE) \u2013 que re\u00fane na\u00e7\u00f5es parceiras no est\u00edmulo ao progresso e com\u00e9rcio mundial \u2013, a propor\u00e7\u00e3o chega a 42%. Soma-se a isso o fato de que, dos jovens de 18 a 24 anos no Rio Grande do Sul, apenas 26,5% cursam o Ensino Superior, o que confirma a necessidade de refor\u00e7o no ensino t\u00e9cnico nessa faixa et\u00e1ria.<\/p>\n<p><strong>Gest\u00e3o democr\u00e1tica<\/strong><\/p>\n<p>Em vigor h\u00e1 quase tr\u00eas d\u00e9cadas, a Lei 10.576, de 14\/11\/1995, que disp\u00f5e sobre a Gest\u00e3o Democr\u00e1tica do Ensino P\u00fablico, necessita de atualiza\u00e7\u00e3o na medida em que normativas nacionais posteriores a tornaram obsoleta.<\/p>\n<p>Transforma\u00e7\u00f5es da sociedade, do servi\u00e7o p\u00fablico e dos sistemas de educa\u00e7\u00e3o nos \u00faltimos 25 anos demandam altera\u00e7\u00f5es substanciais no que consta na lei, de modo que o projeto agora encaminhado pelo Executivo prop\u00f5e a revoga\u00e7\u00e3o da Lei 10.576, estabelecendo novas diretrizes.<\/p>\n<p>A proposta estabelece as diretrizes gerais para Gest\u00e3o Pedag\u00f3gica, Gest\u00e3o Administrativa e Gest\u00e3o Financeira sob a perspectiva democr\u00e1tica, al\u00e9m de dispor sobre os pap\u00e9is de Conselhos Escolares. Outra novidade \u00e9 a elei\u00e7\u00e3o, pela comunidade escolar, da chapa diretiva (diretor e vice-diretor), por meio de vota\u00e7\u00e3o direta.<\/p>\n<p>Buscando tornar a gest\u00e3o das escolas estaduais ainda mais democr\u00e1tica, o projeto de lei prop\u00f5e o fortalecimento do papel do Conselho Escolar. O Conselho poder\u00e1 passar a constituir a unidade executora dos recursos estaduais direcionados \u00e0 unidade escolar, aprimorando os mecanismos de sele\u00e7\u00e3o que visam a qualificar os quadros em conson\u00e2ncia com a Base Nacional Comum de Compet\u00eancias do Diretor Escolar.<\/p>\n<p><strong>Conselho Estadual de Educa\u00e7\u00e3o<\/strong><\/p>\n<p>Outro projeto de lei encaminhado para a Assembleia prop\u00f5e alterar a Lei 9.672, de 19\/6\/1992, que disp\u00f5e sobre composi\u00e7\u00e3o, funcionamento e atribui\u00e7\u00f5es do Conselho Estadual de Educa\u00e7\u00e3o (CEEd). \u00c9 um \u00f3rg\u00e3o consultivo, normativo, fiscalizador e deliberativo do Sistema Estadual de Ensino. S\u00e3o sete integrantes de livre escolha do governador e 15 indicados por entidades representativas da comunidade escolar.<\/p>\n<p>A proposta visa \u00e0 reorganiza\u00e7\u00e3o da composi\u00e7\u00e3o do CEEd, propondo uma paridade na quantidade de membros indicados, sendo 10 por livre escolha do governador e 10 indicados pela comunidade escolar. Entre os conselheiros de livre escolha do chefe do Executivo, o projeto prev\u00ea que ao menos um conselheiro tenha forma\u00e7\u00e3o e experi\u00eancia em Educa\u00e7\u00e3o Especial e que ao menos um tenha forma\u00e7\u00e3o e experi\u00eancia em Educa\u00e7\u00e3o \u00cdnd\u00edgena.<\/p>\n<p>A reorganiza\u00e7\u00e3o administrativa pretende possibilitar, de maneira eficaz, a execu\u00e7\u00e3o das atividades, bem como facilitar a visualiza\u00e7\u00e3o da estrutura e das rela\u00e7\u00f5es hier\u00e1rquicas, garantindo maior efetividade nos processos decis\u00f3rios. A seguir, veja detalhamento das propostas apresentadas para aprecia\u00e7\u00e3o do parlamento.<\/p>\n<h3><strong>Proposi\u00e7\u00f5es encaminhadas para a Assembleia<\/strong><\/h3>\n<h4><strong>PROPOSTA DE EMENDA \u00c0 CONSTITUI\u00c7\u00c3O<\/strong><\/h4>\n<p>Principais objetivos:<\/p>\n<ul>\n<li>Adequar \u00e0 Lei de Diretrizes e Bases da Educa\u00e7\u00e3o (LDB) da educa\u00e7\u00e3o nacional de 1996 (Lei 9.394\/1996);<\/li>\n<li>Organizar a Rede Estadual para possibilitar melhores condi\u00e7\u00f5es de oferta de ensino;<\/li>\n<li>Viabilizar uma melhor governan\u00e7a da educa\u00e7\u00e3o oferecida no RS.<\/li>\n<\/ul>\n<p>Principais pontos modificados:<\/p>\n<ul>\n<li>Estabelece a garantia de \u201ceduca\u00e7\u00e3o b\u00e1sica obrigat\u00f3ria e gratuita dos quatro aos 17 anos\u201d, em vez de constar Ensino Fundamental;<\/li>\n<li>Cria a possibilidade de escolas com Ensino Fundamental apenas de Anos Iniciais ou apenas de Anos Finais;<\/li>\n<li>Projetos estrat\u00e9gicos da Secretaria da Educa\u00e7\u00e3o relacionados \u2013 Alfabetiza Tch\u00ea e Ensino M\u00e9dio em Tempo Integral;<\/li>\n<li>Inclus\u00e3o de men\u00e7\u00e3o para a forma\u00e7\u00e3o de profissionais especificamente para escolas do campo, comunidades ind\u00edgenas e quilombolas e educa\u00e7\u00e3o especial;<\/li>\n<li>Simplifica a reda\u00e7\u00e3o da oferta de educa\u00e7\u00e3o na zona rural, garantindo todas as etapas da Educa\u00e7\u00e3o B\u00e1sica;<\/li>\n<li>Outras simplifica\u00e7\u00f5es de reda\u00e7\u00f5es e atualiza\u00e7\u00f5es de termos.<br \/><a href=\"https:\/\/ww3.al.rs.gov.br\/legislativo\/ExibeProposicao\/tabid\/325\/SiglaTipo\/PEC\/NroProposicao\/299\/AnoProposicao\/2023\/Origem\/Px\/Default.aspx\" target=\"_blank\" rel=\"noopener\"><br \/>Link da PEC 299 2023: altera artigos 199, 211, 214, 215 e 216 da Constitui\u00e7\u00e3o do Estado<\/a>\n<div class=\"x_ContentPasted0\">\u00a0<\/div>\n<\/li>\n<\/ul>\n<h4><strong>PROJETO DE LEI COMPLEMENTAR<\/strong><\/h4>\n<p><strong>Marco Legal da Educa\u00e7\u00e3o Ga\u00facha<\/strong><\/p>\n<ul>\n<li>Projeto constru\u00eddo pela Assembleia Legislativa a partir das a\u00e7\u00f5es Educa\u00e7\u00e3o para o Desenvolvimento e Movimento pela Educa\u00e7\u00e3o.<\/li>\n<li>O Marco busca a retomada da qualidade do ensino ga\u00facho, transformando a educa\u00e7\u00e3o em efetivo vetor de desenvolvimento econ\u00f4mico e social.<\/li>\n<li>Fixa normas para a coopera\u00e7\u00e3o e a colabora\u00e7\u00e3o em mat\u00e9ria educacional entre Estados e munic\u00edpios, com vista \u00e0 implementa\u00e7\u00e3o de uma estrat\u00e9gia estadual.<br \/><br \/><a href=\"https:\/\/ww3.al.rs.gov.br\/legislativo\/ExibeProposicao\/tabid\/325\/SiglaTipo\/PLC\/NroProposicao\/517\/AnoProposicao\/2023\/Origem\/Px\/Default.aspx\" target=\"_blank\" rel=\"noopener\">Link do PLC 517\/2023: Marco Legal da Educa\u00e7\u00e3o Ga\u00facha<\/a><\/li>\n<\/ul>\n<h4><strong>PROJETOS DE LEI<\/strong><\/h4>\n<p><strong>PL Gest\u00e3o Democr\u00e1tica das Escolas Estaduais<\/strong><\/p>\n<p>Principal objetivo:<\/p>\n<ul>\n<li>Atualizar a lei para adequ\u00e1-la \u00e0 LDB e \u00e0s demais normativas posteriores a 1995<\/li>\n<\/ul>\n<p>Principais pontos modificados:<\/p>\n<ul>\n<li>Fortalecer o Conselho Escolar, com a representatividade administrativa;<\/li>\n<li>Processo seletivo de escolha do diretor: inclu\u00eddas etapas preliminares (com curso e prova) para os candidatos se habilitarem \u00e0 vota\u00e7\u00e3o direta;<\/li>\n<li>Autonomia financeira: Conselho Escolar passa a ser o \u00f3rg\u00e3o executor para recursos estaduais, assim como j\u00e1 ocorre com os recursos federais;<\/li>\n<li>Projetos estrat\u00e9gicos da Secretaria da Educa\u00e7\u00e3o relacionados: Agiliza, Li\u00e7\u00e3o de Casa, Tutoria Pedag\u00f3gica e Modelo de Gest\u00e3o das coordenadorias regionais de educa\u00e7\u00e3o (CRE).<\/li>\n<\/ul>\n<p>Etapas do processo seletivo de escolha do diretor:<\/p>\n<ul>\n<li>Etapa 1 - Curso Preparat\u00f3rio de 60 horas<\/li>\n<li>Etapa 2 - Prova de Conhecimento Espec\u00edfico<\/li>\n<li>Etapa 3 - Formaliza\u00e7\u00e3o da candidatura com Plano de Gest\u00e3o<\/li>\n<li>Etapa 4 - Indica\u00e7\u00e3o pela comunidade escolar da chapa diretiva (diretor e vice-diretor), por meio de vota\u00e7\u00e3o direta<\/li>\n<li>Etapa final - Posse oficializada a partir do plano de gest\u00e3o com metas educacionais<br \/><br \/><a href=\"https:\/\/ww3.al.rs.gov.br\/legislativo\/ExibeProposicao\/tabid\/325\/SiglaTipo\/PL\/NroProposicao\/519\/AnoProposicao\/2023\/Origem\/Px\/Default.aspx\" target=\"_blank\" rel=\"noopener\">Link do PL 519\/2023: Gest\u00e3o Democr\u00e1tica das Escolas Estaduais<\/a>\n<div class=\"x_ContentPasted0\">\u00a0<\/div>\n<\/li>\n<\/ul>\n<p><strong>PL Ensino Profissional e T\u00e9cnico<\/strong><\/p>\n<p>Principais destaques:<\/p>\n<ul>\n<li>Cria a Pol\u00edtica Estadual de Educa\u00e7\u00e3o Profissional e T\u00e9cnica (EPT) para assegurar a continuidade da pol\u00edtica de expans\u00e3o e de qualifica\u00e7\u00e3o da oferta de EPT no Estado;<\/li>\n<li>Estabelece as formas de oferta de Educa\u00e7\u00e3o Profissional e T\u00e9cnica (EPT) e do Curso Normal;<\/li>\n<li>Estabelece mecanismos participativos;<\/li>\n<li>Estabelece o dever da Secretaria da Educa\u00e7\u00e3o (Seduc) de fomentar e viabilizar a inclus\u00e3o produtiva e empregabilidade do estudante;<\/li>\n<li>Determina o monitoramento e avalia\u00e7\u00f5es peri\u00f3dicas dos cursos de EPT;<\/li>\n<li>Projetos estrat\u00e9gicos da Secretaria da Educa\u00e7\u00e3o relacionados: Ensino M\u00e9dio em Tempo Integral, Expans\u00e3o da EPT e do 5\u00ba Itiner\u00e1rio.<br \/><br \/><a href=\"https:\/\/ww3.al.rs.gov.br\/legislativo\/ExibeProposicao\/tabid\/325\/SiglaTipo\/PL\/NroProposicao\/520\/AnoProposicao\/2023\/Origem\/Px\/Default.aspx\" target=\"_blank\" rel=\"noopener\">Link do PL 520\/2023: Pol\u00edtica Estadual de Educa\u00e7\u00e3o Profissional e T\u00e9cnica\u00a0<\/a>\u00a0\n<div class=\"x_ContentPasted0\">\u00a0<\/div>\n<\/li>\n<\/ul>\n<p><strong>PL Conselho Estadual de Educa\u00e7\u00e3o<\/strong><\/p>\n<p>Principal objetivo:<\/p>\n<ul>\n<li>Criar paridade no Conselho Estadual de Educa\u00e7\u00e3o (CEEd) de modo a garantir maior equil\u00edbrio nas decis\u00f5es do conselho para dar celeridade \u00e0 implementa\u00e7\u00e3o das pol\u00edticas p\u00fablicas e execu\u00e7\u00e3o dos projetos estrat\u00e9gicos do governo.<\/li>\n<\/ul>\n<p>Principais pontos modificados:<\/p>\n<ul>\n<li>50% dos conselheiros de livre defini\u00e7\u00e3o do governador e 50% escolhidos a partir de lista tr\u00edplice;<\/li>\n<li>Pelo menos um conselheiro indicado pelo Executivo ter\u00e1 forma\u00e7\u00e3o e experi\u00eancia em Educa\u00e7\u00e3o Especial e um ter\u00e1 forma\u00e7\u00e3o e experi\u00eancia em Educa\u00e7\u00e3o Ind\u00edgena;<\/li>\n<li>Previs\u00e3o de perda de mandato precedida de processo administrativo (assegurados ao conselheiro o contradit\u00f3rio e a ampla defesa e conforme normas legais);<\/li>\n<li>Regra de transi\u00e7\u00e3o: v\u00e1lida a partir de 16 de abril de 2024, quando vencem os mandatos de 10 conselheiros, janela na qual ser\u00e3o feitos os ajustes para estabelecer a paridade;<\/li>\n<li>Composi\u00e7\u00e3o do CEEd passa de 21 para 20 conselheiros, sendo 10 indicados pelo Executivo e 10 indicados pelas entidades de \u00e2mbito estadual.<br \/><br \/><a href=\"https:\/\/ww3.al.rs.gov.br\/legislativo\/ExibeProposicao\/tabid\/325\/SiglaTipo\/PL\/NroProposicao\/518\/AnoProposicao\/2023\/Origem\/Px\/Default.aspx\" target=\"_blank\" rel=\"noopener\">Link do PL 518\/2023: disp\u00f5e sobre o Conselho Estadual de Educa\u00e7\u00e3o (CEEd)<\/a><\/li>\n<\/ul>\n<hr \/>\n<h6><strong>GOV RS | Texto: Ascom Casa Civil e Ascom Seduc | Edi\u00e7\u00e3o: Camila Cargnelutti\/Secom\u00a0<\/strong><\/h6>\n\n\n<center><iframe loading=\"lazy\" class=\"jmvplayer\" src=\"https:\/\/player.jmvstream.com\/lvw\/YYGWo5wfZuZ8fEW7Qoq1ISwhLSEDhU\" allowfullscreen allow=\"autoplay; fullscreen\" frameborder=\"0\" width=\"640\" height=\"360\" ><\/iframe><\/center>\n<\/div><\/div>","protected":false},"excerpt":{"rendered":"<p>O governo do Estado protocolou na Assembleia Legislativa, na tarde desta quarta-feira (8\/11), cinco proposi\u00e7\u00f5es relacionadas \u00e0 educa\u00e7\u00e3o para aprecia\u00e7\u00e3o do parlamento. \u00c9 uma Proposta de Emenda \u00e0 Constitui\u00e7\u00e3o (PEC), um Projeto de Lei Complementar (PLC) e tr\u00eas projetos de lei (PL). O PLC e os PLs foram encaminhados em regime de urg\u00eancia, e passam [&hellip;]<\/p>\n","protected":false},"author":4,"featured_media":60337,"comment_status":"open","ping_status":"open","sticky":false,"template":"","format":"standard","meta":{"footnotes":""},"categories":[1],"tags":[],"class_list":["post-60336","post","type-post","status-publish","format-standard","has-post-thumbnail","hentry","category-sem-categoria"],"_links":{"self":[{"href":"https:\/\/sol.fm.br\/radio\/wp-json\/wp\/v2\/posts\/60336","targetHints":{"allow":["GET"]}}],"collection":[{"href":"https:\/\/sol.fm.br\/radio\/wp-json\/wp\/v2\/posts"}],"about":[{"href":"https:\/\/sol.fm.br\/radio\/wp-json\/wp\/v2\/types\/post"}],"author":[{"embeddable":true,"href":"https:\/\/sol.fm.br\/radio\/wp-json\/wp\/v2\/users\/4"}],"replies":[{"embeddable":true,"href":"https:\/\/sol.fm.br\/radio\/wp-json\/wp\/v2\/comments?post=60336"}],"version-history":[{"count":1,"href":"https:\/\/sol.fm.br\/radio\/wp-json\/wp\/v2\/posts\/60336\/revisions"}],"predecessor-version":[{"id":60338,"href":"https:\/\/sol.fm.br\/radio\/wp-json\/wp\/v2\/posts\/60336\/revisions\/60338"}],"wp:featuredmedia":[{"embeddable":true,"href":"https:\/\/sol.fm.br\/radio\/wp-json\/wp\/v2\/media\/60337"}],"wp:attachment":[{"href":"https:\/\/sol.fm.br\/radio\/wp-json\/wp\/v2\/media?parent=60336"}],"wp:term":[{"taxonomy":"category","embeddable":true,"href":"https:\/\/sol.fm.br\/radio\/wp-json\/wp\/v2\/categories?post=60336"},{"taxonomy":"post_tag","embeddable":true,"href":"https:\/\/sol.fm.br\/radio\/wp-json\/wp\/v2\/tags?post=60336"}],"curies":[{"name":"wp","href":"https:\/\/api.w.org\/{rel}","templated":true}]}}