{"id":60342,"date":"2023-11-10T09:08:26","date_gmt":"2023-11-10T12:08:26","guid":{"rendered":"http:\/\/sol.fm.br\/radio\/?p=60342"},"modified":"2023-11-10T09:08:28","modified_gmt":"2023-11-10T12:08:28","slug":"reparasul-apresenta-oficina-modelo-com-demonstracoes-do-universo-de-reparacao-automotiva","status":"publish","type":"post","link":"https:\/\/sol.fm.br\/radio\/reparasul-apresenta-oficina-modelo-com-demonstracoes-do-universo-de-reparacao-automotiva\/","title":{"rendered":"Reparasul apresenta Oficina Modelo com demonstra\u00e7\u00f5es do universo de repara\u00e7\u00e3o automotiva"},"content":{"rendered":"<div id=\"dslc-theme-content\"><div id=\"dslc-theme-content-inner\"><p class=\"x_yiv6572129318ydpfbc7f171yiv6190797650MsoNormal\" align=\"center\"><i>Feira profissional acontece de 15 a 18 de novembro, na Fenac, em Novo Hamburgo\/RS<\/i><\/p>\n<p class=\"x_yiv6572129318ydpfbc7f171yiv6190797650MsoNormal\">Reunindo novidades de mais de 70 expositores, a\u00a0<b>Reparasul \u2013 Feira de Autope\u00e7as e Repara\u00e7\u00e3o Automotiva<\/b>\u00a0chega a sua quinta edi\u00e7\u00e3o, de 15 a 18 de novembro, na Fenac, em Novo Hamburgo\/RS. Al\u00e9m de gerar neg\u00f3cios e promover networking entre toda a cadeia do setor, o evento oferece espa\u00e7os com palestras e demonstra\u00e7\u00f5es gratuitas para capacitar e atualizar profissionais do segmento.\u00a0A feira profissional ser\u00e1 de quarta a sexta-feira das 15 \u00e0s 22 horas e s\u00e1bado das 9 \u00e0s 18 horas. O acesso ao evento \u00e9 gratuito para profissionais e interessados pelo setor mediante credenciamento, que j\u00e1 est\u00e1 aberto atrav\u00e9s do site\u00a0<a href=\"http:\/\/www.reparasul.com.br\/\" target=\"_blank\" rel=\"nofollow noopener noreferrer\" shape=\"rect\" data-auth=\"NotApplicable\" data-linkindex=\"0\">www.reparasul.com.br<\/a>.<\/p>\n<p class=\"x_yiv6572129318ydpfbc7f171yiv6190797650Default\">Para este ano, uma atra\u00e7\u00e3o que j\u00e1 \u00e9 tradicional na feira est\u00e1 novamente confirmada: a\u00a0<b>Oficina Modelo<\/b>. O espa\u00e7o apresentar\u00e1 uma\u00a0oficina\u00a0real, simulando situa\u00e7\u00f5es encontradas no dia a dia dos reparadores. No local, idealizado pela Nordeste Tintas, os visitantes poder\u00e3o acompanhar demonstra\u00e7\u00f5es de produtos e processos para melhor rentabilizar as opera\u00e7\u00f5es, otimizando custos e tamb\u00e9m a qualidade do reparo. A atividade acontecer\u00e1 em todos os dias da Reparasul e algumas atividades especificas ser\u00e3o divulgadas previamente para melhor aproveitamento do p\u00fablico.<\/p>\n<p class=\"x_yiv6572129318ydpfbc7f171yiv6190797650MsoPlainText\">Buscando apresentar as melhores solu\u00e7\u00f5es ao mercado de repara\u00e7\u00e3o, a Oficina Modelo ter\u00e1 uma estrutura ainda mais completa nesta edi\u00e7\u00e3o.<em> \u201cApresentaremos ferramentas inovadoras em funilaria, box de prepara\u00e7\u00e3o, sistema de lixamento aspirado, cabine de pintura, box de est\u00e9tica com a presen\u00e7a dos customizadores da Dimension Customs e outras atra\u00e7\u00f5es\u201d,<\/em> detalha Samuel Junior Scudiero, diretor da Nordeste Tintas. Ele ainda explica que o destaque fica por conta da cabine de pintura FLEX, da Orange Cabines, com piso totalmente gradeado para suportar at\u00e9 mesmo ve\u00edculos blindados e diferenciais importantes como queimador italiano de alta performance, quadro de comando completo, dumper sui\u00e7o de alta resist\u00eancia, entre outras caracter\u00edsticas, proporcionando mais produtividade e qualidade de pintura e entregando uma das melhores op\u00e7\u00f5es em cabine de pintura da atualidade.<\/p>\n<p class=\"x_yiv6572129318ydpfbc7f171yiv6190797650MsoPlainText\">Estar\u00e3o envolvidos mais de 25 profissionais de todas empresas parceiras do projeto, sendo elas: Nordeste Tintas, Akzonobel, Indasa, Orange Cabines, Colad, Dimensions Customs e Grupo Techpur. <em>\u201cVamos contar com especialistas em cada \u00e1rea da oficina e ser\u00e3o demonstradas t\u00e9cnicas avan\u00e7adas de reparo e as melhores tecnologias dispon\u00edveis em produtos e ferramentas para cada etapa de repara\u00e7\u00e3o. Na funilaria teremos a presen\u00e7a do mestre Kobayashi; j\u00e1 na prepara\u00e7\u00e3o e pintura ser\u00e1 a vez dos especialistas da Indasa e Sikkens; e no acabamento teremos a Dimension Customs, um dos principais customizadores do Brasil\u201d<\/em>, explica Scudiero.<\/p>\n<p class=\"x_yiv6572129318ydpfbc7f171yiv6190797650MsoNormal\">\u00c0 frente de algumas das demonstra\u00e7\u00f5es do espa\u00e7o estar\u00e1 Kazuhiko Kobayashi, japon\u00eas que trabalhou por muitos anos como Engenheiro de Desenvolvimento e Instrutor T\u00e9cnico na Honda Motors do Jap\u00e3o e, atualmente, \u00e9 propriet\u00e1rio da empresa Sprex Japan. Neste ano, Kobayashi explica que ser\u00e1 apresentada a t\u00e9cnica de reparo de pe\u00e7a de alum\u00ednio e de pl\u00e1stico. Ele lembra que o uso de materiais leves como alum\u00ednio e pl\u00e1stico na carroceria para aumentar a autonomia vem crescendo em autom\u00f3veis com motor a combust\u00e3o e nos eletrizados - e que para serem mais atraentes est\u00e3o usando novas cores na pintura. <em>\u201cPor isso, nesta edi\u00e7\u00e3o, ser\u00e3o demonstradas t\u00e9cnicas de chapea\u00e7\u00e3o de alum\u00ednio utilizando a M\u00e1quina de Solda MIG Comum Transformado e M\u00e1quinas de Solda de Pl\u00e1stico de Alta Qualidade. J\u00e1 na parte de pintura ser\u00e1 apresentado um sistema in\u00e9dito de ajuste de cor, que funciona no celular para facilitar o ajuste dos coloristas\u201d,<\/em> detalha Kobayashi.<\/p>\n<p class=\"x_yiv6572129318ydpfbc7f171yiv6190797650MsoPlainText\">O diretor da Nordeste Tintas ainda refor\u00e7a a import\u00e2ncia de uma feira como a Reparasul e de espa\u00e7os como a Oficina Modelo para o setor.<em> \u201c\u00c9 uma forma de fortalecer todo o segmento, incentivando a troca de conhecimento e o compartilhamento das melhores pr\u00e1ticas\u201d,<\/em> destaca. <em>\u201cNosso mercado de repara\u00e7\u00e3o e em especial as chapea\u00e7\u00f5es tem uma car\u00eancia hist\u00f3rica de iniciativas neste sentido, ent\u00e3o ter uma feira refer\u00eancia para o segmento permitindo acesso \u00e0s \u00faltimas tend\u00eancias em ferramentas, processos e produtos \u00e9 fundamental para evolu\u00e7\u00e3o de todo o setor\u201d<\/em>, complementa Scudiero.<\/p>\n<p><b>SERVI\u00c7O<\/b><b><\/b><\/p>\n<p><b>Evento:\u00a0<\/b>5\u00aa Reparasul \u2013 Feira de Autope\u00e7as e Repara\u00e7\u00e3o Automotiva<\/p>\n<p><b>Data:<\/b>\u00a015 a 18 de novembro de 2023 (quarta-feira a s\u00e1bado)<\/p>\n<p><b>Hor\u00e1rio:<\/b>\u00a0de quarta a sexta-feira (15, 16 e 17) das 15 \u00e0s 22 horas; e s\u00e1bado (18), das 9 \u00e0s 18 horas<\/p>\n<p><b>Local:<\/b>\u00a0Fenac - Novo Hamburgo\/RS<\/p>\n<p><b>Credenciamento:<\/b>\u00a0entrada gratuita mediante credenciamento atrav\u00e9s do site\u00a0<a href=\"http:\/\/www.reparasul.com.br\/\" target=\"_blank\" rel=\"nofollow noopener noreferrer\" shape=\"rect\" data-auth=\"NotApplicable\" data-linkindex=\"1\">www.reparasul.com.br<\/a>. A feira \u00e9 destinada aos profissionais do setor. \u00c9 proibida a entrada de menores de 14 anos.<\/p>\n<p><b>Realiza\u00e7\u00e3o:<\/b>\u00a0Fenac Experi\u00eancias Conectam<\/p>\n<p><b>Apresenta\u00e7\u00e3o:<\/b>\u00a0Sicredi Pioneira<\/p>\n<p class=\"x_yiv6572129318ydpfbc7f171yiv6190797650MsoNormal\"><b>Apoio:<\/b>\u00a0ABRAFILTROS (Associa\u00e7\u00e3o Brasileira das Empresas de Filtros e seus Sistemas Automotivos e Industriais), ARAVAT (Associa\u00e7\u00e3o dos Reparadores Automotivos do Vale do Taquari), ARERGS (Associa\u00e7\u00e3o das Retificadoras do Estado do Rio Grande do Sul), ASERV (Associa\u00e7\u00e3o Serrana das Empresas da Repara\u00e7\u00e3o Veicular), AutoRede Servi\u00e7os Automotivos, Instituto MV8, Instituto da Qualidade Automotiva (IQA), Microempa (Associa\u00e7\u00e3o das Empresas de Pequeno Porte do RS), SEBRAE (Servi\u00e7o Brasileiro de Apoio \u00e0s Micro e Pequenas Empresas), SIMECS (Sindicato das Ind\u00fastrias Metal\u00fargicas, Mec\u00e2nicas e de Material El\u00e9trico de Caxias do Sul) e SINDIREPA\/RS (Sindicato da Ind\u00fastria de Repara\u00e7\u00e3o de Ve\u00edculos e Acess\u00f3rios do Estado do Rio Grande do Sul).<\/p>\n<p><b>Mais informa\u00e7\u00f5es:<\/b>\u00a0acesse\u00a0<a href=\"https:\/\/www.reparasul.com.br\/\" target=\"_blank\" rel=\"nofollow noopener noreferrer\" shape=\"rect\" data-auth=\"NotApplicable\" data-linkindex=\"2\">www.reparasul.com.br<\/a> e acompanhe nas redes sociais <a href=\"http:\/\/www.facebook.com\/feirareparasul\" target=\"_blank\" rel=\"nofollow noopener noreferrer\" shape=\"rect\" data-auth=\"NotApplicable\" data-linkindex=\"3\">www.facebook.com\/feirareparasul<\/a>\u00a0e\u00a0<a href=\"http:\/\/www.instagram.com\/reparasul\" target=\"_blank\" rel=\"nofollow noopener noreferrer\" shape=\"rect\" data-auth=\"NotApplicable\" data-linkindex=\"4\">www.instagram.com\/reparasul<\/a>.<\/p>\n<hr \/>\n<h6 class=\"x_yiv6572129318ydpfbc7f171yiv6190797650MsoNormal\" aria-hidden=\"true\"><strong>Assessoria de Imprensa - Talenttare | Foto: Diego Soares<\/strong><\/h6>\n\n\n<center><iframe loading=\"lazy\" class=\"jmvplayer\" src=\"https:\/\/player.jmvstream.com\/lvw\/YYGWo5wfZuZ8fEW7Qoq1ISwhLSEDhU\" allowfullscreen allow=\"autoplay; fullscreen\" frameborder=\"0\" width=\"640\" height=\"360\" ><\/iframe><\/center>\n<\/div><\/div>","protected":false},"excerpt":{"rendered":"<p>Feira profissional acontece de 15 a 18 de novembro, na Fenac, em Novo Hamburgo\/RS Reunindo novidades de mais de 70 expositores, a\u00a0Reparasul \u2013 Feira de Autope\u00e7as e Repara\u00e7\u00e3o Automotiva\u00a0chega a sua quinta edi\u00e7\u00e3o, de 15 a 18 de novembro, na Fenac, em Novo Hamburgo\/RS. Al\u00e9m de gerar neg\u00f3cios e promover networking entre toda a cadeia [&hellip;]<\/p>\n","protected":false},"author":4,"featured_media":60343,"comment_status":"open","ping_status":"open","sticky":false,"template":"","format":"standard","meta":{"footnotes":""},"categories":[1],"tags":[],"class_list":["post-60342","post","type-post","status-publish","format-standard","has-post-thumbnail","hentry","category-sem-categoria"],"_links":{"self":[{"href":"https:\/\/sol.fm.br\/radio\/wp-json\/wp\/v2\/posts\/60342","targetHints":{"allow":["GET"]}}],"collection":[{"href":"https:\/\/sol.fm.br\/radio\/wp-json\/wp\/v2\/posts"}],"about":[{"href":"https:\/\/sol.fm.br\/radio\/wp-json\/wp\/v2\/types\/post"}],"author":[{"embeddable":true,"href":"https:\/\/sol.fm.br\/radio\/wp-json\/wp\/v2\/users\/4"}],"replies":[{"embeddable":true,"href":"https:\/\/sol.fm.br\/radio\/wp-json\/wp\/v2\/comments?post=60342"}],"version-history":[{"count":1,"href":"https:\/\/sol.fm.br\/radio\/wp-json\/wp\/v2\/posts\/60342\/revisions"}],"predecessor-version":[{"id":60344,"href":"https:\/\/sol.fm.br\/radio\/wp-json\/wp\/v2\/posts\/60342\/revisions\/60344"}],"wp:featuredmedia":[{"embeddable":true,"href":"https:\/\/sol.fm.br\/radio\/wp-json\/wp\/v2\/media\/60343"}],"wp:attachment":[{"href":"https:\/\/sol.fm.br\/radio\/wp-json\/wp\/v2\/media?parent=60342"}],"wp:term":[{"taxonomy":"category","embeddable":true,"href":"https:\/\/sol.fm.br\/radio\/wp-json\/wp\/v2\/categories?post=60342"},{"taxonomy":"post_tag","embeddable":true,"href":"https:\/\/sol.fm.br\/radio\/wp-json\/wp\/v2\/tags?post=60342"}],"curies":[{"name":"wp","href":"https:\/\/api.w.org\/{rel}","templated":true}]}}