{"id":60345,"date":"2023-11-10T09:12:22","date_gmt":"2023-11-10T12:12:22","guid":{"rendered":"http:\/\/sol.fm.br\/radio\/?p=60345"},"modified":"2023-11-10T09:12:25","modified_gmt":"2023-11-10T12:12:25","slug":"secretaria-da-saude-destina-r-45-milhoes-para-ampliar-fornecimento-de-orteses-proteses-e-meios-auxiliares-de-locomocao","status":"publish","type":"post","link":"https:\/\/sol.fm.br\/radio\/secretaria-da-saude-destina-r-45-milhoes-para-ampliar-fornecimento-de-orteses-proteses-e-meios-auxiliares-de-locomocao\/","title":{"rendered":"Secretaria da Sa\u00fade destina R$ 4,5 milh\u00f5es para ampliar fornecimento de \u00f3rteses, pr\u00f3teses e meios auxiliares de locomo\u00e7\u00e3o"},"content":{"rendered":"<div id=\"dslc-theme-content\"><div id=\"dslc-theme-content-inner\"><p>A secret\u00e1ria da Sa\u00fade, Arita Bergmann, assinou, nesta quinta-feira (9\/11), a Portaria 979\/2023. O documento define crit\u00e9rios para a destina\u00e7\u00e3o de R$ 4,5 milh\u00f5es de recursos do Tesouro do Estado, em car\u00e1ter excepcional e tempor\u00e1rio, para a amplia\u00e7\u00e3o do fornecimento de \u00f3rteses, pr\u00f3teses e meios auxiliares de locomo\u00e7\u00e3o (OPMs), por meio de servi\u00e7os habilitados no Rio Grande do Sul pelo Minist\u00e9rio da Sa\u00fade na especialidade de reabilita\u00e7\u00e3o f\u00edsica.<\/p>\n<p><em>\u201c\u00c9 um compromisso do governo priorizar pol\u00edticas p\u00fablicas voltadas \u00e0s pessoas com defici\u00eancia\u201d,<\/em> ressaltou Arita, que tamb\u00e9m reconheceu o esfor\u00e7o e o trabalho t\u00e9cnico da Secretaria da Sa\u00fade (SES) na formula\u00e7\u00e3o da portaria e nos crit\u00e9rios de repasse. Os quantitativos f\u00edsicos e os valores destinados aos servi\u00e7os habilitados levam em conta a propor\u00e7\u00e3o da produ\u00e7\u00e3o aprovada em 2022, a estimativa de acordo com o porte do servi\u00e7o e o n\u00famero de ingresso de novos pacientes.<\/p>\n<p>Para o deputado estadual Thiago Duarte, que participou de outras reuni\u00f5es na SES sobre financiamentos dos servi\u00e7os de habilita\u00e7\u00e3o f\u00edsica, a destina\u00e7\u00e3o dos recursos possibilitar\u00e1 maior autonomia dos pacientes atendidos pelos servi\u00e7os habilitados no Rio Grande do Sul. <em>\u201c\u00c9 gratificante receber essa not\u00edcia\u201d<\/em>, destacou Fabiana Erthal, gerente administrativa da Associa\u00e7\u00e3o de Assist\u00eancia \u00e0 Crian\u00e7a Deficiente (AACD) de Porto Alegre.<\/p>\n<p>O valor destinado a cada servi\u00e7o e o n\u00famero de procedimentos, assim como os procedimentos que ser\u00e3o complementados com o valor estadual, est\u00e3o dispon\u00edveis nos anexos da\u00a0<a href=\"https:\/\/admin.saude.rs.gov.br\/upload\/arquivos\/202311\/09181241-979.pdf\" target=\"_blank\" rel=\"noopener\">Portaria 979\/2023<\/a>. O documento deve ser publicado nos pr\u00f3ximos dias no Di\u00e1rio Oficial do Estado.<\/p>\n<hr \/>\n<h6><strong>GOV RS | Texto: Ascom SES | Edi\u00e7\u00e3o: Secom | Foto: Itamar Aguiar\/Ascom SES<\/strong><\/h6>\n\n\n<center><iframe loading=\"lazy\" class=\"jmvplayer\" src=\"https:\/\/player.jmvstream.com\/lvw\/YYGWo5wfZuZ8fEW7Qoq1ISwhLSEDhU\" allowfullscreen allow=\"autoplay; fullscreen\" frameborder=\"0\" width=\"640\" height=\"360\" ><\/iframe><\/center>\n<\/div><\/div>","protected":false},"excerpt":{"rendered":"<p>A secret\u00e1ria da Sa\u00fade, Arita Bergmann, assinou, nesta quinta-feira (9\/11), a Portaria 979\/2023. O documento define crit\u00e9rios para a destina\u00e7\u00e3o de R$ 4,5 milh\u00f5es de recursos do Tesouro do Estado, em car\u00e1ter excepcional e tempor\u00e1rio, para a amplia\u00e7\u00e3o do fornecimento de \u00f3rteses, pr\u00f3teses e meios auxiliares de locomo\u00e7\u00e3o (OPMs), por meio de servi\u00e7os habilitados no [&hellip;]<\/p>\n","protected":false},"author":4,"featured_media":60346,"comment_status":"open","ping_status":"open","sticky":false,"template":"","format":"standard","meta":{"footnotes":""},"categories":[1],"tags":[],"class_list":["post-60345","post","type-post","status-publish","format-standard","has-post-thumbnail","hentry","category-sem-categoria"],"_links":{"self":[{"href":"https:\/\/sol.fm.br\/radio\/wp-json\/wp\/v2\/posts\/60345","targetHints":{"allow":["GET"]}}],"collection":[{"href":"https:\/\/sol.fm.br\/radio\/wp-json\/wp\/v2\/posts"}],"about":[{"href":"https:\/\/sol.fm.br\/radio\/wp-json\/wp\/v2\/types\/post"}],"author":[{"embeddable":true,"href":"https:\/\/sol.fm.br\/radio\/wp-json\/wp\/v2\/users\/4"}],"replies":[{"embeddable":true,"href":"https:\/\/sol.fm.br\/radio\/wp-json\/wp\/v2\/comments?post=60345"}],"version-history":[{"count":1,"href":"https:\/\/sol.fm.br\/radio\/wp-json\/wp\/v2\/posts\/60345\/revisions"}],"predecessor-version":[{"id":60347,"href":"https:\/\/sol.fm.br\/radio\/wp-json\/wp\/v2\/posts\/60345\/revisions\/60347"}],"wp:featuredmedia":[{"embeddable":true,"href":"https:\/\/sol.fm.br\/radio\/wp-json\/wp\/v2\/media\/60346"}],"wp:attachment":[{"href":"https:\/\/sol.fm.br\/radio\/wp-json\/wp\/v2\/media?parent=60345"}],"wp:term":[{"taxonomy":"category","embeddable":true,"href":"https:\/\/sol.fm.br\/radio\/wp-json\/wp\/v2\/categories?post=60345"},{"taxonomy":"post_tag","embeddable":true,"href":"https:\/\/sol.fm.br\/radio\/wp-json\/wp\/v2\/tags?post=60345"}],"curies":[{"name":"wp","href":"https:\/\/api.w.org\/{rel}","templated":true}]}}