{"id":60348,"date":"2023-11-10T09:16:05","date_gmt":"2023-11-10T12:16:05","guid":{"rendered":"http:\/\/sol.fm.br\/radio\/?p=60348"},"modified":"2023-11-10T09:16:06","modified_gmt":"2023-11-10T12:16:06","slug":"portaria-prorroga-prazo-para-pedido-de-autorizacao-para-uso-de-areas-convertidas-do-bioma-pampa","status":"publish","type":"post","link":"https:\/\/sol.fm.br\/radio\/portaria-prorroga-prazo-para-pedido-de-autorizacao-para-uso-de-areas-convertidas-do-bioma-pampa\/","title":{"rendered":"Portaria prorroga prazo para pedido de autoriza\u00e7\u00e3o para uso de \u00e1reas convertidas do Bioma Pampa"},"content":{"rendered":"<div id=\"dslc-theme-content\"><div id=\"dslc-theme-content-inner\"><p style=\"text-align: center;\"><em>Especialista refor\u00e7a que agricultores que converteram \u00e1reas sem autoriza\u00e7\u00e3o do \u00f3rg\u00e3o ambiental podem solicitar autoriza\u00e7\u00e3o para o uso dessas \u00e1reas e o levantamento do embargo<\/em><\/p>\n<p>A Secretaria Estadual de Meio Ambiente e Infraestrutura do Rio Grande do Sul, em conjunto com a Fepam, editou a Portaria Conjunta n.\u00ba 28\/2020, autorizando o \u00f3rg\u00e3o ambiental a conceder autoriza\u00e7\u00e3o para utiliza\u00e7\u00e3o das \u00e1reas convertidas no Bioma Pampa ap\u00f3s o marco temporal estabelecido pelo C\u00f3digo Florestal. Essa portaria teve sua validade estendida pelas Portarias Conjuntas n.\u00ba 27\/2022, n.\u00ba 7\/2023 e agora novamente pela n.\u00ba 22\/2023, datada de 19 de outubro deste ano. Portanto, os agricultores que converteram \u00e1reas sem autoriza\u00e7\u00e3o do \u00f3rg\u00e3o ambiental podem solicitar autoriza\u00e7\u00e3o para o uso dessas \u00e1reas e o levantamento de qualquer embargo, se houver.<\/p>\n<p>De acordo com o advogado da HBS Advogados, Roberto Bastos Ghigino, no Rio Grande do Sul, devido \u00e0s particularidades do Bioma Pampa, algo que n\u00e3o ocorre em outros Estados, existe uma discuss\u00e3o legal sobre a convers\u00e3o de \u00e1reas rurais devido \u00e0 atividade pecu\u00e1ria. Somente \u00e1reas que tinham um uso alternativo do solo antes de 22 de julho de 2008 s\u00e3o consideradas \u00e1reas rurais consolidadas. O que sobra nas \u00e1reas \u00e9 considerado vegeta\u00e7\u00e3o nativa remanescente e, portanto, requer uma autoriza\u00e7\u00e3o do \u00f3rg\u00e3o ambiental para ser convertido.<\/p>\n<p>O especialista salienta que muitos agricultores est\u00e3o sendo multados e suas \u00e1reas est\u00e3o sendo embargadas porque converteram \u00e1reas de vegeta\u00e7\u00e3o nativa sem a devida licen\u00e7a ambiental. <em>\"Para isso, eles devem cumprir as porcentagens de reserva legal e \u00e1reas de preserva\u00e7\u00e3o permanente e, se necess\u00e1rio, demonstrar ades\u00e3o ao Programa de Regulariza\u00e7\u00e3o Ambiental (PRA). \u00c9 importante ressaltar que a Portaria n.\u00ba 22\/2023, al\u00e9m de prorrogar a validade da Portaria n.\u00ba 28\/2020, alterou o artigo 5\u00ba, agora exigindo a apresenta\u00e7\u00e3o de um Projeto de Recupera\u00e7\u00e3o de \u00c1reas Degradadas (PRAD) nos casos em que houver suspeita de danos em \u00e1reas de preserva\u00e7\u00e3o permanente ou de reserva legal.\"<\/em><\/p>\n<p>Al\u00e9m disso, conforme Ghigino, a recente Portaria n.\u00ba 149 da Secretaria Estadual de Meio Ambiente e Infraestrutura, emitida em 06 de outubro deste ano, \u00e9 de grande import\u00e2ncia. Ela possibilita a suspens\u00e3o do embargo das \u00e1reas para agricultores que, antes de serem autuados pela infra\u00e7\u00e3o ambiental, apresentem um projeto de recupera\u00e7\u00e3o ambiental ou de regulariza\u00e7\u00e3o ao \u00f3rg\u00e3o ambiental competente.<\/p>\n<hr \/>\n<h6><strong>AgroEffective | Assessoria de Comunica\u00e7\u00e3o da HBS Advogados | Foto: Divulga\u00e7\u00e3o | Texto: Nestor Tipa J\u00fanior\/AgroEffective<\/strong><\/h6>\n\n\n<center><iframe loading=\"lazy\" class=\"jmvplayer\" src=\"https:\/\/player.jmvstream.com\/lvw\/YYGWo5wfZuZ8fEW7Qoq1ISwhLSEDhU\" allowfullscreen allow=\"autoplay; fullscreen\" frameborder=\"0\" width=\"640\" height=\"360\" ><\/iframe><\/center>\n<\/div><\/div>","protected":false},"excerpt":{"rendered":"<p>Especialista refor\u00e7a que agricultores que converteram \u00e1reas sem autoriza\u00e7\u00e3o do \u00f3rg\u00e3o ambiental podem solicitar autoriza\u00e7\u00e3o para o uso dessas \u00e1reas e o levantamento do embargo A Secretaria Estadual de Meio Ambiente e Infraestrutura do Rio Grande do Sul, em conjunto com a Fepam, editou a Portaria Conjunta n.\u00ba 28\/2020, autorizando o \u00f3rg\u00e3o ambiental a conceder [&hellip;]<\/p>\n","protected":false},"author":4,"featured_media":60349,"comment_status":"open","ping_status":"open","sticky":false,"template":"","format":"standard","meta":{"footnotes":""},"categories":[1],"tags":[],"class_list":["post-60348","post","type-post","status-publish","format-standard","has-post-thumbnail","hentry","category-sem-categoria"],"_links":{"self":[{"href":"https:\/\/sol.fm.br\/radio\/wp-json\/wp\/v2\/posts\/60348","targetHints":{"allow":["GET"]}}],"collection":[{"href":"https:\/\/sol.fm.br\/radio\/wp-json\/wp\/v2\/posts"}],"about":[{"href":"https:\/\/sol.fm.br\/radio\/wp-json\/wp\/v2\/types\/post"}],"author":[{"embeddable":true,"href":"https:\/\/sol.fm.br\/radio\/wp-json\/wp\/v2\/users\/4"}],"replies":[{"embeddable":true,"href":"https:\/\/sol.fm.br\/radio\/wp-json\/wp\/v2\/comments?post=60348"}],"version-history":[{"count":1,"href":"https:\/\/sol.fm.br\/radio\/wp-json\/wp\/v2\/posts\/60348\/revisions"}],"predecessor-version":[{"id":60350,"href":"https:\/\/sol.fm.br\/radio\/wp-json\/wp\/v2\/posts\/60348\/revisions\/60350"}],"wp:featuredmedia":[{"embeddable":true,"href":"https:\/\/sol.fm.br\/radio\/wp-json\/wp\/v2\/media\/60349"}],"wp:attachment":[{"href":"https:\/\/sol.fm.br\/radio\/wp-json\/wp\/v2\/media?parent=60348"}],"wp:term":[{"taxonomy":"category","embeddable":true,"href":"https:\/\/sol.fm.br\/radio\/wp-json\/wp\/v2\/categories?post=60348"},{"taxonomy":"post_tag","embeddable":true,"href":"https:\/\/sol.fm.br\/radio\/wp-json\/wp\/v2\/tags?post=60348"}],"curies":[{"name":"wp","href":"https:\/\/api.w.org\/{rel}","templated":true}]}}