{"id":60351,"date":"2023-11-10T09:19:29","date_gmt":"2023-11-10T12:19:29","guid":{"rendered":"http:\/\/sol.fm.br\/radio\/?p=60351"},"modified":"2023-11-10T09:19:31","modified_gmt":"2023-11-10T12:19:31","slug":"governador-palestra-em-forum-sobre-desenvolvimento-e-financiamento-da-economia-gaucha","status":"publish","type":"post","link":"https:\/\/sol.fm.br\/radio\/governador-palestra-em-forum-sobre-desenvolvimento-e-financiamento-da-economia-gaucha\/","title":{"rendered":"Governador palestra em f\u00f3rum sobre desenvolvimento e financiamento da economia ga\u00facha"},"content":{"rendered":"<div id=\"dslc-theme-content\"><div id=\"dslc-theme-content-inner\"><p>O governador Eduardo Leite palestrou na abertura do f\u00f3rum \u201cDesafios para o desenvolvimento e financiamento da economia ga\u00facha\u201d, na tarde desta quinta-feira (9\/11), no audit\u00f3rio do Minist\u00e9rio P\u00fablico do Rio Grande do Sul, em Porto Alegre.\u00a0Em sua fala, Leite enumerou as a\u00e7\u00f5es do governo estadual para recuperar e estimular a economia do Estado.<\/p>\n<p>Ele destacou investimentos em log\u00edstica, como a do Porto de Rio Grande, que teve o contrato de dragagem assinado em outubro. O governador explicou como as parcerias com empresas privadas viabilizam outros investimentos no Estado, citando o Impulsiona RS. Esse programa busca criar uma rede de parcerias p\u00fablico-privadas, a fim de visibilizar e proporcionar divulga\u00e7\u00e3o aos projetos e investimentos ga\u00fachos.<\/p>\n<p>Leite tamb\u00e9m falou sobre o papel do Rio Grande do Sul no setor de inova\u00e7\u00e3o. <em>\"As nossas startups t\u00eam tido destaque e o South Summit, que ter\u00e1 uma nova edi\u00e7\u00e3o em 2024 em Porto Alegre, coloca isso em evid\u00eancia\",<\/em> disse.<\/p>\n<p>O evento discutiu temas como o desenvolvimento econ\u00f4mico ga\u00facho e nacional, oportunidades de mercado e enfrentamentos para a constru\u00e7\u00e3o de programas de financiamento atraentes e eficazes.\u00a0O titular da Sedec, Ernani Polo, foi um dos painelistas, assim como o secret\u00e1rio de Log\u00edstica e Transportes, Juvir Costella. Tamb\u00e9m participaram nos pain\u00e9is presidentes de institui\u00e7\u00f5es p\u00fablicas e privadas e empres\u00e1rios.<\/p>\n<p>Em sua fala, Polo explicou que o objetivo \u00e9 construir um Estado moderno e eficiente, que atenda da melhor maneira poss\u00edvel \u00e0s expectativas dos empreendedores. <em>\"Os desafios do poder p\u00fablico s\u00e3o grandes e precisamos trabalhar em sintonia com a iniciativa privada, mantendo um di\u00e1logo para, juntos, encontrarmos caminhos para que as empresas possam ampliar seus neg\u00f3cios\u201d<\/em>, disse.<\/p>\n<p>Em sua participa\u00e7\u00e3o, no fechamento do evento, o vice-governador Gabriel Souza citou a quest\u00e3o demogr\u00e1fica, ressaltando que este \u00e9 um tema intensamente ligado ao desenvolvimento. Ele explicou que, anteriormente, o Estado possu\u00eda o chamado \"b\u00f4nus demogr\u00e1fico\", com uma popula\u00e7\u00e3o em sua maioria na faixa et\u00e1ria laboral\u00a0\u2013\u00a0ou seja, com m\u00e3o de obra para manter o mercado de trabalho aquecido. Hoje, ap\u00f3s uma s\u00e9rie de mudan\u00e7as de comportamento (como a diminui\u00e7\u00e3o do n\u00famero de filhos e o aumento da longevidade), o Rio Grande do Sul se encaminha para uma sociedade formada majoritariamente por idosos.<\/p>\n<p><em>\u201cPrecisaremos, em um futuro pr\u00f3ximo, de pessoas mais eficientes e competitivas. Para isso, \u00e9 necess\u00e1rio que se invista no desenvolvimento cognitivo do capital humano. A prepara\u00e7\u00e3o deve come\u00e7ar agora\",<\/em> salientou o vice-governador, reafirmando que o governo considera como prioridade o investimento em educa\u00e7\u00e3o.<\/p>\n<p>Na parte da manh\u00e3, o semin\u00e1rio \"Liderar para desenvolver e inovar\" tamb\u00e9m discutiu o desenvolvimento da economia ga\u00facha, tratando de inova\u00e7\u00e3o, oportunidades de investimento no Estado e programas que as secretarias de Desenvolvimento Econ\u00f4mico, de Inova\u00e7\u00e3o, Ci\u00eancia e Tecnologia e de Trabalho e Desenvolvimento Profissional t\u00eam implementado em prol dos ga\u00fachos.<\/p>\n<p>O evento teve apoio da Sedec, Banrisul, Banco Regional de Desenvolvimento do Extremo Sul (BRDE), Badesul, Corsan e Rede Pampa.<\/p>\n<hr \/>\n<h6><strong>GOV RS | Texto: Renata Spanhol\/Ascom Sedec | Edi\u00e7\u00e3o: Camila Cargnelutti\/Secom | Foto: Gustavo Mansur\/Secom<\/strong><\/h6>\n\n\n<center><iframe loading=\"lazy\" class=\"jmvplayer\" src=\"https:\/\/player.jmvstream.com\/lvw\/YYGWo5wfZuZ8fEW7Qoq1ISwhLSEDhU\" allowfullscreen allow=\"autoplay; fullscreen\" frameborder=\"0\" width=\"640\" height=\"360\" ><\/iframe><\/center>\n<\/div><\/div>","protected":false},"excerpt":{"rendered":"<p>O governador Eduardo Leite palestrou na abertura do f\u00f3rum \u201cDesafios para o desenvolvimento e financiamento da economia ga\u00facha\u201d, na tarde desta quinta-feira (9\/11), no audit\u00f3rio do Minist\u00e9rio P\u00fablico do Rio Grande do Sul, em Porto Alegre.\u00a0Em sua fala, Leite enumerou as a\u00e7\u00f5es do governo estadual para recuperar e estimular a economia do Estado. Ele destacou [&hellip;]<\/p>\n","protected":false},"author":4,"featured_media":60352,"comment_status":"open","ping_status":"open","sticky":false,"template":"","format":"standard","meta":{"footnotes":""},"categories":[1],"tags":[],"class_list":["post-60351","post","type-post","status-publish","format-standard","has-post-thumbnail","hentry","category-sem-categoria"],"_links":{"self":[{"href":"https:\/\/sol.fm.br\/radio\/wp-json\/wp\/v2\/posts\/60351","targetHints":{"allow":["GET"]}}],"collection":[{"href":"https:\/\/sol.fm.br\/radio\/wp-json\/wp\/v2\/posts"}],"about":[{"href":"https:\/\/sol.fm.br\/radio\/wp-json\/wp\/v2\/types\/post"}],"author":[{"embeddable":true,"href":"https:\/\/sol.fm.br\/radio\/wp-json\/wp\/v2\/users\/4"}],"replies":[{"embeddable":true,"href":"https:\/\/sol.fm.br\/radio\/wp-json\/wp\/v2\/comments?post=60351"}],"version-history":[{"count":1,"href":"https:\/\/sol.fm.br\/radio\/wp-json\/wp\/v2\/posts\/60351\/revisions"}],"predecessor-version":[{"id":60353,"href":"https:\/\/sol.fm.br\/radio\/wp-json\/wp\/v2\/posts\/60351\/revisions\/60353"}],"wp:featuredmedia":[{"embeddable":true,"href":"https:\/\/sol.fm.br\/radio\/wp-json\/wp\/v2\/media\/60352"}],"wp:attachment":[{"href":"https:\/\/sol.fm.br\/radio\/wp-json\/wp\/v2\/media?parent=60351"}],"wp:term":[{"taxonomy":"category","embeddable":true,"href":"https:\/\/sol.fm.br\/radio\/wp-json\/wp\/v2\/categories?post=60351"},{"taxonomy":"post_tag","embeddable":true,"href":"https:\/\/sol.fm.br\/radio\/wp-json\/wp\/v2\/tags?post=60351"}],"curies":[{"name":"wp","href":"https:\/\/api.w.org\/{rel}","templated":true}]}}