{"id":60357,"date":"2023-11-10T09:28:19","date_gmt":"2023-11-10T12:28:19","guid":{"rendered":"http:\/\/sol.fm.br\/radio\/?p=60357"},"modified":"2023-11-10T09:28:21","modified_gmt":"2023-11-10T12:28:21","slug":"periodo-de-matriculas-da-rede-estadual-para-ano-letivo-de-2024-comeca-na-segunda-13","status":"publish","type":"post","link":"https:\/\/sol.fm.br\/radio\/periodo-de-matriculas-da-rede-estadual-para-ano-letivo-de-2024-comeca-na-segunda-13\/","title":{"rendered":"Per\u00edodo de matr\u00edculas da Rede Estadual para ano letivo de 2024 come\u00e7a na segunda (13)"},"content":{"rendered":"<div id=\"dslc-theme-content\"><div id=\"dslc-theme-content-inner\"><p>Come\u00e7a, na pr\u00f3xima segunda-feira (13\/11), o per\u00edodo de inscri\u00e7\u00f5es para pr\u00e9-matr\u00edculas da Rede Estadual para o ano letivo de 2024. A etapa, que segue at\u00e9 1\u00ba de dezembro, deve ser realizada diretamente pelo site da Secretaria da Educa\u00e7\u00e3o (Seduc), na p\u00e1gina inicial, clicando na\u00a0<strong><a href=\"https:\/\/servicos.educacao.rs.gov.br\/pse\/srv\/matricula.jsp?ACAO=acao5\" target=\"_blank\" rel=\"noopener\">aba Matr\u00edculas<\/a><\/strong>\u00a0e selecionando o ensino de interesse.<\/p>\n<p>Para todos os estudantes que possuem matr\u00edcula ativa nas escolas estaduais, em todas as etapas e modalidades de ensino, com 75% ou mais de frequ\u00eancia, a rematr\u00edcula ocorre de forma autom\u00e1tica, no per\u00edodo de 20 a 30 de novembro. Caso haja interesse em alterar de escola, deve-se ficar atento \u00e0 segunda etapa da pr\u00e9-matr\u00edcula, pois, nesse caso, ser\u00e1 uma transfer\u00eancia.<\/p>\n<p>As inscri\u00e7\u00f5es nesse primeiro momento contemplam, portanto, os ingressos para o 1\u00ba ano do Ensino Fundamental e o 1\u00ba ano do Ensino M\u00e9dio, seja na modalidade regular, Curso Normal, aproveitamento de estudos do Curso Normal ou Educa\u00e7\u00e3o Profissional (cursos t\u00e9cnicos) integrados ao Ensino M\u00e9dio, Concomitante ou Subsequente.<\/p>\n<p>A partir de 29 de dezembro, ocorrer\u00e3o as designa\u00e7\u00f5es dos estudantes para as escolas pretendidas. Na ocasi\u00e3o, os respons\u00e1veis pelos alunos receber\u00e3o todas as informa\u00e7\u00f5es pelo e-mail cadastrado no sistema ou poder\u00e3o realizar a consulta no site da Seduc, clicando em Matr\u00edculas e selecionando Consulta candidato.<\/p>\n<p>Posteriormente, entre 4 e 17 de janeiro de 2024, os candidatos e seus respectivos respons\u00e1veis precisar\u00e3o confirmar a matr\u00edcula de forma presencial na escola de designa\u00e7\u00e3o apresentando as documenta\u00e7\u00f5es necess\u00e1rias para confirmar a vaga.<\/p>\n<p>Para os alunos do 1\u00ba Ano do Ensino Fundamental \u00e9 recomendado apresentar tamb\u00e9m Cart\u00e3o Nacional de Sa\u00fade (CNS), N\u00famero de Identifica\u00e7\u00e3o Social (NIS) e atestado (carteira de vacina\u00e7\u00e3o). Vale ressaltar que o requisito para ingresso \u00e9 ter, no m\u00ednimo, seis anos completos at\u00e9 31 de mar\u00e7o de 2024.<\/p>\n<p>Entre 4 e 17 de janeiro de 2024, os estudantes que perderam o prazo para se inscrever, no primeiro per\u00edodo de pr\u00e9-matr\u00edcula, ter\u00e3o uma segunda chamada para fazer a sua pr\u00e9-matr\u00edcula no mesmo per\u00edodo das solicita\u00e7\u00f5es de transfer\u00eancia e dos interessados na Educa\u00e7\u00e3o de Jovens e Adultos (EJA).<\/p>\n<p>Para os estudantes do 2\u00ba ao 9\u00ba ano do Ensino Fundamental e 2\u00ba e 3\u00ba ano do Ensino M\u00e9dio que j\u00e1 est\u00e3o matriculados na Rede Estadual, municipal ou privada e desejam alterar de escola ou ingressar na Rede Estadual, \u00e9 preciso ficar atento \u00e0 segunda etapa da pr\u00e9-matr\u00edcula, pois, nesse caso, ser\u00e1 uma transfer\u00eancia.<\/p>\n<p>Os crit\u00e9rios para designa\u00e7\u00e3o de escola priorizam a proximidade da resid\u00eancia do estudante com a unidade escolar, combinada com o crit\u00e9rio da menor idade, salvo quando o aluno tiver irm\u00e3os que frequentam a escola pretendida. No momento da solicita\u00e7\u00e3o de transfer\u00eancia, o respons\u00e1vel pelo estudante ou o pr\u00f3prio estudante poder\u00e3o preencher at\u00e9 tr\u00eas op\u00e7\u00f5es de unidades escolares por ordem de prefer\u00eancia, incluindo as unidades escolares que ofertarem Ensino M\u00e9dio em Tempo Integral.<\/p>\n<p>O prazo para efetiva\u00e7\u00e3o das matr\u00edculas de forma presencial nas escolas estaduais para os alunos que se inscreverem na segunda etapa da pr\u00e9-matr\u00edcula, bem como para aqueles que pediram transfer\u00eancia, ocorre de 29 de janeiro a 9 de fevereiro de 2024.<\/p>\n<p><strong>Confirma\u00e7\u00e3o da matr\u00edcula<\/strong><\/p>\n<p>As inscri\u00e7\u00f5es e transfer\u00eancias on-line somente ser\u00e3o efetivadas com a matr\u00edcula presencial nas escolas e mediante a entrega dos seguintes documentos:<\/p>\n<ul>\n<li>CPF e Certid\u00e3o de nascimento ou RG do estudante;<\/li>\n<li>CPF e documentos do respons\u00e1vel;<\/li>\n<li>comprovante de resid\u00eancia;<\/li>\n<li>para alunos do 1\u00ba Ano do Ensino Fundamental: CNS (Cart\u00e3o Nacional de Sa\u00fade), NIS (N\u00famero de Identifica\u00e7\u00e3o Social) e atestado (carteira) de vacina\u00e7\u00e3o.<\/li>\n<\/ul>\n<h3><strong>Cronograma<\/strong><\/h3>\n<ul>\n<li><strong>20\/11\/23 a 30\/11\/23<\/strong><\/li>\n<\/ul>\n<p><strong>Etapa - Rematr\u00edcula autom\u00e1tica<br \/>P\u00fablico:<\/strong>\u00a0todos os estudantes que possuem matr\u00edcula ativa nas Unidades Escolares Estaduais, em todas as etapas e modalidades de ensino que tiverem, no m\u00ednimo, 75% de frequ\u00eancia.<\/p>\n<ul>\n<li><strong>13\/11\/23 a 1\/12\/23<\/strong><\/li>\n<\/ul>\n<p><strong>Etapa<\/strong>\u00a0<strong>- Primeira chamada das inscri\u00e7\u00f5es para pr\u00e9-matr\u00edcula<\/strong><br \/><strong>P\u00fablico<\/strong>: popula\u00e7\u00e3o em geral para solicita\u00e7\u00e3o de ingresso na rede p\u00fablica para o 1\u00ba ano do Ensino Fundamental; 1\u00ba ano do Ensino M\u00e9dio; Educa\u00e7\u00e3o Profissional - Cursos t\u00e9cnicos subsequentes, concomitantes e aproveitamento de estudos do curso normal<\/p>\n<ul>\n<li><strong>29\/12\/23<\/strong><\/li>\n<\/ul>\n<p><strong>Etapa - Resultados (designa\u00e7\u00f5es) das inscri\u00e7\u00f5es para pr\u00e9-matr\u00edcula<\/strong><br \/><strong>P\u00fablico<\/strong>: todos que se inscreveram de 13 de novembro a 1\u00ba de dezembro de 2023<\/p>\n<ul>\n<li><strong>4\/1\/24 a 17\/1\/24<\/strong><\/li>\n<\/ul>\n<p><strong>Etapa - Efetiva\u00e7\u00e3o da matr\u00edcula de forma presencial<\/strong><br \/><strong>P\u00fablico<\/strong>: todos que se inscreveram de 13 de novembro a 1\u00ba de dezembro de 2023, diretamente nas Unidades Escolares<\/p>\n<p><strong>Etapa - Segunda chamada da pr\u00e9-matr\u00edcula<\/strong><br \/><strong>P\u00fablico<\/strong>: todos que perderam o primeiro per\u00edodo de inscri\u00e7\u00f5es (que foi de 13 de novembro a 1\u00ba de dezembro de 2023)<\/p>\n<p><strong>Etapa - Solicita\u00e7\u00e3o de transfer\u00eancias<\/strong><br \/><strong>P\u00fablico<\/strong>: todos que desejarem transfer\u00eancia entre Unidades Escolares Estaduais ou que estejam matriculados em outras redes de ensino e que desejam ingressar na rede p\u00fablica estadual.<\/p>\n<p><strong>Etapa - Solicita\u00e7\u00e3o de inscri\u00e7\u00f5es como alunos novos ou por transfer\u00eancia na EJA<br \/>P\u00fablico:\u00a0<\/strong>todos os candidatos interessados na EJA, seja como estudantes novos ou por transfer\u00eancia<\/p>\n<ul>\n<li>\n<p><strong>29\/1\/24 a 9\/2\/24<\/strong><\/p>\n<\/li>\n<\/ul>\n<p><strong>Etapa - Efetiva\u00e7\u00e3o da matr\u00edcula<br \/><\/strong><strong>P\u00fablico<\/strong>: todos que solicitaram transfer\u00eancia e aqueles que se inscreveram na segunda chamada (realizada de 4 a 17 de janeiro de 2024)<\/p>\n<hr \/>\n<h6><strong>GOV RS | Texto: Diego da Costa\/Ascom Seduc | Edi\u00e7\u00e3o: Secom<\/strong><\/h6>\n\n\n<center><iframe loading=\"lazy\" class=\"jmvplayer\" src=\"https:\/\/player.jmvstream.com\/lvw\/YYGWo5wfZuZ8fEW7Qoq1ISwhLSEDhU\" allowfullscreen allow=\"autoplay; fullscreen\" frameborder=\"0\" width=\"640\" height=\"360\" ><\/iframe><\/center>\n<\/div><\/div>","protected":false},"excerpt":{"rendered":"<p>Come\u00e7a, na pr\u00f3xima segunda-feira (13\/11), o per\u00edodo de inscri\u00e7\u00f5es para pr\u00e9-matr\u00edculas da Rede Estadual para o ano letivo de 2024. A etapa, que segue at\u00e9 1\u00ba de dezembro, deve ser realizada diretamente pelo site da Secretaria da Educa\u00e7\u00e3o (Seduc), na p\u00e1gina inicial, clicando na\u00a0aba Matr\u00edculas\u00a0e selecionando o ensino de interesse. Para todos os estudantes que [&hellip;]<\/p>\n","protected":false},"author":4,"featured_media":60358,"comment_status":"open","ping_status":"open","sticky":false,"template":"","format":"standard","meta":{"footnotes":""},"categories":[1],"tags":[],"class_list":["post-60357","post","type-post","status-publish","format-standard","has-post-thumbnail","hentry","category-sem-categoria"],"_links":{"self":[{"href":"https:\/\/sol.fm.br\/radio\/wp-json\/wp\/v2\/posts\/60357","targetHints":{"allow":["GET"]}}],"collection":[{"href":"https:\/\/sol.fm.br\/radio\/wp-json\/wp\/v2\/posts"}],"about":[{"href":"https:\/\/sol.fm.br\/radio\/wp-json\/wp\/v2\/types\/post"}],"author":[{"embeddable":true,"href":"https:\/\/sol.fm.br\/radio\/wp-json\/wp\/v2\/users\/4"}],"replies":[{"embeddable":true,"href":"https:\/\/sol.fm.br\/radio\/wp-json\/wp\/v2\/comments?post=60357"}],"version-history":[{"count":1,"href":"https:\/\/sol.fm.br\/radio\/wp-json\/wp\/v2\/posts\/60357\/revisions"}],"predecessor-version":[{"id":60359,"href":"https:\/\/sol.fm.br\/radio\/wp-json\/wp\/v2\/posts\/60357\/revisions\/60359"}],"wp:featuredmedia":[{"embeddable":true,"href":"https:\/\/sol.fm.br\/radio\/wp-json\/wp\/v2\/media\/60358"}],"wp:attachment":[{"href":"https:\/\/sol.fm.br\/radio\/wp-json\/wp\/v2\/media?parent=60357"}],"wp:term":[{"taxonomy":"category","embeddable":true,"href":"https:\/\/sol.fm.br\/radio\/wp-json\/wp\/v2\/categories?post=60357"},{"taxonomy":"post_tag","embeddable":true,"href":"https:\/\/sol.fm.br\/radio\/wp-json\/wp\/v2\/tags?post=60357"}],"curies":[{"name":"wp","href":"https:\/\/api.w.org\/{rel}","templated":true}]}}