{"id":60364,"date":"2023-11-10T09:43:58","date_gmt":"2023-11-10T12:43:58","guid":{"rendered":"http:\/\/sol.fm.br\/radio\/?p=60364"},"modified":"2023-11-10T09:44:00","modified_gmt":"2023-11-10T12:44:00","slug":"inovacao-e-a-exploracao-com-sucesso-de-novas-ideias","status":"publish","type":"post","link":"https:\/\/sol.fm.br\/radio\/inovacao-e-a-exploracao-com-sucesso-de-novas-ideias\/","title":{"rendered":"Inova\u00e7\u00e3o \u00e9 a explora\u00e7\u00e3o com sucesso de novas ideias"},"content":{"rendered":"<div id=\"dslc-theme-content\"><div id=\"dslc-theme-content-inner\"><p style=\"text-align: center;\"><em>CDL Sapiranga promoveu palestra sobre inova\u00e7\u00e3o para pequenos neg\u00f3cios com Gustavo Piardo dos Santos<\/em><\/p>\n<p>A C\u00e2mara de Dirigentes Lojistas (CDL) de Sapiranga promoveu nesta quinta-feira (09\/11) a palestra \"Inova\u00e7\u00e3o para Pequenos Neg\u00f3cios\", na sede da entidade. O evento contou com a presen\u00e7a do palestrante Gustavo Piardo dos Santos, que compartilhou conhecimentos e perspectivas sobre como a inova\u00e7\u00e3o pode impulsionar o sucesso das empresas. O convidado destacou os principais tipos de inova\u00e7\u00e3o que podem ser direcionados a tr\u00eas \u00e1reas: processo, modelo de neg\u00f3cios e produto.<\/p>\n<p><em>\u201cNormalmente quando falamos de inova\u00e7\u00e3o, lembramos de tecnologia. Mas n\u00e3o se limita a isso.\u201d,<\/em> disse.<\/p>\n<p>Durante a abordagem foram destacados itens necess\u00e1rios para inova\u00e7\u00e3o que geralmente s\u00e3o: dinheiro, tecnologia e pessoas.<\/p>\n<p><em>\u201cTem, sim, como fazer algo apenas com vontade. Claro que \u00e9 bom ter dinheiro, tecnologia e pessoas, mas \u00e9 poss\u00edvel come\u00e7ar apenas identificando um problema e pensando em como resolver\u201d,<\/em> acrescentou.<\/p>\n<p>Uma das li\u00e7\u00f5es do encontro foi a import\u00e2ncia de olhar para jornada do cliente, pensando em como \u00e9 poss\u00edvel facilitar a vida dele. Na apresenta\u00e7\u00e3o, foram exibidos cases de sucesso que tiveram esse olhar.<\/p>\n<hr \/>\n<h6><strong>PlayPress | CDL Sapiranga |\u00a0Reda\u00e7\u00e3o e coordena\u00e7\u00e3o: Marcelo Matusiak | Foto: Marcelo Matusiak<\/strong><\/h6>\n\n\n<center><iframe loading=\"lazy\" class=\"jmvplayer\" src=\"https:\/\/player.jmvstream.com\/lvw\/YYGWo5wfZuZ8fEW7Qoq1ISwhLSEDhU\" allowfullscreen allow=\"autoplay; fullscreen\" frameborder=\"0\" width=\"640\" height=\"360\" ><\/iframe><\/center>\n<\/div><\/div>","protected":false},"excerpt":{"rendered":"<p>CDL Sapiranga promoveu palestra sobre inova\u00e7\u00e3o para pequenos neg\u00f3cios com Gustavo Piardo dos Santos A C\u00e2mara de Dirigentes Lojistas (CDL) de Sapiranga promoveu nesta quinta-feira (09\/11) a palestra \"Inova\u00e7\u00e3o para Pequenos Neg\u00f3cios\", na sede da entidade. O evento contou com a presen\u00e7a do palestrante Gustavo Piardo dos Santos, que compartilhou conhecimentos e perspectivas sobre como [&hellip;]<\/p>\n","protected":false},"author":4,"featured_media":60365,"comment_status":"open","ping_status":"open","sticky":false,"template":"","format":"standard","meta":{"footnotes":""},"categories":[1],"tags":[],"class_list":["post-60364","post","type-post","status-publish","format-standard","has-post-thumbnail","hentry","category-sem-categoria"],"_links":{"self":[{"href":"https:\/\/sol.fm.br\/radio\/wp-json\/wp\/v2\/posts\/60364","targetHints":{"allow":["GET"]}}],"collection":[{"href":"https:\/\/sol.fm.br\/radio\/wp-json\/wp\/v2\/posts"}],"about":[{"href":"https:\/\/sol.fm.br\/radio\/wp-json\/wp\/v2\/types\/post"}],"author":[{"embeddable":true,"href":"https:\/\/sol.fm.br\/radio\/wp-json\/wp\/v2\/users\/4"}],"replies":[{"embeddable":true,"href":"https:\/\/sol.fm.br\/radio\/wp-json\/wp\/v2\/comments?post=60364"}],"version-history":[{"count":1,"href":"https:\/\/sol.fm.br\/radio\/wp-json\/wp\/v2\/posts\/60364\/revisions"}],"predecessor-version":[{"id":60366,"href":"https:\/\/sol.fm.br\/radio\/wp-json\/wp\/v2\/posts\/60364\/revisions\/60366"}],"wp:featuredmedia":[{"embeddable":true,"href":"https:\/\/sol.fm.br\/radio\/wp-json\/wp\/v2\/media\/60365"}],"wp:attachment":[{"href":"https:\/\/sol.fm.br\/radio\/wp-json\/wp\/v2\/media?parent=60364"}],"wp:term":[{"taxonomy":"category","embeddable":true,"href":"https:\/\/sol.fm.br\/radio\/wp-json\/wp\/v2\/categories?post=60364"},{"taxonomy":"post_tag","embeddable":true,"href":"https:\/\/sol.fm.br\/radio\/wp-json\/wp\/v2\/tags?post=60364"}],"curies":[{"name":"wp","href":"https:\/\/api.w.org\/{rel}","templated":true}]}}