{"id":60367,"date":"2023-11-10T09:46:15","date_gmt":"2023-11-10T12:46:15","guid":{"rendered":"http:\/\/sol.fm.br\/radio\/?p=60367"},"modified":"2023-11-10T09:46:16","modified_gmt":"2023-11-10T12:46:16","slug":"pge-promove-seminario-internacional-focado-em-tecnologia-no-direito","status":"publish","type":"post","link":"https:\/\/sol.fm.br\/radio\/pge-promove-seminario-internacional-focado-em-tecnologia-no-direito\/","title":{"rendered":"PGE promove Semin\u00e1rio Internacional focado em tecnologia no Direito"},"content":{"rendered":"<div id=\"dslc-theme-content\"><div id=\"dslc-theme-content-inner\"><p>A Procuradoria-Geral do Estado,\u00a0em\u00a0parceria com a Escola Superior de Advocacia de Estado Professor Almiro do Couto e Silva (Esae-PGERS),\u00a0promover\u00e1,\u00a0em 27 de\u00a0novembro o Semin\u00e1rio\u00a0Internacional\u00a0Esae-PGERS. O evento,\u00a0em\u00a0formato h\u00edbrido, ocorrer\u00e1\u00a0no\u00a0Audit\u00f3rio Dr. Ricardo Seibel de Freitas Lima, na sede da\u00a0PGE, e ter\u00e1 transmiss\u00e3o ao vivo na p\u00e1gina da Procuradoria\u00a0no\u00a0YouTube, a partir das 8h30.<\/p>\n<p>Com o tema \"Transforma\u00e7\u00f5es do\u00a0Direito\u00a0e do Estado promovidas pela revolu\u00e7\u00e3o tecnol\u00f3gica\", o encontro receber\u00e1 palestras de acad\u00eamicos e profissionais sobre intelig\u00eancia artificial,\u00a0tecnologia\u00a0na \u00e1rea do\u00a0direito, prote\u00e7\u00e3o de dados e outros temas relacionados.<\/p>\n<p>O diretor da Esae-PGERS, Ernesto Jos\u00e9 Toniolo, destaca a interdisciplinaridade da programa\u00e7\u00e3o e dos convidados. <em>\"Convidamos professores de renome do Brasil e do exterior para abordar a legisla\u00e7\u00e3o brasileira e estrangeira, com perspectivas que oferecem uma vis\u00e3o moderna do Estado e do governo. S\u00e3o v\u00e1rios temas reunidos\u00a0em\u00a0torno dessa revolu\u00e7\u00e3o tecnol\u00f3gica que estamos vivendo com a introdu\u00e7\u00e3o da intelig\u00eancia artificial\"<\/em>, explica.<\/p>\n<p>Al\u00e9m dos pain\u00e9is, a confer\u00eancia contar\u00e1 com o lan\u00e7amento do livro \"Metamorfoses do\u00a0Direito\u00a0Global\" do Professor Ricardo Campos, que tamb\u00e9m far\u00e1 o encerramento com a palestra <em>\"A digitaliza\u00e7\u00e3o da sociedade e suas repercuss\u00f5es\u00a0no\u00a0Direito\u00a0e\u00a0no\u00a0Estado: uma vis\u00e3o comparada das experi\u00eancias brasileira e alem\u00e3\".<\/em><\/p>\n<p>As inscri\u00e7\u00f5es com certificado est\u00e3o abertas, no site da ESAE, exclusivamente para e-mails com extens\u00e3o .gov, .edu ou .org.\u00a0<\/p>\n<p>Demais interessados poder\u00e3o acompanhar pelo Youtube.<\/p>\n<h3><strong>Programa\u00e7\u00e3o completa<\/strong><\/h3>\n<p><strong>8h30\u00a0|\u00a0Abertura<\/strong>\u00a0<\/p>\n<ul>\n<li>Ernesto Toniolo - Diretor Da Esae-PGERS<\/li>\n<li>Diana Paula Sana - Procuradora-Geral Adjunta Para Assuntos Institucionais\u00a0<\/li>\n<\/ul>\n<p><strong>09h\u00a0|\u00a0Impactos das\u00a0novas\u00a0tecnologias na teoria e na pr\u00e1tica do\u00a0Direito<\/strong>\u00a0<\/p>\n<ul>\n<li>Claudia Lima Marques - Diretora da Faculdade de\u00a0Direito\u00a0da UFRGS, advogada e parecerista\u00a0<\/li>\n<li>Ney Wiedemann Neto - Desembargador do Tribunal de Justi\u00e7a do Estado do Rio Grande do Sul\u00a0<\/li>\n<\/ul>\n<p><strong>10h\u00a0|\u00a0Digitaliza\u00e7\u00e3o da administra\u00e7\u00e3o p\u00fablica e prote\u00e7\u00e3o de dados pessoais<\/strong>\u00a0<\/p>\n<ul>\n<li>Bruno Miragem - Professor da Faculdade de\u00a0Direito\u00a0da UFRGS, advogado e parecerista\u00a0<\/li>\n<li>Fabiano Menke - Professor associado de\u00a0direito\u00a0civil da Faculdade de\u00a0Direito\u00a0da UFRGS, advogado e Consultor Jur\u00eddico\u00a0<\/li>\n<\/ul>\n<p><strong>11h\u00a0|\u00a0Regula\u00e7\u00e3o jur\u00eddica do uso da intelig\u00eancia artificial e das decis\u00f5es automatizadas\u00a0<\/strong><\/p>\n<ul>\n<li>Cristiano Colombo - Advogado e professor da Escola de\u00a0Direito\u00a0da Unisinos e da Faculdade Verbo Jur\u00eddico\u00a0<\/li>\n<li>Daniela Copetti Cravo - Doutora\u00a0em\u00a0Direito\u00a0pela UFRGS e procuradora do munic\u00edpio de Porto Alegre\u00a0<\/li>\n<\/ul>\n<p><strong>12h \u00e0s 14h30\u00a0|\u00a0Almo\u00e7o<\/strong>\u00a0<\/p>\n<p><strong>14h30\u00a0|\u00a0Uma\u00a0nova trilogia: prote\u00e7\u00e3o de Dados pessoais, governo digital e intelig\u00eancia artificial<\/strong>\u00a0<\/p>\n<ul>\n<li>Paulo Dantas - Doutor\u00a0em\u00a0Direito\u00a0pela UFRGS e procurador do Estado do Rio Grande do Sul\u00a0<\/li>\n<\/ul>\n<p><strong>15h30 | Encerramento<\/strong>\u00a0<\/p>\n<p><strong>A digitaliza\u00e7\u00e3o da sociedade e suas repercuss\u00f5es\u00a0no\u00a0Direito\u00a0e\u00a0no\u00a0Estado: uma vis\u00e3o comparada das experi\u00eancias brasileira e alem\u00e3 na Faculdade de\u00a0Direito\u00a0da Goethe Universit\u00e4t Frankfurt Am Main - Alemanha<\/strong>\u00a0<\/p>\n<ul>\n<li>Ricardo Campos - Professor na Faculdade de\u00a0Direito\u00a0da Goethe Universit\u00e4t Frankfurt Am Main - Alemanha\u00a0\u00a0<\/li>\n<\/ul>\n<p><strong>17h30\u00a0|\u00a0Metamorfoses do\u00a0direito\u00a0global (Editora Contracorrente)<\/strong>\u00a0<\/p>\n<ul>\n<li>Ricardo Campos - Professor na Faculdade de\u00a0Direito\u00a0da Goethe Universit\u00e4t Frankfurt Am Main - Alemanha<\/li>\n<\/ul>\n<hr \/>\n<h6><strong>GOV RS | Texto: Ascom PGE | Edi\u00e7\u00e3o: Secom\u00a0<\/strong><\/h6>\n\n\n<center><iframe loading=\"lazy\" class=\"jmvplayer\" src=\"https:\/\/player.jmvstream.com\/lvw\/YYGWo5wfZuZ8fEW7Qoq1ISwhLSEDhU\" allowfullscreen allow=\"autoplay; fullscreen\" frameborder=\"0\" width=\"640\" height=\"360\" ><\/iframe><\/center>\n<\/div><\/div>","protected":false},"excerpt":{"rendered":"<p>A Procuradoria-Geral do Estado,\u00a0em\u00a0parceria com a Escola Superior de Advocacia de Estado Professor Almiro do Couto e Silva (Esae-PGERS),\u00a0promover\u00e1,\u00a0em 27 de\u00a0novembro o Semin\u00e1rio\u00a0Internacional\u00a0Esae-PGERS. O evento,\u00a0em\u00a0formato h\u00edbrido, ocorrer\u00e1\u00a0no\u00a0Audit\u00f3rio Dr. Ricardo Seibel de Freitas Lima, na sede da\u00a0PGE, e ter\u00e1 transmiss\u00e3o ao vivo na p\u00e1gina da Procuradoria\u00a0no\u00a0YouTube, a partir das 8h30. Com o tema \"Transforma\u00e7\u00f5es do\u00a0Direito\u00a0e do [&hellip;]<\/p>\n","protected":false},"author":4,"featured_media":60368,"comment_status":"open","ping_status":"open","sticky":false,"template":"","format":"standard","meta":{"footnotes":""},"categories":[1],"tags":[],"class_list":["post-60367","post","type-post","status-publish","format-standard","has-post-thumbnail","hentry","category-sem-categoria"],"_links":{"self":[{"href":"https:\/\/sol.fm.br\/radio\/wp-json\/wp\/v2\/posts\/60367","targetHints":{"allow":["GET"]}}],"collection":[{"href":"https:\/\/sol.fm.br\/radio\/wp-json\/wp\/v2\/posts"}],"about":[{"href":"https:\/\/sol.fm.br\/radio\/wp-json\/wp\/v2\/types\/post"}],"author":[{"embeddable":true,"href":"https:\/\/sol.fm.br\/radio\/wp-json\/wp\/v2\/users\/4"}],"replies":[{"embeddable":true,"href":"https:\/\/sol.fm.br\/radio\/wp-json\/wp\/v2\/comments?post=60367"}],"version-history":[{"count":1,"href":"https:\/\/sol.fm.br\/radio\/wp-json\/wp\/v2\/posts\/60367\/revisions"}],"predecessor-version":[{"id":60369,"href":"https:\/\/sol.fm.br\/radio\/wp-json\/wp\/v2\/posts\/60367\/revisions\/60369"}],"wp:featuredmedia":[{"embeddable":true,"href":"https:\/\/sol.fm.br\/radio\/wp-json\/wp\/v2\/media\/60368"}],"wp:attachment":[{"href":"https:\/\/sol.fm.br\/radio\/wp-json\/wp\/v2\/media?parent=60367"}],"wp:term":[{"taxonomy":"category","embeddable":true,"href":"https:\/\/sol.fm.br\/radio\/wp-json\/wp\/v2\/categories?post=60367"},{"taxonomy":"post_tag","embeddable":true,"href":"https:\/\/sol.fm.br\/radio\/wp-json\/wp\/v2\/tags?post=60367"}],"curies":[{"name":"wp","href":"https:\/\/api.w.org\/{rel}","templated":true}]}}