{"id":60380,"date":"2023-11-13T10:19:28","date_gmt":"2023-11-13T13:19:28","guid":{"rendered":"http:\/\/sol.fm.br\/radio\/?p=60380"},"modified":"2023-11-13T10:19:29","modified_gmt":"2023-11-13T13:19:29","slug":"chuvas-em-volumes-elevados-persistirao-durante-a-semana","status":"publish","type":"post","link":"https:\/\/sol.fm.br\/radio\/chuvas-em-volumes-elevados-persistirao-durante-a-semana\/","title":{"rendered":"Chuvas em volumes elevados persistir\u00e3o durante a semana"},"content":{"rendered":"<div id=\"dslc-theme-content\"><div id=\"dslc-theme-content-inner\"><p>Nos pr\u00f3ximos dias, seguir\u00e3o as precipita\u00e7\u00f5es em volumes elevados, a exemplo do que ocorreu no fim de semana, que teve chuvas fortes no Estado. Em raz\u00e3o disso, as equipes do Centro de Opera\u00e7\u00f5es da Defesa Civil do Rio Grande do Sul e a Sala de Situa\u00e7\u00e3o da Secretaria do Meio Ambiente e Infraestrutura (Sema) seguem monitorando as condi\u00e7\u00f5es hidrometeorol\u00f3gicas.<\/p>\n<p>Nas \u00faltimas 48 horas, de acordo com o Centro Nacional de Monitoramento e Alerta de Desastres (Cemaden), os munic\u00edpios que registraram os maiores volumes de chuva foram Ca\u00e7apava do Sul (155,4 mm), Encruzilhada do Sul (140,8 mm) e Dom Pedrito (124,6 mm). Os dados do Instituto Nacional de Meteorologia (Inmet) indicam Bag\u00e9 (161,8 mm), Dom Pedrito (149,6 mm) e Encruzilhada do Sul (122,6 mm).<\/p>\n<p>Santo Ant\u00f4nio da Patrulha reportou danos ap\u00f3s chuvas intensas e granizo. A Coordenadoria Municipal de Prote\u00e7\u00e3o e Defesa Civil j\u00e1 atendeu a popula\u00e7\u00e3o e distribuiu lonas aos afetados. Em Cachoeira do Sul tamb\u00e9m houve chuvas e ventos intensos, al\u00e9m de granizo, e ainda n\u00e3o h\u00e1 informa\u00e7\u00f5es sobre danos ou afetados.<\/p>\n<p>Na tarde de domingo (12\/11), a Defesa Civil realizou uma reuni\u00e3o de alinhamento com sua equipe e integrantes da Sala de Situa\u00e7\u00e3o, da Brigada Militar e do Corpo de Bombeiros Militar a fim de apresentar a previs\u00e3o para os pr\u00f3ximos dias.<\/p>\n<p>De acordo com a equipe de meteorologistas e hidr\u00f3logos, na segunda-feira (13\/11), as chuvas intensas e volumosas ocorrer\u00e3o na regi\u00e3o da Campanha e na Metade Norte, devido \u00e0 atua\u00e7\u00e3o de uma regi\u00e3o de baixa press\u00e3o e ao fluxo de umidade.<\/p>\n<p>S\u00e3o esperados volumes que variam de 70 mm\/dia e 110 mm\/dia nas regi\u00f5es Miss\u00f5es, Noroeste, Centro, Vales e Metropolitana. N\u00e3o se descarta a possibilidade de temporais com eventual queda de granizo e rajadas intensas de vento.<\/p>\n<p>Na ter\u00e7a-feira (14\/11), as chuvas seguir\u00e3o persistentes e volumosas na Metade Norte, nos Vales e na Regi\u00e3o Metropolitana. A tend\u00eancia \u00e9 que na quarta-feira (15\/11) ocorrer\u00e3o temporais com chuvas pontualmente fortes, eventual queda de granizo e rajadas de vento na Metade Norte, devido \u00e0 atua\u00e7\u00e3o de uma regi\u00e3o de baixa press\u00e3o juntamente com o fluxo de umidade vindo do Norte.<\/p>\n<p>As equipes da Defesa Civil seguem acompanhando a evolu\u00e7\u00e3o do evento clim\u00e1tico, apoiando os munic\u00edpios que demandam e atuando em sinergia com outros \u00f3rg\u00e3os e for\u00e7as de resposta para apoio, em caso de desastre.<\/p>\n<hr \/>\n<h6><strong>GOV RS | Texto: Sabrina Rivas\/Ascom Defesa Civil | Edi\u00e7\u00e3o: Vitor Necchi\/Secom<\/strong><\/h6>\n\n\n<center><iframe loading=\"lazy\" class=\"jmvplayer\" src=\"https:\/\/player.jmvstream.com\/lvw\/YYGWo5wfZuZ8fEW7Qoq1ISwhLSEDhU\" allowfullscreen allow=\"autoplay; fullscreen\" frameborder=\"0\" width=\"640\" height=\"360\" ><\/iframe><\/center>\n<\/div><\/div>","protected":false},"excerpt":{"rendered":"<p>Nos pr\u00f3ximos dias, seguir\u00e3o as precipita\u00e7\u00f5es em volumes elevados, a exemplo do que ocorreu no fim de semana, que teve chuvas fortes no Estado. Em raz\u00e3o disso, as equipes do Centro de Opera\u00e7\u00f5es da Defesa Civil do Rio Grande do Sul e a Sala de Situa\u00e7\u00e3o da Secretaria do Meio Ambiente e Infraestrutura (Sema) seguem [&hellip;]<\/p>\n","protected":false},"author":4,"featured_media":60381,"comment_status":"open","ping_status":"open","sticky":false,"template":"","format":"standard","meta":{"footnotes":""},"categories":[1],"tags":[],"class_list":["post-60380","post","type-post","status-publish","format-standard","has-post-thumbnail","hentry","category-sem-categoria"],"_links":{"self":[{"href":"https:\/\/sol.fm.br\/radio\/wp-json\/wp\/v2\/posts\/60380","targetHints":{"allow":["GET"]}}],"collection":[{"href":"https:\/\/sol.fm.br\/radio\/wp-json\/wp\/v2\/posts"}],"about":[{"href":"https:\/\/sol.fm.br\/radio\/wp-json\/wp\/v2\/types\/post"}],"author":[{"embeddable":true,"href":"https:\/\/sol.fm.br\/radio\/wp-json\/wp\/v2\/users\/4"}],"replies":[{"embeddable":true,"href":"https:\/\/sol.fm.br\/radio\/wp-json\/wp\/v2\/comments?post=60380"}],"version-history":[{"count":1,"href":"https:\/\/sol.fm.br\/radio\/wp-json\/wp\/v2\/posts\/60380\/revisions"}],"predecessor-version":[{"id":60382,"href":"https:\/\/sol.fm.br\/radio\/wp-json\/wp\/v2\/posts\/60380\/revisions\/60382"}],"wp:featuredmedia":[{"embeddable":true,"href":"https:\/\/sol.fm.br\/radio\/wp-json\/wp\/v2\/media\/60381"}],"wp:attachment":[{"href":"https:\/\/sol.fm.br\/radio\/wp-json\/wp\/v2\/media?parent=60380"}],"wp:term":[{"taxonomy":"category","embeddable":true,"href":"https:\/\/sol.fm.br\/radio\/wp-json\/wp\/v2\/categories?post=60380"},{"taxonomy":"post_tag","embeddable":true,"href":"https:\/\/sol.fm.br\/radio\/wp-json\/wp\/v2\/tags?post=60380"}],"curies":[{"name":"wp","href":"https:\/\/api.w.org\/{rel}","templated":true}]}}