{"id":60386,"date":"2023-11-13T10:41:51","date_gmt":"2023-11-13T13:41:51","guid":{"rendered":"http:\/\/sol.fm.br\/radio\/?p=60386"},"modified":"2023-11-13T10:41:52","modified_gmt":"2023-11-13T13:41:52","slug":"exposicao-em-rolante-garante-novos-classificados-para-morfologia-expointer-2024","status":"publish","type":"post","link":"https:\/\/sol.fm.br\/radio\/exposicao-em-rolante-garante-novos-classificados-para-morfologia-expointer-2024\/","title":{"rendered":"Exposi\u00e7\u00e3o em Rolante garante novos classificados para Morfologia Expointer 2024"},"content":{"rendered":"<div id=\"dslc-theme-content\"><div id=\"dslc-theme-content-inner\"><p style=\"text-align: center;\"><i>Destaque da Passaporte de Primavera ficou por conta de \u00e9gua de criat\u00f3rio de Palmas, no Paran\u00e1, como Melhor Exemplar da Ra\u00e7a<\/i><\/p>\n<p style=\"text-align: left;\"><i><br aria-hidden=\"true\" \/><\/i>Com uma grandiosa produ\u00e7\u00e3o digna de um espet\u00e1culo, o N\u00facleo Encosta da Serra, dedicado aos Criadores de Cavalos Crioulos, selecionou oito exemplares no \u00faltimo s\u00e1bado, 11 de novembro, (quatro f\u00eameas e quatro machos) que avan\u00e7aram para a aguardada Final da Morfologia Expointer 2024, promovida pela Associa\u00e7\u00e3o Brasileira de Criadores de Cavalos Crioulos (ABCCC). A pista coberta, situada no cora\u00e7\u00e3o do Parque Liberdade, foi palco da pen\u00faltima edi\u00e7\u00e3o de primavera deste prestigiado evento morfol\u00f3gico dedicado \u00e0 ra\u00e7a.<br aria-hidden=\"true\" \/><br aria-hidden=\"true\" \/>Ao longo do dia, os espectadores presentes nas arquibancadas ou acompanhando a transmiss\u00e3o ao vivo pelo canal oficial do Cavalo Crioulo no YouTube puderam prestigiar um grande evento de sele\u00e7\u00e3o de ra\u00e7a. Os cem animais (70 marcados e 30 Incentivos) admitidos pelo t\u00e9cnico do Cavalo Crioulo, Ricardo Guazzelli, entraram em pista demonstrando os atributos que caracterizam o selo racial e padr\u00e3o da ra\u00e7a. Antes do in\u00edcio dos julgamentos, o Presidente do N\u00facleo, Evaldo Rosa, expressou suas expectativas em rela\u00e7\u00e3o ao evento. <em>\"Temos 70 animais marcados que vieram para competir, n\u00e3o apenas para preencher vagas. S\u00e3o animais extremamente competitivos\"<\/em>, avaliou.<br aria-hidden=\"true\" \/><br aria-hidden=\"true\" \/>O jurado principal da pen\u00faltima Morfologia Passaporte de Primavera, Pedro Boemo Ferreira, enalteceu o n\u00edvel dos animais julgados por ele e pelo jurado auxiliar, Carlos Loureiro da Silva. <em>\"Encontrei animais de \u00f3tima qualidade, tanto nos machos quanto nas f\u00eameas, tanto nos marcados como na categoria Incentivo.\"<\/em> E ele ainda completa: <em>\"Muitos desses animais tinham plenas condi\u00e7\u00f5es de serem classificados\"<\/em>, finalizou.<br aria-hidden=\"true\" \/><br aria-hidden=\"true\" \/>Puxando a fila das f\u00eameas na Categoria Potranca Menor, Percanta do Rosal se destacou entre os exemplares presentes no evento e foi escolhida pelos jurados como Grande Campe\u00e3 e Melhor Exemplar da Ra\u00e7a. A tostada, que segundo coment\u00e1rios ap\u00f3s a forma\u00e7\u00e3o da fila, se sobressaiu sobre as demais pelo equil\u00edbrio de seu conjunto: feminina, moderna, frente leve e de boas angula\u00e7\u00f5es. Filha de Basco Vale Quatro e Noite Adentro Vendramin, \u00e9 criada e exposta por Sady Macondes Loureiro Neto. Estreante em Passaportes, Percanta do Rosal, garantiu sua vaga na Final da Morfologia Expointer 2024.<br aria-hidden=\"true\" \/><br aria-hidden=\"true\" \/>Soberano entre os machos deste Passaporte, o potranco maior Zamora Ferro e Fogo, foi avaliado pelo jurado Pedro Boemo Ferreira como o dono dos \u201cmelhores aprumos\u201d da morfologia Passaporte. Com uma boa garupa, linhas equilibradas e bastante harm\u00f4nica, o rosilho teve um \u00f3timo desempenho tanto encilhado quanto a cabresto, segundo as avalia\u00e7\u00f5es e coment\u00e1rios do jurado. Exposto pelo Condom\u00ednio Zamora Ferro e Fogo, o Grande Campe\u00e3o da categoria machos \u00e9 filho de Um Bueno do Passo da Lage e Prata de Santa Thereza. Terceiro lugar da categoria potranco menor na Morfologia Expointer deste ano, Zamora Ferro e Fogo se garantiu em uma final morfol\u00f3gica em Esteio.<\/p>\n<p><img loading=\"lazy\" decoding=\"async\" class=\"alignnone size-medium wp-image-60388 aligncenter\" src=\"http:\/\/sol.fm.br\/radio\/wp-content\/uploads\/2023\/11\/31-1-400x272.jpg\" alt=\"\" width=\"400\" height=\"272\" srcset=\"https:\/\/sol.fm.br\/radio\/wp-content\/uploads\/2023\/11\/31-1-400x272.jpg 400w, https:\/\/sol.fm.br\/radio\/wp-content\/uploads\/2023\/11\/31-1-768x522.jpg 768w, https:\/\/sol.fm.br\/radio\/wp-content\/uploads\/2023\/11\/31-1-1536x1044.jpg 1536w, https:\/\/sol.fm.br\/radio\/wp-content\/uploads\/2023\/11\/31-1.jpg 1920w\" sizes=\"auto, (max-width: 400px) 100vw, 400px\" \/><br aria-hidden=\"true\" \/><br aria-hidden=\"true\" \/><b>Confira o resultado<br aria-hidden=\"true\" \/><\/b><strong><u>F\u00caMEAS<\/u><\/strong><br aria-hidden=\"true\" \/><strong>Grande Campe\u00e3 e Melhor Exemplar da Ra\u00e7a<\/strong><br aria-hidden=\"true\" \/>PERCANTA DO ROSAL<br aria-hidden=\"true\" \/>Criador:SADY MARCONDES LOUREIRO NETO, Expositor: SADY MARCONDES LOUREIRO NETO, Estabelecimento: FAZENDA ROSAL DO CRUZEIRO, Palmas (PR)<br aria-hidden=\"true\" \/><br aria-hidden=\"true\" \/><strong>Reservada Grande Campe\u00e3<\/strong><br aria-hidden=\"true\" \/>MARCONI TATUAGEM<br aria-hidden=\"true\" \/>Criador: ALEXANDRE ESPINDOLA ARA\u00daJO, Expositor: MARCELO ZERMIANI, Estabelecimento: CABANHA ZERMIANI\/TRV\/PICO DA PEDRA, Itaja\u00ed (SC)<br aria-hidden=\"true\" \/><br aria-hidden=\"true\" \/><strong>Terceira Melhor F\u00eamea<\/strong><br aria-hidden=\"true\" \/>MALAGUETA DA PEDRA REDONDA<br aria-hidden=\"true\" \/>Criador:LUIZ FERNANDO EMMEL, Expositor: LUIZ FERNANDO EMMEL, Estabelecimento: CABANHA PEDRA REDONDA, Santa Cruz Do Sul (RS)<br aria-hidden=\"true\" \/><br aria-hidden=\"true\" \/><strong>Quarta Melhor F\u00eamea<\/strong><br aria-hidden=\"true\" \/>FRIDA DO IGUATAM\u00c3<br aria-hidden=\"true\" \/>Criador:PAULA ROBERTA MIGUEL, Expositor: PAULA ROBERTA MIGUEL, Estabelecimento: CABANHA IGUATAM\u00c3, Cruzeiro Do Sul (RS)<br aria-hidden=\"true\" \/><br aria-hidden=\"true\" \/><strong><u>MACHOS<\/u><\/strong><br aria-hidden=\"true\" \/><strong>Grande Campe\u00e3o<\/strong><br aria-hidden=\"true\" \/>ZAMORA FERRO E FOGO<br aria-hidden=\"true\" \/>Criador: MARCO ANTONIO VIEIRA BORGES ANTUNES, Expositor: CONDOM\u00cdNIO ZAMORA FERRO E FOGO<br aria-hidden=\"true\" \/><br aria-hidden=\"true\" \/><strong>Reservado Grande Campe\u00e3o<\/strong><br aria-hidden=\"true\" \/>MARCONI MUTANTE<br aria-hidden=\"true\" \/>Criador:ALEXANDRE ESPINDOLA ARA\u00daJO, Expositor: ALEXANDRE ESPINDOLA ARA\u00daJO, Estabelecimento: CABANHA MARCONI, SantAna Do Livramento (RS)<br aria-hidden=\"true\" \/><br aria-hidden=\"true\" \/><strong>Terceiro Melhor Macho<\/strong><br aria-hidden=\"true\" \/>MARCONI XEQUE MATE-TE<br aria-hidden=\"true\" \/>Criador:ALEXANDRE ESPINDOLA ARA\u00daJO, Expositor: ALEXANDRE ESPINDOLA ARA\u00daJO, Estabelecimento: CABANHA MARCONI, SantAna Do Livramento (RS)<br aria-hidden=\"true\" \/>\u00a0<br aria-hidden=\"true\" \/><strong>Quarto Melhor Macho<\/strong><br aria-hidden=\"true\" \/>JURADO DAS FLORES<br aria-hidden=\"true\" \/>Criador:CLEBER WEYH, Expositor: CLEBER WEYH, Estabelecimento: CABANHA DAS FLORES, S\u00e3o Sebasti\u00e3o Do Ca\u00ed (RS)<\/p>\n<hr \/>\n<h6><strong>AgroEffective | Assessoria de Comunica\u00e7\u00e3o da Associa\u00e7\u00e3o Brasileira de Criadores de Cavalos Crioulos (ABCCC<\/strong><b>) | Fotos: Maur\u00edcio Vinhas\/Divulga\u00e7\u00e3o | Texto: Reda\u00e7\u00e3o ABCCC<br aria-hidden=\"true\" \/><\/b><\/h6>\n\n\n<center><iframe loading=\"lazy\" class=\"jmvplayer\" src=\"https:\/\/player.jmvstream.com\/lvw\/YYGWo5wfZuZ8fEW7Qoq1ISwhLSEDhU\" allowfullscreen allow=\"autoplay; fullscreen\" frameborder=\"0\" width=\"640\" height=\"360\" ><\/iframe><\/center>\n<\/div><\/div>","protected":false},"excerpt":{"rendered":"<p>Destaque da Passaporte de Primavera ficou por conta de \u00e9gua de criat\u00f3rio de Palmas, no Paran\u00e1, como Melhor Exemplar da Ra\u00e7a Com uma grandiosa produ\u00e7\u00e3o digna de um espet\u00e1culo, o N\u00facleo Encosta da Serra, dedicado aos Criadores de Cavalos Crioulos, selecionou oito exemplares no \u00faltimo s\u00e1bado, 11 de novembro, (quatro f\u00eameas e quatro machos) que [&hellip;]<\/p>\n","protected":false},"author":4,"featured_media":60387,"comment_status":"open","ping_status":"open","sticky":false,"template":"","format":"standard","meta":{"footnotes":""},"categories":[1],"tags":[],"class_list":["post-60386","post","type-post","status-publish","format-standard","has-post-thumbnail","hentry","category-sem-categoria"],"_links":{"self":[{"href":"https:\/\/sol.fm.br\/radio\/wp-json\/wp\/v2\/posts\/60386","targetHints":{"allow":["GET"]}}],"collection":[{"href":"https:\/\/sol.fm.br\/radio\/wp-json\/wp\/v2\/posts"}],"about":[{"href":"https:\/\/sol.fm.br\/radio\/wp-json\/wp\/v2\/types\/post"}],"author":[{"embeddable":true,"href":"https:\/\/sol.fm.br\/radio\/wp-json\/wp\/v2\/users\/4"}],"replies":[{"embeddable":true,"href":"https:\/\/sol.fm.br\/radio\/wp-json\/wp\/v2\/comments?post=60386"}],"version-history":[{"count":1,"href":"https:\/\/sol.fm.br\/radio\/wp-json\/wp\/v2\/posts\/60386\/revisions"}],"predecessor-version":[{"id":60389,"href":"https:\/\/sol.fm.br\/radio\/wp-json\/wp\/v2\/posts\/60386\/revisions\/60389"}],"wp:featuredmedia":[{"embeddable":true,"href":"https:\/\/sol.fm.br\/radio\/wp-json\/wp\/v2\/media\/60387"}],"wp:attachment":[{"href":"https:\/\/sol.fm.br\/radio\/wp-json\/wp\/v2\/media?parent=60386"}],"wp:term":[{"taxonomy":"category","embeddable":true,"href":"https:\/\/sol.fm.br\/radio\/wp-json\/wp\/v2\/categories?post=60386"},{"taxonomy":"post_tag","embeddable":true,"href":"https:\/\/sol.fm.br\/radio\/wp-json\/wp\/v2\/tags?post=60386"}],"curies":[{"name":"wp","href":"https:\/\/api.w.org\/{rel}","templated":true}]}}