{"id":60396,"date":"2023-11-14T08:53:13","date_gmt":"2023-11-14T11:53:13","guid":{"rendered":"http:\/\/sol.fm.br\/radio\/?p=60396"},"modified":"2023-11-14T08:53:14","modified_gmt":"2023-11-14T11:53:14","slug":"reuniao-no-palacio-piratini-por-mais-seguranca-no-paranhana","status":"publish","type":"post","link":"https:\/\/sol.fm.br\/radio\/reuniao-no-palacio-piratini-por-mais-seguranca-no-paranhana\/","title":{"rendered":"Reuni\u00e3o no Pal\u00e1cio Piratini por mais seguran\u00e7a no Paranhana"},"content":{"rendered":"<div id=\"dslc-theme-content\"><div id=\"dslc-theme-content-inner\"><p>O deputado Joel Wilhelm (PP), os 6 prefeitos da regi\u00e3o do Paranhana, as dire\u00e7\u00f5es do CONSEPRO e do Taquara Mais participaram da reuni\u00e3o na tarde dessa segunda-feira (13\/11) no Pal\u00e1cio Piratini, com o secret\u00e1rio-chefe da Casa Civil, Arthur Lemos, e o secret\u00e1rio Estadual de Seguran\u00e7a, Sandro Caron. Na mesa de reuni\u00e3o foram discutidos assuntos relacionados \u00e0 seguran\u00e7a p\u00fablica. Dois temas abordados com mais destaque: transformar a Companhia da Brigada Militar de Taquara em Batalh\u00e3o e melhorar a infraestrutura da Pol\u00edcia Civil.<\/p>\n<p><br \/><em>\u201cA regi\u00e3o est\u00e1 em desenvolvimento e, naturalmente, a seguran\u00e7a p\u00fablica precisa acompanhar no mesmo ritmo. O Batalh\u00e3o trar\u00e1 as for\u00e7as t\u00e1ticas e de intelig\u00eancia \u00e0 Regi\u00e3o e, claro, mais infraestrutura para os servidores e os cidad\u00f5es. O encontro foi importante para alinharmos isso e demonstrar que a preocupa\u00e7\u00e3o \u00e9 de todos\u201d<\/em>, ponderou o deputado Joel.<\/p>\n<p><br \/>O chefe da Casa Civil, Arthur Lemos, disse que o assunto ser\u00e1 tratado diretamente com o governador Eduardo Leite e que nos pr\u00f3ximos meses policiais civis e brigadianos estar\u00e3o se formando e ficar\u00e3o \u00e0 disposi\u00e7\u00e3o do Estado. O secret\u00e1rio estadual de Seguran\u00e7a P\u00fablica, Sandro Caron, ressaltou que uma an\u00e1lise ampla de toda a estrutura da seguran\u00e7a p\u00fablica do Estado est\u00e1 em andamento, e que em aproximadamente dois meses ter\u00e1 em m\u00e3os um resultado para fazer poss\u00edveis altera\u00e7\u00f5es, como, por exemplo, os flagrantes noturnos de Parob\u00e9, que s\u00e3o feitos hoje em Novo Hamburgo. \u00c9 preciso incluir Parob\u00e9 na regi\u00e3o da seguran\u00e7a p\u00fablica local, ou seja, centralizar todas as ocorr\u00eancias do Munic\u00edpio em Taquara. A mudan\u00e7a resultar\u00e1 em agilidade e efici\u00eancia para os brigadianos de Parob\u00e9.<\/p>\n<p><br \/>Participaram da reuni\u00e3o:<br \/>Prefeitos de Tr\u00eas Coroas, Alcindo de Azevedo; Igrejinha, Leandro Horlle; Taquara, Sirlei da Silveira; Parob\u00e9, Diego Picucha; Rolante, Pedro Rippel e de Riozinho, Alceu Pretto; os vereadores de Taquara Jorginho Almeida, Guido Mario e Everton da Rosa; o presidente municipal do PP de Taquara, Tonho Gonzaga, e o secret\u00e1rio de Desenvolvimento Econ\u00f4mico de Taquara, Adalberto Soares; do Consepro Daniel Lauck, Evandro Kapss, Carla Daiana, Lindom Schonardie, Sabrina Schenkel, F\u00falvia Poliana Lamb Timmen e Eduardo Timmen.<\/p>\n<hr \/>\n<h6><strong>ALRS - Assembleia Legislativa do Rio Grande do Sul<\/strong><\/h6>\n\n\n<center><iframe loading=\"lazy\" class=\"jmvplayer\" src=\"https:\/\/player.jmvstream.com\/lvw\/YYGWo5wfZuZ8fEW7Qoq1ISwhLSEDhU\" allowfullscreen allow=\"autoplay; fullscreen\" frameborder=\"0\" width=\"640\" height=\"360\" ><\/iframe><\/center>\n<\/div><\/div>","protected":false},"excerpt":{"rendered":"<p>O deputado Joel Wilhelm (PP), os 6 prefeitos da regi\u00e3o do Paranhana, as dire\u00e7\u00f5es do CONSEPRO e do Taquara Mais participaram da reuni\u00e3o na tarde dessa segunda-feira (13\/11) no Pal\u00e1cio Piratini, com o secret\u00e1rio-chefe da Casa Civil, Arthur Lemos, e o secret\u00e1rio Estadual de Seguran\u00e7a, Sandro Caron. Na mesa de reuni\u00e3o foram discutidos assuntos relacionados [&hellip;]<\/p>\n","protected":false},"author":4,"featured_media":60397,"comment_status":"open","ping_status":"open","sticky":false,"template":"","format":"standard","meta":{"footnotes":""},"categories":[1],"tags":[],"class_list":["post-60396","post","type-post","status-publish","format-standard","has-post-thumbnail","hentry","category-sem-categoria"],"_links":{"self":[{"href":"https:\/\/sol.fm.br\/radio\/wp-json\/wp\/v2\/posts\/60396","targetHints":{"allow":["GET"]}}],"collection":[{"href":"https:\/\/sol.fm.br\/radio\/wp-json\/wp\/v2\/posts"}],"about":[{"href":"https:\/\/sol.fm.br\/radio\/wp-json\/wp\/v2\/types\/post"}],"author":[{"embeddable":true,"href":"https:\/\/sol.fm.br\/radio\/wp-json\/wp\/v2\/users\/4"}],"replies":[{"embeddable":true,"href":"https:\/\/sol.fm.br\/radio\/wp-json\/wp\/v2\/comments?post=60396"}],"version-history":[{"count":1,"href":"https:\/\/sol.fm.br\/radio\/wp-json\/wp\/v2\/posts\/60396\/revisions"}],"predecessor-version":[{"id":60398,"href":"https:\/\/sol.fm.br\/radio\/wp-json\/wp\/v2\/posts\/60396\/revisions\/60398"}],"wp:featuredmedia":[{"embeddable":true,"href":"https:\/\/sol.fm.br\/radio\/wp-json\/wp\/v2\/media\/60397"}],"wp:attachment":[{"href":"https:\/\/sol.fm.br\/radio\/wp-json\/wp\/v2\/media?parent=60396"}],"wp:term":[{"taxonomy":"category","embeddable":true,"href":"https:\/\/sol.fm.br\/radio\/wp-json\/wp\/v2\/categories?post=60396"},{"taxonomy":"post_tag","embeddable":true,"href":"https:\/\/sol.fm.br\/radio\/wp-json\/wp\/v2\/tags?post=60396"}],"curies":[{"name":"wp","href":"https:\/\/api.w.org\/{rel}","templated":true}]}}