{"id":60419,"date":"2023-11-14T09:19:28","date_gmt":"2023-11-14T12:19:28","guid":{"rendered":"http:\/\/sol.fm.br\/radio\/?p=60419"},"modified":"2023-11-14T09:19:29","modified_gmt":"2023-11-14T12:19:29","slug":"reparasul-apresenta-novidades-do-setor-de-autopecas-e-reparacao-automotiva-a-partir-desta-quarta-feira-15","status":"publish","type":"post","link":"https:\/\/sol.fm.br\/radio\/reparasul-apresenta-novidades-do-setor-de-autopecas-e-reparacao-automotiva-a-partir-desta-quarta-feira-15\/","title":{"rendered":"Reparasul apresenta novidades do setor de autope\u00e7as e repara\u00e7\u00e3o automotiva a partir desta quarta-feira (15)"},"content":{"rendered":"<div id=\"dslc-theme-content\"><div id=\"dslc-theme-content-inner\"><p class=\"x_yiv8124135402ydp91ae8d80yiv1421890995MsoNormal\" align=\"center\"><i>Feira profissional acontece na Fenac, em Novo Hamburgo\/RS<\/i><\/p>\n<p class=\"x_yiv8124135402ydp91ae8d80yiv1421890995MsoNormal\" aria-hidden=\"true\">\u00a0<\/p>\n<p class=\"x_yiv8124135402ydp91ae8d80yiv1421890995MsoNormal\">Falta pouco para come\u00e7ar a\u00a0<b>5\u00aa Reparasul \u2013 Feira de Autope\u00e7as e Repara\u00e7\u00e3o Automotiva.\u00a0<\/b>A partir desta quarta-feira (15), a Fenac, em Novo Hamburgo\/RS, ser\u00e1 o ponto de encontro de profissionais do setor de repara\u00e7\u00e3o automotiva e autope\u00e7as em busca de novidades e tend\u00eancias do mercado. At\u00e9 s\u00e1bado (18), a feira reunir\u00e1 mais de 70 expositores de diferentes \u00e1reas, incluindo autope\u00e7as, motope\u00e7as e sistemas; acess\u00f3rios; equipamentos para repara\u00e7\u00e3o e manuten\u00e7\u00e3o; e TI e gest\u00e3o.\u00a0A feira profissional ser\u00e1 de quarta a sexta-feira das 15 \u00e0s 22 horas e s\u00e1bado das 9 \u00e0s 18 horas.<\/p>\n<p class=\"x_yiv8124135402ydp91ae8d80yiv1421890995MsoNormal\">A Reparasul surge no cen\u00e1rio do Sul do pa\u00eds buscando estreitar rela\u00e7\u00f5es comerciais e renovar o conhecimento entre os profissionais da \u00e1rea. A expectativa \u00e9 receber mais de 10 mil visitantes nesta edi\u00e7\u00e3o, entre profissionais de com\u00e9rcio varejista e distribuidores de autope\u00e7as, motope\u00e7as e acess\u00f3rios (linha leve e pesada); centros automotivos, de repara\u00e7\u00e3o automotiva e oficinas; revendas e concession\u00e1rias; e frotistas e prestadores de servi\u00e7os de transporte e outros.\u00a0O acesso ao evento \u00e9 gratuito para profissionais e interessados pelo setor mediante credenciamento, que j\u00e1 est\u00e1 aberto atrav\u00e9s do site\u00a0<a href=\"http:\/\/www.reparasul.com.br\/\" target=\"_blank\" rel=\"nofollow noopener noreferrer\" shape=\"rect\" data-auth=\"NotApplicable\" data-linkindex=\"0\">www.reparasul.com.br<\/a>.<\/p>\n<p class=\"x_yiv8124135402ydp91ae8d80yiv1421890995MsoNormal\"><b>Setor com n\u00fameros positivos -<\/b>\u00a0Os n\u00fameros evidenciam que o setor automotivo \u00e9 crescente no pa\u00eds. Segundo dados do Sindipe\u00e7as (Sindicato Nacional da Ind\u00fastria de Componentes para Ve\u00edculos Automotores), as vendas da ind\u00fastria de autope\u00e7as para o mercado de reposi\u00e7\u00e3o apresentaram alta de 20,4% no acumulado de 2023 em rela\u00e7\u00e3o ao mesmo per\u00edodo do ano anterior. A varia\u00e7\u00e3o foi calculada a partir da aplica\u00e7\u00e3o de m\u00e9dia m\u00f3vel trimestral e com informa\u00e7\u00f5es das empresas que segmentam o faturamento da reposi\u00e7\u00e3o entre linha leve e pesada. A entidade tamb\u00e9m anunciou o que espera para 2024. O objetivo \u00e9 de uma expans\u00e3o de 4% nos neg\u00f3cios, para R$ 247,7 bilh\u00f5es. O investimento tamb\u00e9m deve ser 2,1% maior, chegando a R$ 5,94 bilh\u00f5es. O Sindipe\u00e7as tamb\u00e9m acredita que as montadoras v\u00e3o comprar mais no pr\u00f3ximo ano, ampliando a fatia na receita do setor para 61,1%. O segmento de reposi\u00e7\u00e3o dever\u00e1 igualmente apresentar comportamento positivo em 2024, devendo crescer de 21,7% para 22,5%.<\/p>\n<p class=\"x_yiv8124135402ydp91ae8d80yiv1421890995MsoNormal\" aria-hidden=\"true\">\u00a0<\/p>\n<p class=\"x_yiv8124135402ydp91ae8d80yiv1421890995MsoNormal\"><b>Arena do Conhecimento oferece palestras gratuitas<\/b><\/p>\n<p class=\"x_yiv8124135402ydp91ae8d80yiv1421890995MsoNormal\">Com o intuito de promover atualiza\u00e7\u00e3o profissional sobre o setor automotivo, a\u00a0<b>Arena do Conhecimento<\/b>\u00a0reunir\u00e1 dezenas de palestras gratuitas. Durante os quatro dias de evento, o espa\u00e7o ir\u00e1 reunir profissionais renomados para capacitar os visitantes sobre diferentes assuntos que est\u00e3o em alta no segmento, debatendo \u00e1reas como: intelig\u00eancia artificial nas oficinas, polimento, gest\u00e3o, ve\u00edculos h\u00edbridos e el\u00e9tricos, lideran\u00e7a femininas nas oficinas, desafios e oportunidades de oficinas especializadas, entre outras. A Arena do Conhecimento da Reparasul conta com patroc\u00ednio da AutoRede Servi\u00e7os Automotivos. Para conferir a programa\u00e7\u00e3o completa do espa\u00e7o, acesse\u00a0<a href=\"https:\/\/www.reparasul.com.br\/programacao\" target=\"_blank\" rel=\"nofollow noopener noreferrer\" shape=\"rect\" data-auth=\"NotApplicable\" data-linkindex=\"1\">www.reparasul.com.br\/programacao<\/a>.<\/p>\n<p class=\"x_yiv8124135402ydp91ae8d80yiv1421890995MsoNormal\" aria-hidden=\"true\">\u00a0<\/p>\n<p class=\"x_yiv8124135402ydp91ae8d80yiv1421890995MsoNormal\"><b>Oficina Modelo traz demonstra\u00e7\u00f5es em carros<\/b><\/p>\n<p class=\"x_yiv8124135402ydp91ae8d80yiv1421890995MsoPlainText\">Tradicionalmente j\u00e1 conhecida na Reparasul, nesta edi\u00e7\u00e3o a Oficina Modelo retorna em um espa\u00e7o maior e apresentando uma cabine de pintura mais moderna.\u00a0Idealizada pela Nordeste Tintas,\u00a0a iniciativa apresentar\u00e1 uma\u00a0oficina\u00a0real em todos os dias de feira, simulando situa\u00e7\u00f5es encontradas no dia a dia dos reparadores. No local, os visitantes poder\u00e3o acompanhar demonstra\u00e7\u00f5es de produtos e processos para melhor rentabilizar as opera\u00e7\u00f5es, otimizando custos e tamb\u00e9m a qualidade do reparo.\u00a0Estar\u00e3o envolvidos mais de 25 profissionais de todas as empresas parceiras do projeto, sendo elas: Nordeste Tintas, Akzonobel, Indasa, Orange Cabines, Colad, Dimensions Customs e Grupo Techpur.<\/p>\n<p class=\"x_yiv8124135402ydp91ae8d80yiv1421890995MsoNormal\">O espa\u00e7o apresentar\u00e1 ferramentas inovadoras em funilaria, box de prepara\u00e7\u00e3o, sistema de lixamento aspirado, cabine de pintura, box de est\u00e9tica com a presen\u00e7a dos customizadores da Dimension Customs e outras atra\u00e7\u00f5es. O destaque fica por conta da cabine de pintura FLEX, da Orange Cabines, com piso totalmente gradeado para suportar at\u00e9 mesmo ve\u00edculos blindados e diferenciais importantes como queimador italiano de alta performance, quadro de comando completo, dumper sui\u00e7o de alta resist\u00eancia, entre outras caracter\u00edsticas, proporcionando mais produtividade e qualidade de pintura e entregando uma das melhores op\u00e7\u00f5es em cabine de pintura da atualidade.<\/p>\n<p class=\"x_yiv8124135402ydp91ae8d80yiv1421890995MsoPlainText\" aria-hidden=\"true\">\u00a0<\/p>\n<p><b>SERVI\u00c7O<\/b><b><\/b><\/p>\n<p><b>Evento:\u00a0<\/b>5\u00aa Reparasul \u2013 Feira de Autope\u00e7as e Repara\u00e7\u00e3o Automotiva<\/p>\n<p><b>Data:<\/b>\u00a015 a 18 de novembro de 2023 (quarta-feira a s\u00e1bado)<\/p>\n<p><b>Hor\u00e1rio:<\/b>\u00a0de quarta a sexta-feira (15, 16 e 17) das 15 \u00e0s 22 horas; e s\u00e1bado (18), das 9 \u00e0s 18 horas<\/p>\n<p><b>Local:<\/b>\u00a0Fenac - Novo Hamburgo\/RS<\/p>\n<p><b>Credenciamento:<\/b>\u00a0entrada gratuita mediante credenciamento atrav\u00e9s do site\u00a0<a href=\"http:\/\/www.reparasul.com.br\/\" target=\"_blank\" rel=\"nofollow noopener noreferrer\" shape=\"rect\" data-auth=\"NotApplicable\" data-linkindex=\"2\">www.reparasul.com.br<\/a>. A feira \u00e9 destinada aos profissionais do setor. \u00c9 proibida a entrada de menores de 14 anos.<\/p>\n<p><b>Realiza\u00e7\u00e3o:<\/b>\u00a0Fenac Experi\u00eancias Conectam<\/p>\n<p><b>Apresenta\u00e7\u00e3o:<\/b>\u00a0Sicredi Pioneira<\/p>\n<p class=\"x_yiv8124135402ydp91ae8d80yiv1421890995MsoNormal\"><b>Apoio:<\/b>\u00a0ABRAFILTROS (Associa\u00e7\u00e3o Brasileira das Empresas de Filtros e seus Sistemas Automotivos e Industriais), ARAVAT (Associa\u00e7\u00e3o dos Reparadores Automotivos do Vale do Taquari), ARERGS (Associa\u00e7\u00e3o das Retificadoras do Estado do Rio Grande do Sul), ASERV (Associa\u00e7\u00e3o Serrana das Empresas da Repara\u00e7\u00e3o Veicular), AutoRede Servi\u00e7os Automotivos, Instituto MV8, Instituto da Qualidade Automotiva (IQA), Microempa (Associa\u00e7\u00e3o das Empresas de Pequeno Porte do RS), SEBRAE (Servi\u00e7o Brasileiro de Apoio \u00e0s Micro e Pequenas Empresas), SIMECS (Sindicato das Ind\u00fastrias Metal\u00fargicas, Mec\u00e2nicas e de Material El\u00e9trico de Caxias do Sul) e SINDIREPA\/RS (Sindicato da Ind\u00fastria de Repara\u00e7\u00e3o de Ve\u00edculos e Acess\u00f3rios do Estado do Rio Grande do Sul).<\/p>\n<p><b>Mais informa\u00e7\u00f5es:<\/b>\u00a0acesse\u00a0<a href=\"https:\/\/www.reparasul.com.br\/\" target=\"_blank\" rel=\"nofollow noopener noreferrer\" shape=\"rect\" data-auth=\"NotApplicable\" data-linkindex=\"3\">www.reparasul.com.br<\/a> e acompanhe nas redes sociais <a href=\"http:\/\/www.facebook.com\/feirareparasul\" target=\"_blank\" rel=\"nofollow noopener noreferrer\" shape=\"rect\" data-auth=\"NotApplicable\" data-linkindex=\"4\">www.facebook.com\/feirareparasul<\/a>\u00a0e\u00a0<a href=\"http:\/\/www.instagram.com\/reparasul\" target=\"_blank\" rel=\"nofollow noopener noreferrer\" shape=\"rect\" data-auth=\"NotApplicable\" data-linkindex=\"5\">www.instagram.com\/reparasul<\/a>.<\/p>\n<hr \/>\n<h6 class=\"x_yiv8124135402ydp91ae8d80yiv1421890995MsoNormal\" aria-hidden=\"true\"><strong>Assessoria de Imprensa - Talenttare | Foto: Diego Soares<\/strong><\/h6>\n\n\n<center><iframe loading=\"lazy\" class=\"jmvplayer\" src=\"https:\/\/player.jmvstream.com\/lvw\/YYGWo5wfZuZ8fEW7Qoq1ISwhLSEDhU\" allowfullscreen allow=\"autoplay; fullscreen\" frameborder=\"0\" width=\"640\" height=\"360\" ><\/iframe><\/center>\n<\/div><\/div>","protected":false},"excerpt":{"rendered":"<p>Feira profissional acontece na Fenac, em Novo Hamburgo\/RS \u00a0 Falta pouco para come\u00e7ar a\u00a05\u00aa Reparasul \u2013 Feira de Autope\u00e7as e Repara\u00e7\u00e3o Automotiva.\u00a0A partir desta quarta-feira (15), a Fenac, em Novo Hamburgo\/RS, ser\u00e1 o ponto de encontro de profissionais do setor de repara\u00e7\u00e3o automotiva e autope\u00e7as em busca de novidades e tend\u00eancias do mercado. At\u00e9 s\u00e1bado [&hellip;]<\/p>\n","protected":false},"author":4,"featured_media":60420,"comment_status":"open","ping_status":"open","sticky":false,"template":"","format":"standard","meta":{"footnotes":""},"categories":[1],"tags":[],"class_list":["post-60419","post","type-post","status-publish","format-standard","has-post-thumbnail","hentry","category-sem-categoria"],"_links":{"self":[{"href":"https:\/\/sol.fm.br\/radio\/wp-json\/wp\/v2\/posts\/60419","targetHints":{"allow":["GET"]}}],"collection":[{"href":"https:\/\/sol.fm.br\/radio\/wp-json\/wp\/v2\/posts"}],"about":[{"href":"https:\/\/sol.fm.br\/radio\/wp-json\/wp\/v2\/types\/post"}],"author":[{"embeddable":true,"href":"https:\/\/sol.fm.br\/radio\/wp-json\/wp\/v2\/users\/4"}],"replies":[{"embeddable":true,"href":"https:\/\/sol.fm.br\/radio\/wp-json\/wp\/v2\/comments?post=60419"}],"version-history":[{"count":1,"href":"https:\/\/sol.fm.br\/radio\/wp-json\/wp\/v2\/posts\/60419\/revisions"}],"predecessor-version":[{"id":60421,"href":"https:\/\/sol.fm.br\/radio\/wp-json\/wp\/v2\/posts\/60419\/revisions\/60421"}],"wp:featuredmedia":[{"embeddable":true,"href":"https:\/\/sol.fm.br\/radio\/wp-json\/wp\/v2\/media\/60420"}],"wp:attachment":[{"href":"https:\/\/sol.fm.br\/radio\/wp-json\/wp\/v2\/media?parent=60419"}],"wp:term":[{"taxonomy":"category","embeddable":true,"href":"https:\/\/sol.fm.br\/radio\/wp-json\/wp\/v2\/categories?post=60419"},{"taxonomy":"post_tag","embeddable":true,"href":"https:\/\/sol.fm.br\/radio\/wp-json\/wp\/v2\/tags?post=60419"}],"curies":[{"name":"wp","href":"https:\/\/api.w.org\/{rel}","templated":true}]}}