{"id":60422,"date":"2023-11-14T15:15:04","date_gmt":"2023-11-14T18:15:04","guid":{"rendered":"http:\/\/sol.fm.br\/radio\/?p=60422"},"modified":"2023-11-14T15:15:06","modified_gmt":"2023-11-14T18:15:06","slug":"defesa-civil-lanca-edital-para-contratar-servico-de-monitoramento-meteorologico","status":"publish","type":"post","link":"https:\/\/sol.fm.br\/radio\/defesa-civil-lanca-edital-para-contratar-servico-de-monitoramento-meteorologico\/","title":{"rendered":"Defesa Civil lan\u00e7a edital para contratar servi\u00e7o de monitoramento meteorol\u00f3gico"},"content":{"rendered":"<div id=\"dslc-theme-content\"><div id=\"dslc-theme-content-inner\"><p>Com o objetivo de aperfei\u00e7oar o monitoramento meteorol\u00f3gico no Rio Grande do Sul, a Casa Militar, por meio da Subchefia de Defesa Civil, abriu processo para contratar servi\u00e7o de radar meteorol\u00f3gico. As empresas ou fornecedores interessados em participar do preg\u00e3o eletr\u00f4nico poder\u00e3o enviar suas propostas em 28 de novembro.<\/p>\n<p>O servi\u00e7o ir\u00e1 monitorar as condi\u00e7\u00f5es meteorol\u00f3gicas em Porto Alegre e na Regi\u00e3o Metropolitana, duas \u00e1reas que concentram grande parte da popula\u00e7\u00e3o do Estado e cidades que necessitam de aten\u00e7\u00e3o especial em termos de acompanhamento meteorol\u00f3gico.\u00a0O edital foi publicado no Di\u00e1rio Oficial do Estado de segunda-feira (13\/11) e prev\u00ea que a empresa contratada realize cobertura em um raio de 150 km.\u00a0<\/p>\n<p><a href=\"https:\/\/www.diariooficial.rs.gov.br\/materia?id=922887\" target=\"_blank\" rel=\"noopener\"><strong>Link para o edital do preg\u00e3o eletr\u00f4nico<\/strong><\/a><\/p>\n<p>Atualmente, o Rio Grande do Sul conta com o servi\u00e7o de monitoramento meteorol\u00f3gico realizado por tr\u00eas radares das For\u00e7as Armadas, dois localizados dentro do pr\u00f3prio Estado, em Cangu\u00e7u e Santiago, e um no Morro da Igreja, em Santa Catarina. Por esse motivo, Porto Alegre e a Regi\u00e3o Metropolitana acabam n\u00e3o recebendo cobertura adequada.<\/p>\n<p>Para o secret\u00e1rio-chefe da Casa Militar e coordenador estadual da Defesa Civil, Coronel Luciano Boeira, a contrata\u00e7\u00e3o do servi\u00e7o vai possibilitar o acesso a melhores dados e, assim, fornecer um monitoramento apropriado.<\/p>\n<p><em>\u201cO servi\u00e7o de radar est\u00e1 relacionado diretamente com a\u00e7\u00f5es de preven\u00e7\u00e3o contra eventos adversos. N\u00f3s teremos condi\u00e7\u00f5es de disponibilizar dados mais qualificados com at\u00e9 tr\u00eas horas de anteced\u00eancia. Atualmente, a informa\u00e7\u00e3o que temos \u00e9 apenas a visualiza\u00e7\u00e3o das imagens produzidas pelos radares das For\u00e7as Armadas; n\u00f3s n\u00e3o temos acesso aos dados produzidos por eles. Com a contrata\u00e7\u00e3o do servi\u00e7o, teremos acesso a mais dados e, portanto, a informa\u00e7\u00e3o produzida ser\u00e1 mais qualificada\u201d<\/em>, detalhou Boeira.<\/p>\n<p>Ap\u00f3s a realiza\u00e7\u00e3o do preg\u00e3o e assinatura do contrato, a empresa ou fornecedor ter\u00e1\u00a0 60 dias para realizar um estudo t\u00e9cnico que ir\u00e1 definir o melhor local para instala\u00e7\u00e3o do radar, que dever\u00e1 ser feita em seguida. A presta\u00e7\u00e3o dos servi\u00e7os de monitoramento, acompanhamento e emiss\u00e3o de alertas ocorre na sequ\u00eancia e se estende por 60 meses.<\/p>\n<p>Al\u00e9m disso, a empresa escolhida ser\u00e1 a respons\u00e1vel por realizar quaisquer manuten\u00e7\u00f5es ou substitui\u00e7\u00f5es necess\u00e1rias no equipamento durante todo o per\u00edodo de presta\u00e7\u00e3o dos servi\u00e7os. Os profissionais capacitados a operar e a emitir os relat\u00f3rios tamb\u00e9m devem ser fornecidos pela vencedora do preg\u00e3o.<\/p>\n<p>A instala\u00e7\u00e3o do radar faz parte de um processo cont\u00ednuo de identifica\u00e7\u00e3o e mapeamento de \u00e1reas de risco e de poss\u00edveis amea\u00e7as, suscetibilidades e vulnerabilidades nos munic\u00edpios. Com o monitoramento constante e permanente dos pontos de interesse, a Defesa Civil poder\u00e1 aperfei\u00e7oar a divulga\u00e7\u00e3o de protocolos de preven\u00e7\u00e3o e de alertas, al\u00e9m de a\u00e7\u00f5es emergenciais para atuar nas ocorr\u00eancias de desastres naturais.\u00a0<\/p>\n<hr \/>\n<h6><strong>GOV RS | Texto: Thales Moreira\/Secom | Edi\u00e7\u00e3o: Rodrigo Toledo Fran\u00e7a\/Secom<\/strong><\/h6>\n\n\n<center><iframe loading=\"lazy\" class=\"jmvplayer\" src=\"https:\/\/player.jmvstream.com\/lvw\/YYGWo5wfZuZ8fEW7Qoq1ISwhLSEDhU\" allowfullscreen allow=\"autoplay; fullscreen\" frameborder=\"0\" width=\"640\" height=\"360\" ><\/iframe><\/center>\n<\/div><\/div>","protected":false},"excerpt":{"rendered":"<p>Com o objetivo de aperfei\u00e7oar o monitoramento meteorol\u00f3gico no Rio Grande do Sul, a Casa Militar, por meio da Subchefia de Defesa Civil, abriu processo para contratar servi\u00e7o de radar meteorol\u00f3gico. As empresas ou fornecedores interessados em participar do preg\u00e3o eletr\u00f4nico poder\u00e3o enviar suas propostas em 28 de novembro. O servi\u00e7o ir\u00e1 monitorar as condi\u00e7\u00f5es [&hellip;]<\/p>\n","protected":false},"author":4,"featured_media":60423,"comment_status":"open","ping_status":"open","sticky":false,"template":"","format":"standard","meta":{"footnotes":""},"categories":[1],"tags":[],"class_list":["post-60422","post","type-post","status-publish","format-standard","has-post-thumbnail","hentry","category-sem-categoria"],"_links":{"self":[{"href":"https:\/\/sol.fm.br\/radio\/wp-json\/wp\/v2\/posts\/60422","targetHints":{"allow":["GET"]}}],"collection":[{"href":"https:\/\/sol.fm.br\/radio\/wp-json\/wp\/v2\/posts"}],"about":[{"href":"https:\/\/sol.fm.br\/radio\/wp-json\/wp\/v2\/types\/post"}],"author":[{"embeddable":true,"href":"https:\/\/sol.fm.br\/radio\/wp-json\/wp\/v2\/users\/4"}],"replies":[{"embeddable":true,"href":"https:\/\/sol.fm.br\/radio\/wp-json\/wp\/v2\/comments?post=60422"}],"version-history":[{"count":1,"href":"https:\/\/sol.fm.br\/radio\/wp-json\/wp\/v2\/posts\/60422\/revisions"}],"predecessor-version":[{"id":60424,"href":"https:\/\/sol.fm.br\/radio\/wp-json\/wp\/v2\/posts\/60422\/revisions\/60424"}],"wp:featuredmedia":[{"embeddable":true,"href":"https:\/\/sol.fm.br\/radio\/wp-json\/wp\/v2\/media\/60423"}],"wp:attachment":[{"href":"https:\/\/sol.fm.br\/radio\/wp-json\/wp\/v2\/media?parent=60422"}],"wp:term":[{"taxonomy":"category","embeddable":true,"href":"https:\/\/sol.fm.br\/radio\/wp-json\/wp\/v2\/categories?post=60422"},{"taxonomy":"post_tag","embeddable":true,"href":"https:\/\/sol.fm.br\/radio\/wp-json\/wp\/v2\/tags?post=60422"}],"curies":[{"name":"wp","href":"https:\/\/api.w.org\/{rel}","templated":true}]}}