{"id":60430,"date":"2023-11-16T10:13:39","date_gmt":"2023-11-16T13:13:39","guid":{"rendered":"http:\/\/sol.fm.br\/radio\/?p=60430"},"modified":"2023-11-16T10:13:40","modified_gmt":"2023-11-16T13:13:40","slug":"governo-avanca-nos-projetos-para-construcao-de-moradias-temporarias-e-definitivas-em-roca-sales-e-mucum","status":"publish","type":"post","link":"https:\/\/sol.fm.br\/radio\/governo-avanca-nos-projetos-para-construcao-de-moradias-temporarias-e-definitivas-em-roca-sales-e-mucum\/","title":{"rendered":"Governo avan\u00e7a nos projetos para constru\u00e7\u00e3o de moradias tempor\u00e1rias e definitivas em Roca Sales e Mu\u00e7um"},"content":{"rendered":"<div id=\"dslc-theme-content\"><div id=\"dslc-theme-content-inner\"><p>Na sequ\u00eancia das a\u00e7\u00f5es de reconstru\u00e7\u00e3o p\u00f3s-enchentes no Vale do Taquari, o governador Eduardo Leite fez dois an\u00fancios na manh\u00e3 desta quarta-feira (15\/11) sobre a \u00e1rea de habita\u00e7\u00e3o. Em solenidade realizada no Pal\u00e1cio Piratini, Leite assinou dois documentos: o decreto de desapropria\u00e7\u00e3o de \u00e1rea em Mu\u00e7um para constru\u00e7\u00e3o de moradias e a delega\u00e7\u00e3o de compet\u00eancia para que a Secretaria de Habita\u00e7\u00e3o e Regulariza\u00e7\u00e3o Fundi\u00e1ria (Sehab) formalize um termo de coopera\u00e7\u00e3o com o Sindicato da Ind\u00fastria da Constru\u00e7\u00e3o Civil (Sinduscon-RS) para erguer casas tempor\u00e1rias em Roca Sales.<\/p>\n<p><em>\u201cCom essas iniciativas, refor\u00e7amos o nosso compromisso com a reconstru\u00e7\u00e3o dos munic\u00edpios mais atingidos pela enchente. N\u00e3o podemos permitir que essas pessoas que perderam tudo sejam tamb\u00e9m v\u00edtimas de desassist\u00eancia do poder p\u00fablico. Desde o primeiro momento, estamos mobilizados para garantir que a reconstru\u00e7\u00e3o ocorra o mais r\u00e1pido poss\u00edvel\u201d,<\/em> destacou o governador.<\/p>\n<p>Em Roca Sales, ser\u00e3o constru\u00eddas 20 casas de passagem, at\u00e9 que as definitivas estejam prontas, com recursos da iniciativa privada, por meio da parceira entre o Estado e o Sinduscon, al\u00e9m de doa\u00e7\u00f5es do setor privado. O modelo de casas tempor\u00e1rias foi inspirado nas vilas de passagem erguidas em S\u00e3o Sebasti\u00e3o, no litoral de S\u00e3o Paulo, ap\u00f3s a trag\u00e9dia clim\u00e1tica ocorrida em fevereiro.<\/p>\n<p>O vice-governador Gabriel Souza, que coordenou in loco o gabinete de crise do governo do Estado instalado no Vale do Taquari, destacou que as medidas representam mais um passo na retomada da normalidade na regi\u00e3o. <em>\u201cMu\u00e7um e Roca Sales contabilizam centenas de casas destru\u00eddas em parte ou totalmente ap\u00f3s as enxurradas. As assinaturas realizadas hoje s\u00e3o o resultado de um trabalho em conjunto com os munic\u00edpios para viabilizar um local seguro e adequado para as fam\u00edlias que perderam suas resid\u00eancias\u201d,<\/em> complementou.<\/p>\n<p>O decreto de desapropria\u00e7\u00e3o de \u00e1rea em Mu\u00e7um permitir\u00e1 a constru\u00e7\u00e3o de 209 unidades habitacionais definitivas. No terreno, ser\u00e1 poss\u00edvel erguer 65 casas e 144 apartamentos, com recursos oriundos do governo federal.<\/p>\n<p><em>\u201cO Estado tem sido um grande parceiro desse processo de reconstru\u00e7\u00e3o de Mu\u00e7um. Esse \u00e9 um momento marcante porque temos a consolida\u00e7\u00e3o de algo fundamental, que \u00e9 ofertar uma \u00e1rea para a constru\u00e7\u00e3o das moradias. \u00c9 um marco que, gra\u00e7as ao apoio do governo do Estado, ser\u00e1 eternizado na hist\u00f3ria de Mu\u00e7um\u201d<\/em>, afirmou o prefeito Mateus Trojan.<\/p>\n<p>Al\u00e9m do governador e do vice, participaram da solenidade os secret\u00e1rios Carlos Gomes, de Habita\u00e7\u00e3o e Regulariza\u00e7\u00e3o Fundi\u00e1ria, e Fabr\u00edcio Peruchin, de Justi\u00e7a, Cidadania e Direitos Humanos, ex-titular da Sehab.<\/p>\n<hr \/>\n<h6><strong>GOV RS | Texto: Texto: \u00c1rima Stock\/Ascom Sehab | Edi\u00e7\u00e3o: Vitor Necchi\/Secom | Foto: Maur\u00edcio Tonetto\/Secom<\/strong><\/h6>\n\n\n<center><iframe loading=\"lazy\" class=\"jmvplayer\" src=\"https:\/\/player.jmvstream.com\/lvw\/YYGWo5wfZuZ8fEW7Qoq1ISwhLSEDhU\" allowfullscreen allow=\"autoplay; fullscreen\" frameborder=\"0\" width=\"640\" height=\"360\" ><\/iframe><\/center>\n<\/div><\/div>","protected":false},"excerpt":{"rendered":"<p>Na sequ\u00eancia das a\u00e7\u00f5es de reconstru\u00e7\u00e3o p\u00f3s-enchentes no Vale do Taquari, o governador Eduardo Leite fez dois an\u00fancios na manh\u00e3 desta quarta-feira (15\/11) sobre a \u00e1rea de habita\u00e7\u00e3o. Em solenidade realizada no Pal\u00e1cio Piratini, Leite assinou dois documentos: o decreto de desapropria\u00e7\u00e3o de \u00e1rea em Mu\u00e7um para constru\u00e7\u00e3o de moradias e a delega\u00e7\u00e3o de compet\u00eancia [&hellip;]<\/p>\n","protected":false},"author":4,"featured_media":60431,"comment_status":"open","ping_status":"open","sticky":false,"template":"","format":"standard","meta":{"footnotes":""},"categories":[1],"tags":[],"class_list":["post-60430","post","type-post","status-publish","format-standard","has-post-thumbnail","hentry","category-sem-categoria"],"_links":{"self":[{"href":"https:\/\/sol.fm.br\/radio\/wp-json\/wp\/v2\/posts\/60430","targetHints":{"allow":["GET"]}}],"collection":[{"href":"https:\/\/sol.fm.br\/radio\/wp-json\/wp\/v2\/posts"}],"about":[{"href":"https:\/\/sol.fm.br\/radio\/wp-json\/wp\/v2\/types\/post"}],"author":[{"embeddable":true,"href":"https:\/\/sol.fm.br\/radio\/wp-json\/wp\/v2\/users\/4"}],"replies":[{"embeddable":true,"href":"https:\/\/sol.fm.br\/radio\/wp-json\/wp\/v2\/comments?post=60430"}],"version-history":[{"count":1,"href":"https:\/\/sol.fm.br\/radio\/wp-json\/wp\/v2\/posts\/60430\/revisions"}],"predecessor-version":[{"id":60432,"href":"https:\/\/sol.fm.br\/radio\/wp-json\/wp\/v2\/posts\/60430\/revisions\/60432"}],"wp:featuredmedia":[{"embeddable":true,"href":"https:\/\/sol.fm.br\/radio\/wp-json\/wp\/v2\/media\/60431"}],"wp:attachment":[{"href":"https:\/\/sol.fm.br\/radio\/wp-json\/wp\/v2\/media?parent=60430"}],"wp:term":[{"taxonomy":"category","embeddable":true,"href":"https:\/\/sol.fm.br\/radio\/wp-json\/wp\/v2\/categories?post=60430"},{"taxonomy":"post_tag","embeddable":true,"href":"https:\/\/sol.fm.br\/radio\/wp-json\/wp\/v2\/tags?post=60430"}],"curies":[{"name":"wp","href":"https:\/\/api.w.org\/{rel}","templated":true}]}}