{"id":60433,"date":"2023-11-16T10:18:54","date_gmt":"2023-11-16T13:18:54","guid":{"rendered":"http:\/\/sol.fm.br\/radio\/?p=60433"},"modified":"2023-11-16T10:18:55","modified_gmt":"2023-11-16T13:18:55","slug":"vestibular-da-faccat-inscricoes-ate-esta-sexta-feira","status":"publish","type":"post","link":"https:\/\/sol.fm.br\/radio\/vestibular-da-faccat-inscricoes-ate-esta-sexta-feira\/","title":{"rendered":"Vestibular da Faccat: inscri\u00e7\u00f5es at\u00e9 esta sexta-feira"},"content":{"rendered":"<div id=\"dslc-theme-content\"><div id=\"dslc-theme-content-inner\"><p class=\"x_ydp9db0317cyiv2579269002MsoNormal\">As inscri\u00e7\u00f5es para o Vestibular Solid\u00e1rio da Faccat seguem at\u00e9 esta sexta-feira, 17 de novembro. Interessados em estudar na Institui\u00e7\u00e3o, que tem Conceito 5, segundo avalia\u00e7\u00e3o criteriosa do MEC, devem acessar o site\u00a0<a href=\"http:\/\/www.faccat.br\/vestibular\" target=\"_blank\" rel=\"noreferrer noopener\" data-auth=\"NotApplicable\" data-linkindex=\"0\"><b>www.faccat.br\/vestibular<\/b><\/a><b>\u00a0<\/b>para efetuar a inscri\u00e7\u00e3o.\u00a0O vestibular ser\u00e1 neste domingo, 19 de novembro, a partir das 14 horas, no campus.\u00a0 A taxa de inscri\u00e7\u00e3o \u00e9 a doa\u00e7\u00e3o de 4 litros de leite de caixinha, a serem entregues no dia da prova.\u00a0\u00a0<\/p>\n<p class=\"x_ydp9db0317cyiv2579269002MsoNormal\">O processo seletivo para os cursos de gradua\u00e7\u00e3o ser\u00e1 realizado em Prova \u00fanica, dividida em duas etapas: prova de Reda\u00e7\u00e3o e prova com quest\u00f5es objetivas de conhecimentos de Portugu\u00eas e Gerais.<\/p>\n<p class=\"x_ydp9db0317cyiv2579269002MsoNormal\">Integrando o lado solid\u00e1rio da Institui\u00e7\u00e3o, a Faccat tamb\u00e9m conta com muitos benef\u00edcios, o que ajuda os acad\u00eamicos a se formarem e se destacarem no mercado de trabalho.<\/p>\n<p class=\"x_ydp9db0317cyiv2579269002MsoNormal\"><b>Confira os benef\u00edcios<\/b><\/p>\n<p class=\"x_ydp9db0317cyiv2579269002MsoNormal\">FINANCIAMENTO FACCAT - Oferecido pela Faccat em que o aluno paga durante o curso 50% da mensalidade e o restante ser\u00e1 pago ap\u00f3s a conclus\u00e3o do curso;<\/p>\n<p class=\"x_ydp9db0317cyiv2579269002MsoNormal\">FIES - Financiamento oferecido pelo Minist\u00e9rio da Educa\u00e7\u00e3o. O aluno pode financiar de 50% a 97% do curso;<\/p>\n<p class=\"x_ydp9db0317cyiv2579269002MsoNormal\">CONV\u00caNIOS - Com empresas e entidades, proporcionando descontos nas mensalidades;<\/p>\n<p class=\"x_ydp9db0317cyiv2579269002MsoNormal\">DESCONTO POR IDADE - Alunos com mais de 45 anos recebem desconto de 40% nas mensalidades, exceto nos cursos de hor\u00e1rio especial;<\/p>\n<p class=\"x_ydp9db0317cyiv2579269002MsoNormal\">SEGURO EDUCACIONAL GRATUITO - Todos os alunos matriculados nos Cursos de Gradua\u00e7\u00e3o s\u00e3o beneficiados com o Seguro no caso de perderem o emprego;<\/p>\n<p class=\"x_ydp9db0317cyiv2579269002MsoNormal\">CR\u00c9DITO UNIVERSIT\u00c1RIO - Cr\u00e9dito Universit\u00e1rio nos bancos: Bradesco, Banrisul ou Sicredi. Consulte a tesouraria da Faccat ou os bancos citados;<\/p>\n<p class=\"x_ydp9db0317cyiv2579269002MsoNormal\">BANCO DE TALENTOS - Banco de dados com o perfil do estudante que precisa de emprego. Possibilidade de ingressar em uma empresa, exercendo o curso em andamento;<\/p>\n<p class=\"x_ydp9db0317cyiv2579269002MsoNormal\">EGRESSO FACCAT - Para os acad\u00eamicos formados na Faccat, 40% de desconto no total do curso.<\/p>\n<hr \/>\n<h6><strong>Assessoria de Imprensa - FACCAT | Faculdades Integradas de Taquara - Faccat | Texto: Claucia Ferreira\/Faccat | Fotos: Angelo Flesch\/Faccat<\/strong><\/h6>\n\n\n<center><iframe loading=\"lazy\" class=\"jmvplayer\" src=\"https:\/\/player.jmvstream.com\/lvw\/YYGWo5wfZuZ8fEW7Qoq1ISwhLSEDhU\" allowfullscreen allow=\"autoplay; fullscreen\" frameborder=\"0\" width=\"640\" height=\"360\" ><\/iframe><\/center>\n<\/div><\/div>","protected":false},"excerpt":{"rendered":"<p>As inscri\u00e7\u00f5es para o Vestibular Solid\u00e1rio da Faccat seguem at\u00e9 esta sexta-feira, 17 de novembro. Interessados em estudar na Institui\u00e7\u00e3o, que tem Conceito 5, segundo avalia\u00e7\u00e3o criteriosa do MEC, devem acessar o site\u00a0www.faccat.br\/vestibular\u00a0para efetuar a inscri\u00e7\u00e3o.\u00a0O vestibular ser\u00e1 neste domingo, 19 de novembro, a partir das 14 horas, no campus.\u00a0 A taxa de inscri\u00e7\u00e3o \u00e9 [&hellip;]<\/p>\n","protected":false},"author":4,"featured_media":60434,"comment_status":"open","ping_status":"open","sticky":false,"template":"","format":"standard","meta":{"footnotes":""},"categories":[1],"tags":[],"class_list":["post-60433","post","type-post","status-publish","format-standard","has-post-thumbnail","hentry","category-sem-categoria"],"_links":{"self":[{"href":"https:\/\/sol.fm.br\/radio\/wp-json\/wp\/v2\/posts\/60433","targetHints":{"allow":["GET"]}}],"collection":[{"href":"https:\/\/sol.fm.br\/radio\/wp-json\/wp\/v2\/posts"}],"about":[{"href":"https:\/\/sol.fm.br\/radio\/wp-json\/wp\/v2\/types\/post"}],"author":[{"embeddable":true,"href":"https:\/\/sol.fm.br\/radio\/wp-json\/wp\/v2\/users\/4"}],"replies":[{"embeddable":true,"href":"https:\/\/sol.fm.br\/radio\/wp-json\/wp\/v2\/comments?post=60433"}],"version-history":[{"count":1,"href":"https:\/\/sol.fm.br\/radio\/wp-json\/wp\/v2\/posts\/60433\/revisions"}],"predecessor-version":[{"id":60440,"href":"https:\/\/sol.fm.br\/radio\/wp-json\/wp\/v2\/posts\/60433\/revisions\/60440"}],"wp:featuredmedia":[{"embeddable":true,"href":"https:\/\/sol.fm.br\/radio\/wp-json\/wp\/v2\/media\/60434"}],"wp:attachment":[{"href":"https:\/\/sol.fm.br\/radio\/wp-json\/wp\/v2\/media?parent=60433"}],"wp:term":[{"taxonomy":"category","embeddable":true,"href":"https:\/\/sol.fm.br\/radio\/wp-json\/wp\/v2\/categories?post=60433"},{"taxonomy":"post_tag","embeddable":true,"href":"https:\/\/sol.fm.br\/radio\/wp-json\/wp\/v2\/tags?post=60433"}],"curies":[{"name":"wp","href":"https:\/\/api.w.org\/{rel}","templated":true}]}}