{"id":60441,"date":"2023-11-16T10:23:21","date_gmt":"2023-11-16T13:23:21","guid":{"rendered":"http:\/\/sol.fm.br\/radio\/?p=60441"},"modified":"2023-11-16T10:23:23","modified_gmt":"2023-11-16T13:23:23","slug":"reparasul-inicia-com-movimento-intenso-e-bons-negocios","status":"publish","type":"post","link":"https:\/\/sol.fm.br\/radio\/reparasul-inicia-com-movimento-intenso-e-bons-negocios\/","title":{"rendered":"Reparasul inicia com movimento intenso e bons neg\u00f3cios"},"content":{"rendered":"<div id=\"dslc-theme-content\"><div id=\"dslc-theme-content-inner\"><p class=\"x_yiv1715786054MsoNormal\" align=\"center\"><i>Feira profissional acontece at\u00e9 s\u00e1bado (18), na Fenac, em Novo Hamburgo\/RS<\/i><\/p>\n<p class=\"x_yiv1715786054MsoNormal\">A maior feira de autope\u00e7as e repara\u00e7\u00e3o automotiva do Sul do Brasil iniciou nesta quarta-feira (15), em Novo Hamburgo\/RS e segue at\u00e9 s\u00e1bado (18). Durante os pr\u00f3ximos tr\u00eas dias, a\u00a05\u00aa Reparasul \u2013 Feira de Autope\u00e7as e Repara\u00e7\u00e3o Automotiva<i>\u00a0<\/i>ocupar\u00e1 os pavilh\u00f5es da Fenac reunindo novidades, tend\u00eancias e conte\u00fado para o setor. S\u00e3o mais de 70 expositores de diferentes \u00e1reas, incluindo autope\u00e7as, motope\u00e7as, sistemas, acess\u00f3rios, equipamentos para repara\u00e7\u00e3o e manuten\u00e7\u00e3o, TI e gest\u00e3o.\u00a0Nos dias da semana o evento acontece das 15 \u00e0s 22 horas e s\u00e1bado das 9 \u00e0s 18 horas. O acesso \u00e9 gratuito para profissionais e interessados pelo setor mediante credenciamento pelo site\u00a0<a href=\"http:\/\/www.reparasul.com.br\/\" target=\"_blank\" rel=\"nofollow noopener noreferrer\" data-auth=\"NotApplicable\" data-linkindex=\"1\">www.reparasul.com.br<\/a>\u00a0ou no acesso ao evento.<\/p>\n<p class=\"x_yiv1715786054MsoNormal\">Com a expectativa de reunir mais de 10 mil visitantes ao longo do evento, o primeiro dia de Reparasul atraiu um bom p\u00fablico em busca de novidades e neg\u00f3cios. <em>\u201cTivemos uma movimenta\u00e7\u00e3o muito boa para o in\u00edcio de feira\u201d<\/em>, avaliou Andr\u00e9 Macedo, coordenador do evento.<em> \u201cOs profissionais da \u00e1rea esperam o ano inteiro pela Reparasul, que \u00e9 a maior feira do setor no Sul do pa\u00eds. Inclusive, temos caravanas organizadas de diferentes cidades do RS e SC\u201d<\/em>, detalhou. Macedo ainda lembra que, al\u00e9m de atender profissionais que j\u00e1 atuam no setor, a feira pensa nos visitantes que ainda est\u00e3o avaliando a possibilidade de empreender na \u00e1rea. <em>\u201cMuitos optam por vir at\u00e9 a feira para visualizar e entender melhor como funciona o setor\u201d,<\/em> explicou.<\/p>\n<p class=\"x_yiv1715786054MsoNormal\">Entre os expositores, a presen\u00e7a de p\u00fablico tamb\u00e9m foi destacada, inclusive atrav\u00e9s do fechamento de neg\u00f3cios j\u00e1 no in\u00edcio da feira. Participante da Reparasul desde a primeira edi\u00e7\u00e3o, a Sprintec j\u00e1 comemorou os resultados iniciais. <em>\u201cA feira est\u00e1 excelente, acima das nossas expectativas. Nas primeiras horas j\u00e1 vendemos equipamentos e mobili\u00e1rios da Beta Automotivo\u201d<\/em>, relatou Rog\u00e9rio Vinhola, do setor de Vendas da Sprintec. <em>\u201cTrouxemos como novidade o teste de injetores com sistema de inje\u00e7\u00e3o GDI, que j\u00e1 temos encomendas; e o lan\u00e7amento do 3D da Mahovi, que j\u00e1 temos vendas efetivadas tamb\u00e9m\u201d,<\/em> comemorou.<\/p>\n<p class=\"x_yiv1715786054MsoNormal\">Visitante da feira h\u00e1 mais edi\u00e7\u00f5es, Silvio Lindenmayer \u00e9 propriet\u00e1rio de uma oficina automotiva em Campo Bom\/RS e estava em busca de novidades, acompanhado da filha Luiza, que est\u00e1 pensando em ingressar no mercado tamb\u00e9m. <em>\u201cAqui na feira conferimos a evolu\u00e7\u00e3o do material interno da mec\u00e2nica, maquin\u00e1rio, inova\u00e7\u00e3o, produtos. \u00c9 fant\u00e1stico!\u201d<\/em>, relatou Silvio. <em>\u201cSempre encontramos algo novo na Reparasul, tanto em rela\u00e7\u00e3o a pe\u00e7as e ferramentas, quanto ao conhecimento\u201d,<\/em> garantiu, afirmando que j\u00e1 tinha escolhido produtos para levar neste ano tamb\u00e9m.<\/p>\n<p class=\"x_yiv1715786054MsoNormal\" aria-hidden=\"true\">\u00a0<\/p>\n<p class=\"x_yiv1715786054MsoNormal\"><b>Atra\u00e7\u00f5es proporcionam conhecimento gratuito<\/b><\/p>\n<p class=\"x_yiv1715786054MsoNormal\">Al\u00e9m de promover neg\u00f3cios e conex\u00f5es, um dos objetivos das feiras profissionais da Fenac \u00e9 proporcionar conhecimento gratuito para qualificar e atualizar os profissionais e os interessados em atuar no setor. Na Reparasul, al\u00e9m das diversas demonstra\u00e7\u00f5es que os visitantes podem conferir nos estandes dos expositores, tamb\u00e9m est\u00e3o \u00e0 disposi\u00e7\u00e3o espa\u00e7os como a Arena do Conhecimento e a Oficina Modelo.<\/p>\n<p class=\"x_yiv1715786054MsoNormal\">A Arena do Conhecimento oferece dezenas de palestras gratuitas durante os quatro dias de evento. Atrav\u00e9s de profissionais renomados, o espa\u00e7o capacita os visitantes sobre diferentes assuntos do segmento, incluindo temas como: intelig\u00eancia artificial nas oficinas, polimento, gest\u00e3o, ve\u00edculos h\u00edbridos e el\u00e9tricos, lideran\u00e7a femininas nas oficinas, desafios e oportunidades de oficinas especializadas, entre outras. Para conferir a programa\u00e7\u00e3o completa do espa\u00e7o, acesse\u00a0<a href=\"https:\/\/www.reparasul.com.br\/programacao\" target=\"_blank\" rel=\"nofollow noopener noreferrer\" data-auth=\"NotApplicable\" data-linkindex=\"2\">www.reparasul.com.br\/programacao<\/a>.\u00a0A Arena do Conhecimento da Reparasul conta com patroc\u00ednio da AutoRede Servi\u00e7os Automotivos.<\/p>\n<p class=\"x_yiv1715786054MsoPlainText\">Reconhecida por apresentar situa\u00e7\u00f5es\u00a0do dia a dia dos reparadores, a Oficina Modelo traz demonstra\u00e7\u00f5es de produtos e processos para melhor rentabilizar as opera\u00e7\u00f5es, otimizando custos e tamb\u00e9m a qualidade do reparo.\u00a0A iniciativa envolve mais de 25 profissionais de todas as empresas parceiras, sendo elas: Nordeste Tintas, Akzonobel, Indasa, Orange Cabines, Colad, Dimensions Customs e Grupo Techpur. O espa\u00e7o re\u00fane ferramentas inovadoras em funilaria, box de prepara\u00e7\u00e3o, sistema de lixamento aspirado, cabine de pintura e box de est\u00e9tica, entre outras atra\u00e7\u00f5es.<\/p>\n<p class=\"x_yiv1715786054MsoPlainText\" aria-hidden=\"true\">\u00a0<\/p>\n<p><b>SERVI\u00c7O<\/b><b><\/b><\/p>\n<p><b>Evento:\u00a0<\/b>5\u00aa Reparasul \u2013 Feira de Autope\u00e7as e Repara\u00e7\u00e3o Automotiva<\/p>\n<p><b>Data:<\/b>\u00a015 a 18 de novembro de 2023 (quarta-feira a s\u00e1bado)<\/p>\n<p><b>Hor\u00e1rio:<\/b>\u00a0de quarta a sexta-feira (15, 16 e 17) das 15 \u00e0s 22 horas; e s\u00e1bado (18), das 9 \u00e0s 18 horas<\/p>\n<p><b>Local:<\/b>\u00a0Fenac - Novo Hamburgo\/RS<\/p>\n<p><b>Credenciamento:<\/b>\u00a0entrada gratuita mediante credenciamento atrav\u00e9s do site\u00a0<a href=\"http:\/\/www.reparasul.com.br\/\" target=\"_blank\" rel=\"nofollow noopener noreferrer\" data-auth=\"NotApplicable\" data-linkindex=\"3\">www.reparasul.com.br<\/a>. A feira \u00e9 destinada aos profissionais do setor. \u00c9 proibida a entrada de menores de 14 anos.<\/p>\n<p><b>Realiza\u00e7\u00e3o:<\/b>\u00a0Fenac Experi\u00eancias Conectam<\/p>\n<p><b>Apresenta\u00e7\u00e3o:<\/b>\u00a0Sicredi Pioneira<\/p>\n<p class=\"x_yiv1715786054MsoNormal\"><b>Apoio:<\/b>\u00a0ABRAFILTROS (Associa\u00e7\u00e3o Brasileira das Empresas de Filtros e seus Sistemas Automotivos e Industriais), ARAVAT (Associa\u00e7\u00e3o dos Reparadores Automotivos do Vale do Taquari), ARERGS (Associa\u00e7\u00e3o das Retificadoras do Estado do Rio Grande do Sul), ASERV (Associa\u00e7\u00e3o Serrana das Empresas da Repara\u00e7\u00e3o Veicular), AutoRede Servi\u00e7os Automotivos, Instituto MV8, Instituto da Qualidade Automotiva (IQA), Microempa (Associa\u00e7\u00e3o das Empresas de Pequeno Porte do RS), SEBRAE (Servi\u00e7o Brasileiro de Apoio \u00e0s Micro e Pequenas Empresas), SIMECS (Sindicato das Ind\u00fastrias Metal\u00fargicas, Mec\u00e2nicas e de Material El\u00e9trico de Caxias do Sul) e SINDIREPA\/RS (Sindicato da Ind\u00fastria de Repara\u00e7\u00e3o de Ve\u00edculos e Acess\u00f3rios do Estado do Rio Grande do Sul).<\/p>\n<p><b>Mais informa\u00e7\u00f5es:<\/b>\u00a0acesse\u00a0<a href=\"https:\/\/www.reparasul.com.br\/\" target=\"_blank\" rel=\"nofollow noopener noreferrer\" data-auth=\"NotApplicable\" data-linkindex=\"4\">www.reparasul.com.br<\/a>\u00a0e acompanhe nas redes sociais\u00a0<a href=\"http:\/\/www.facebook.com\/feirareparasul\" target=\"_blank\" rel=\"nofollow noopener noreferrer\" data-auth=\"NotApplicable\" data-linkindex=\"5\">www.facebook.com\/feirareparasul<\/a>\u00a0e\u00a0<a href=\"http:\/\/www.instagram.com\/reparasul\" target=\"_blank\" rel=\"nofollow noopener noreferrer\" data-auth=\"NotApplicable\" data-linkindex=\"6\">www.instagram.com\/reparasul<\/a>.<\/p>\n<hr \/>\n<h6><strong>Assessoria de Imprensa - Talenttare | Foto: Diego Soares<\/strong><\/h6>\n\n\n<center><iframe loading=\"lazy\" class=\"jmvplayer\" src=\"https:\/\/player.jmvstream.com\/lvw\/YYGWo5wfZuZ8fEW7Qoq1ISwhLSEDhU\" allowfullscreen allow=\"autoplay; fullscreen\" frameborder=\"0\" width=\"640\" height=\"360\" ><\/iframe><\/center>\n<\/div><\/div>","protected":false},"excerpt":{"rendered":"<p>Feira profissional acontece at\u00e9 s\u00e1bado (18), na Fenac, em Novo Hamburgo\/RS A maior feira de autope\u00e7as e repara\u00e7\u00e3o automotiva do Sul do Brasil iniciou nesta quarta-feira (15), em Novo Hamburgo\/RS e segue at\u00e9 s\u00e1bado (18). Durante os pr\u00f3ximos tr\u00eas dias, a\u00a05\u00aa Reparasul \u2013 Feira de Autope\u00e7as e Repara\u00e7\u00e3o Automotiva\u00a0ocupar\u00e1 os pavilh\u00f5es da Fenac reunindo novidades, [&hellip;]<\/p>\n","protected":false},"author":4,"featured_media":60442,"comment_status":"open","ping_status":"open","sticky":false,"template":"","format":"standard","meta":{"footnotes":""},"categories":[1],"tags":[],"class_list":["post-60441","post","type-post","status-publish","format-standard","has-post-thumbnail","hentry","category-sem-categoria"],"_links":{"self":[{"href":"https:\/\/sol.fm.br\/radio\/wp-json\/wp\/v2\/posts\/60441","targetHints":{"allow":["GET"]}}],"collection":[{"href":"https:\/\/sol.fm.br\/radio\/wp-json\/wp\/v2\/posts"}],"about":[{"href":"https:\/\/sol.fm.br\/radio\/wp-json\/wp\/v2\/types\/post"}],"author":[{"embeddable":true,"href":"https:\/\/sol.fm.br\/radio\/wp-json\/wp\/v2\/users\/4"}],"replies":[{"embeddable":true,"href":"https:\/\/sol.fm.br\/radio\/wp-json\/wp\/v2\/comments?post=60441"}],"version-history":[{"count":1,"href":"https:\/\/sol.fm.br\/radio\/wp-json\/wp\/v2\/posts\/60441\/revisions"}],"predecessor-version":[{"id":60443,"href":"https:\/\/sol.fm.br\/radio\/wp-json\/wp\/v2\/posts\/60441\/revisions\/60443"}],"wp:featuredmedia":[{"embeddable":true,"href":"https:\/\/sol.fm.br\/radio\/wp-json\/wp\/v2\/media\/60442"}],"wp:attachment":[{"href":"https:\/\/sol.fm.br\/radio\/wp-json\/wp\/v2\/media?parent=60441"}],"wp:term":[{"taxonomy":"category","embeddable":true,"href":"https:\/\/sol.fm.br\/radio\/wp-json\/wp\/v2\/categories?post=60441"},{"taxonomy":"post_tag","embeddable":true,"href":"https:\/\/sol.fm.br\/radio\/wp-json\/wp\/v2\/tags?post=60441"}],"curies":[{"name":"wp","href":"https:\/\/api.w.org\/{rel}","templated":true}]}}