{"id":60457,"date":"2023-11-16T10:43:37","date_gmt":"2023-11-16T13:43:37","guid":{"rendered":"http:\/\/sol.fm.br\/radio\/?p=60457"},"modified":"2023-11-16T10:43:38","modified_gmt":"2023-11-16T13:43:38","slug":"frente-parlamentar-vai-debater-o-ensino-profissional-no-rio-grande-do-sul","status":"publish","type":"post","link":"https:\/\/sol.fm.br\/radio\/frente-parlamentar-vai-debater-o-ensino-profissional-no-rio-grande-do-sul\/","title":{"rendered":"Frente parlamentar vai debater o ensino profissional no Rio Grande do Sul"},"content":{"rendered":"<div id=\"dslc-theme-content\"><div id=\"dslc-theme-content-inner\"><p style=\"text-align: center;\"><em>Ato de instala\u00e7\u00e3o no legislativo ga\u00facho contou com a participa\u00e7\u00e3o da Agptea e de professores e diretores de escolas agr\u00edcolas<\/em><\/p>\n<p>A Frente Parlamentar em Apoio e Defesa das Escolas T\u00e9cnicas e Ensino Profissionalizante do Rio Grande Grande Sul foi instalada nesta ter\u00e7a-feira, 14 de novembro, e contou com a presen\u00e7a da dire\u00e7\u00e3o da Associa\u00e7\u00e3o Ga\u00facha de Professores T\u00e9cnicos de Ensino Agr\u00edcola (Agptea). O ato ocorreu na Sala Salzano Vieira da Cunha, da Assembleia Legislativa ga\u00facha. Professores e diretores de escolas agr\u00edcolas do Estado participaram da solenidade, assim como autoridades, parlamentares e representantes de entidades.<\/p>\n<p>A iniciativa foi proposta pela deputada Adriana Lara que afirmou ser este um tema muito importante, quando o desemprego no Estado chega a um dos seus maiores \u00edndices. Lembrou os dados do PNAD - Pesquisa Nacional por Amostra de Domic\u00edlios, que indicam que apenas 12% dos jovens entre 18 e 24 anos est\u00e3o matriculados em algum curso t\u00e9cnico. <em>\u201cPrecisamos garantir que esses jovens tenham a sua qualifica\u00e7\u00e3o profissional, tenham uma perspectiva de futuro\u201d,<\/em> salientou, afirmando que, para isso, <em>\u201cser\u00e1 preciso trabalhar para fortalecer as pol\u00edticas p\u00fablicas que comp\u00f5em as escolas e os cursos t\u00e9cnicos\u201d.<\/em><\/p>\n<p>O presidente da Agptea, Fritz Roloff, destacou em sua fala que se soma \u00e0 quest\u00e3o da audi\u00eancia p\u00fablica, anunciada pela deputada Adriana, para debater pol\u00edticas voltadas \u00e0 educa\u00e7\u00e3o no Estado. Salientou, ainda, que a parlamentar abriu as portas para a concretiza\u00e7\u00e3o de propostas levantadas a partir de um estudo relacionado ao ensino profissional. Roloff tamb\u00e9m destacou o di\u00e1logo que a Associa\u00e7\u00e3o tem com a Superintend\u00eancia da Educa\u00e7\u00e3o Profissional (Suepro\/RS). <em>\u201cEstamos felizes que j\u00e1 n\u00e3o se fala mais em extinguir a Suepro\u201d<\/em>, comentou.<\/p>\n<p>Roloff tamb\u00e9m citou o deputado federal Giovani Cherini, dizendo que o parlamentar abriu as portas para que a educa\u00e7\u00e3o agr\u00edcola no Rio Grande do Sul resgatasse o seu orgulho, a partir da emenda parlamentar que destinou R$ 30 milh\u00f5es para equipar as institui\u00e7\u00f5es de ensino. Cherini afirmou, por sua vez, que <em>\u201cas escolas t\u00e9cnicas precisam sair do sucateamento atual e serem modernizadas\u201d.<\/em> Informou que tamb\u00e9m j\u00e1 foi instalada esta mesma Frente Parlamentar em Minas Gerais e quando tiverem outras Frentes instaladas no pa\u00eds, ir\u00e3o ocorrer reuni\u00f5es em Bras\u00edlia para debater o tema da educa\u00e7\u00e3o profissional.<\/p>\n<p>O superintendente Adjunto da Suepro\/RS, Tom\u00e1s Collier, destacou que esse acompanhamento de perto da Assembleia Legislativa \u00e9 uma forma de mostrar que a educa\u00e7\u00e3o profissional est\u00e1 bem guardada. Disse que a porcentagem de matr\u00edculas da educa\u00e7\u00e3o profissional dentro do Ensino M\u00e9dio no Brasil fica em torno de 10% a 12% e que, portanto, h\u00e1 um potencial de crescimento muito grande no Brasil. <em>\u201cTemos como objetivo uma expans\u00e3o da matr\u00edcula de educa\u00e7\u00e3o profissional bastante agressiva. Hoje, ela est\u00e1 presente na rede estadual em 22% dos munic\u00edpios ga\u00fachos, e queremos atingir 50% at\u00e9 2026\u201d<\/em>, ressaltou, afirmando que \u00e9 preciso olhar com muito cuidado para cada jovem que est\u00e1 se formando, para que possa fazer parte do mundo do trabalho e da for\u00e7a contributiva do Estado.<\/p>\n<hr \/>\n<h6><strong>AgroEffective | Assessoria de Comunica\u00e7\u00e3o da Associa\u00e7\u00e3o Ga\u00facha dos Professores T\u00e9cnicos de Ensino Agr\u00edcola (Agptea) | Foto: Rejane Costa\/AgroEffective | Texto: Rejane Costa\/AgroEffective<\/strong><\/h6>\n\n\n<center><iframe loading=\"lazy\" class=\"jmvplayer\" src=\"https:\/\/player.jmvstream.com\/lvw\/YYGWo5wfZuZ8fEW7Qoq1ISwhLSEDhU\" allowfullscreen allow=\"autoplay; fullscreen\" frameborder=\"0\" width=\"640\" height=\"360\" ><\/iframe><\/center>\n<\/div><\/div>","protected":false},"excerpt":{"rendered":"<p>Ato de instala\u00e7\u00e3o no legislativo ga\u00facho contou com a participa\u00e7\u00e3o da Agptea e de professores e diretores de escolas agr\u00edcolas A Frente Parlamentar em Apoio e Defesa das Escolas T\u00e9cnicas e Ensino Profissionalizante do Rio Grande Grande Sul foi instalada nesta ter\u00e7a-feira, 14 de novembro, e contou com a presen\u00e7a da dire\u00e7\u00e3o da Associa\u00e7\u00e3o Ga\u00facha [&hellip;]<\/p>\n","protected":false},"author":4,"featured_media":60458,"comment_status":"open","ping_status":"open","sticky":false,"template":"","format":"standard","meta":{"footnotes":""},"categories":[1],"tags":[],"class_list":["post-60457","post","type-post","status-publish","format-standard","has-post-thumbnail","hentry","category-sem-categoria"],"_links":{"self":[{"href":"https:\/\/sol.fm.br\/radio\/wp-json\/wp\/v2\/posts\/60457","targetHints":{"allow":["GET"]}}],"collection":[{"href":"https:\/\/sol.fm.br\/radio\/wp-json\/wp\/v2\/posts"}],"about":[{"href":"https:\/\/sol.fm.br\/radio\/wp-json\/wp\/v2\/types\/post"}],"author":[{"embeddable":true,"href":"https:\/\/sol.fm.br\/radio\/wp-json\/wp\/v2\/users\/4"}],"replies":[{"embeddable":true,"href":"https:\/\/sol.fm.br\/radio\/wp-json\/wp\/v2\/comments?post=60457"}],"version-history":[{"count":1,"href":"https:\/\/sol.fm.br\/radio\/wp-json\/wp\/v2\/posts\/60457\/revisions"}],"predecessor-version":[{"id":60459,"href":"https:\/\/sol.fm.br\/radio\/wp-json\/wp\/v2\/posts\/60457\/revisions\/60459"}],"wp:featuredmedia":[{"embeddable":true,"href":"https:\/\/sol.fm.br\/radio\/wp-json\/wp\/v2\/media\/60458"}],"wp:attachment":[{"href":"https:\/\/sol.fm.br\/radio\/wp-json\/wp\/v2\/media?parent=60457"}],"wp:term":[{"taxonomy":"category","embeddable":true,"href":"https:\/\/sol.fm.br\/radio\/wp-json\/wp\/v2\/categories?post=60457"},{"taxonomy":"post_tag","embeddable":true,"href":"https:\/\/sol.fm.br\/radio\/wp-json\/wp\/v2\/tags?post=60457"}],"curies":[{"name":"wp","href":"https:\/\/api.w.org\/{rel}","templated":true}]}}