{"id":60466,"date":"2023-11-17T08:46:36","date_gmt":"2023-11-17T11:46:36","guid":{"rendered":"http:\/\/sol.fm.br\/radio\/?p=60466"},"modified":"2023-11-17T08:46:37","modified_gmt":"2023-11-17T11:46:37","slug":"prefeito-pedro-rippel-assina-convenio-com-a-sedur-para-receber-r-100-mil-para-construcao-de-paradas-de-onibus","status":"publish","type":"post","link":"https:\/\/sol.fm.br\/radio\/prefeito-pedro-rippel-assina-convenio-com-a-sedur-para-receber-r-100-mil-para-construcao-de-paradas-de-onibus\/","title":{"rendered":"Prefeito Pedro Rippel assina conv\u00eanio com a Sedur para receber R$ 100 mil para constru\u00e7\u00e3o de paradas de \u00f4nibus"},"content":{"rendered":"<div id=\"dslc-theme-content\"><div id=\"dslc-theme-content-inner\"><p>O prefeito Pedro Rippel assinou um conv\u00eanio entre a Prefeitura de Rolante e a Secretaria de Desenvolvimento Urbano e Metropolitano (Sedur), com o secret\u00e1rio da pasta, Rafael Mallmann, na \u00faltima ter\u00e7a-feira, 14, no valor de R$ 100 mil, destinados pelo deputado estadual Neri \u2013 o Carteiro (PSDB) para a constru\u00e7\u00e3o de 15 paradas de \u00f4nibus no munic\u00edpio.<\/p>\n<p><em>\u201cAgrade\u00e7o o deputado Neri \u2013 o Carteiro por ter lembrado de Rolante, atendendo a um pedido do PSDB no munic\u00edpio, atrav\u00e9s do presidente do partido, Arthur Klein. Este recurso ser\u00e1 muito importante para que possamos construir novas paradas e substituir as que j\u00e1 n\u00e3o est\u00e3o em condi\u00e7\u00f5es de uso em locais que a comunidade utiliza bastante o transporte p\u00fablico. Al\u00e9m disto, vamos dar continuidade \u00e0 padroniza\u00e7\u00e3o das paradas, que come\u00e7amos no ano passado, com o intuito de dar mais conforto e seguran\u00e7a \u00e0 comunidade e, tamb\u00e9m, de deixar a cidade mais bonita\u201d<\/em>, comenta Rippel.<\/p>\n<p>O ato celebrou a destina\u00e7\u00e3o de recursos adquiridos por meio de emendas parlamentares para realiza\u00e7\u00e3o de obras e investimentos em diversos setores, consolidando a parceria entre o governo do Estado e os munic\u00edpios.<\/p>\n<p>De acordo com o secret\u00e1rio Rafael Mallmann, as assinaturas dos termos de conv\u00eanio representam mais um passo rumo \u00e0 destina\u00e7\u00e3o do aporte financeiro que tanto os munic\u00edpios necessitam.<\/p>\n<p><em>\u201cConhecemos as dificuldades dos munic\u00edpios e ficamos felizes em fazer parte desse processo, que ir\u00e1 resultar na libera\u00e7\u00e3o de recursos. Parabenizo os nossos servidores pela celeridade com que conduziram o trabalho, bem como os deputados estaduais que garantiram as emendas. A partir de agora, contamos com as gest\u00f5es municipais para nos enviarem no prazo adequado toda a documenta\u00e7\u00e3o necess\u00e1ria \u00e0 libera\u00e7\u00e3o dos recursos\u201d<\/em>, declarou Mallmann.<\/p>\n<p>Participaram do evento, tamb\u00e9m, o deputado federal, Lucas Redecker (PSDB); o deputado estadual Neri \u2013 o Carteiro; o ex-deputado estadual Mateus Wesp, o diretor superintendente da Funda\u00e7\u00e3o Estadual de Planejamento Metropolitano e Regional (Metroplan), Francisco H\u00f6rbe; os prefeitos dos munic\u00edpios de Nicolau Vergueiro - Geraldo Ant\u00f4nio Munis; Chapada - Gelson Miguel Scherer; Alegrete - M\u00e1rcio Fonseca do Amaral; S\u00e3o Valentim, Claudimir Paniz; e Dom Pedrito, representado pelo secret\u00e1rio municipal Iuri Castilhos.<\/p>\n<hr \/>\n<h6><strong>Prefeitura Municipal de Rolante | Foto: Sedur<\/strong><\/h6>\n\n\n<center><iframe loading=\"lazy\" class=\"jmvplayer\" src=\"https:\/\/player.jmvstream.com\/lvw\/YYGWo5wfZuZ8fEW7Qoq1ISwhLSEDhU\" allowfullscreen allow=\"autoplay; fullscreen\" frameborder=\"0\" width=\"640\" height=\"360\" ><\/iframe><\/center>\n<\/div><\/div>","protected":false},"excerpt":{"rendered":"<p>O prefeito Pedro Rippel assinou um conv\u00eanio entre a Prefeitura de Rolante e a Secretaria de Desenvolvimento Urbano e Metropolitano (Sedur), com o secret\u00e1rio da pasta, Rafael Mallmann, na \u00faltima ter\u00e7a-feira, 14, no valor de R$ 100 mil, destinados pelo deputado estadual Neri \u2013 o Carteiro (PSDB) para a constru\u00e7\u00e3o de 15 paradas de \u00f4nibus [&hellip;]<\/p>\n","protected":false},"author":4,"featured_media":60467,"comment_status":"open","ping_status":"open","sticky":false,"template":"","format":"standard","meta":{"footnotes":""},"categories":[1],"tags":[],"class_list":["post-60466","post","type-post","status-publish","format-standard","has-post-thumbnail","hentry","category-sem-categoria"],"_links":{"self":[{"href":"https:\/\/sol.fm.br\/radio\/wp-json\/wp\/v2\/posts\/60466","targetHints":{"allow":["GET"]}}],"collection":[{"href":"https:\/\/sol.fm.br\/radio\/wp-json\/wp\/v2\/posts"}],"about":[{"href":"https:\/\/sol.fm.br\/radio\/wp-json\/wp\/v2\/types\/post"}],"author":[{"embeddable":true,"href":"https:\/\/sol.fm.br\/radio\/wp-json\/wp\/v2\/users\/4"}],"replies":[{"embeddable":true,"href":"https:\/\/sol.fm.br\/radio\/wp-json\/wp\/v2\/comments?post=60466"}],"version-history":[{"count":1,"href":"https:\/\/sol.fm.br\/radio\/wp-json\/wp\/v2\/posts\/60466\/revisions"}],"predecessor-version":[{"id":60468,"href":"https:\/\/sol.fm.br\/radio\/wp-json\/wp\/v2\/posts\/60466\/revisions\/60468"}],"wp:featuredmedia":[{"embeddable":true,"href":"https:\/\/sol.fm.br\/radio\/wp-json\/wp\/v2\/media\/60467"}],"wp:attachment":[{"href":"https:\/\/sol.fm.br\/radio\/wp-json\/wp\/v2\/media?parent=60466"}],"wp:term":[{"taxonomy":"category","embeddable":true,"href":"https:\/\/sol.fm.br\/radio\/wp-json\/wp\/v2\/categories?post=60466"},{"taxonomy":"post_tag","embeddable":true,"href":"https:\/\/sol.fm.br\/radio\/wp-json\/wp\/v2\/tags?post=60466"}],"curies":[{"name":"wp","href":"https:\/\/api.w.org\/{rel}","templated":true}]}}