{"id":60487,"date":"2023-11-17T09:13:35","date_gmt":"2023-11-17T12:13:35","guid":{"rendered":"http:\/\/sol.fm.br\/radio\/?p=60487"},"modified":"2023-11-17T09:13:36","modified_gmt":"2023-11-17T12:13:36","slug":"aumento-do-icms-vai-reduzir-poder-de-compra-dos-gauchos","status":"publish","type":"post","link":"https:\/\/sol.fm.br\/radio\/aumento-do-icms-vai-reduzir-poder-de-compra-dos-gauchos\/","title":{"rendered":"Aumento do ICMS vai reduzir poder de compra dos ga\u00fachos"},"content":{"rendered":"<div id=\"dslc-theme-content\"><div id=\"dslc-theme-content-inner\"><p class=\"x_yiv3317742523ydp8b8f65d6yiv4798657327MsoNormal\" align=\"center\"><i>FIERGS \u00e9 contra a proposta do governo<\/i><\/p>\n<p class=\"x_yiv3317742523ydp8b8f65d6yiv4798657327MsoNormal\"><b>\u00a0<\/b>Caso o Governo do Estado encaminhe a eleva\u00e7\u00e3o da al\u00edquota de ICMS de 17 para 19,50%, e se o projeto for aprovado pelos deputados estaduais, o poder de compra dos consumidores ga\u00fachos ser\u00e1 afetado, com impactos na redu\u00e7\u00e3o do consumo e, consequentemente, na diminui\u00e7\u00e3o da produ\u00e7\u00e3o industrial. A previs\u00e3o faz parte das an\u00e1lises e avalia\u00e7\u00f5es que a Federa\u00e7\u00e3o das Ind\u00fastrias do Estado do Rio Grande do Sul (FIERGS) est\u00e1 elaborando a partir da divulga\u00e7\u00e3o da proposta do aumento do imposto e por determina\u00e7\u00e3o do presidente da entidade, Gilberto Porcello Petry, que se encontra chefiando miss\u00e3o empresarial na Alemanha prospectando mercados para os produtos ga\u00fachos.<\/p>\n<p class=\"x_yiv3317742523ydp8b8f65d6yiv4798657327MsoNormal\">O presidente em exerc\u00edcio da FIERGS, Arildo Bennech Oliveira, ap\u00f3s conversa com Petry, afirmou que a competitividade da ind\u00fastria vai sofrer caso a eleva\u00e7\u00e3o se concretize, assim como teremos reflexo sobre a infla\u00e7\u00e3o estadual:<\/p>\n<p class=\"x_yiv3317742523ydp8b8f65d6yiv4798657327MsoNormal\">\u2013 Atualmente, estamos com muitas dificuldades no setor industrial ga\u00facho, cuja produ\u00e7\u00e3o caiu 5,1% este ano, at\u00e9 setembro, e 7.500 empregos foram fechados nos \u00faltimos 12 meses. O Rio Grande do Sul foi o segundo pior Estado na produ\u00e7\u00e3o industrial em nove meses de 2023. O primeiro foi o Cear\u00e1.<\/p>\n<p class=\"x_yiv3317742523ydp8b8f65d6yiv4798657327MsoNormal\">Al\u00e9m disso, o presidente em exerc\u00edcio da FIERGS salienta que o \u201cCusto RS \u201c, ou seja, o custo adicional de produ\u00e7\u00e3o aqui no Rio Grande do Sul em rela\u00e7\u00e3o a outros Estados, vai crescer atingindo negativamente a economia como um todo.<\/p>\n<p class=\"x_yiv3317742523ydp8b8f65d6yiv4798657327MsoNormal\">\u2013 J\u00e1 temos quest\u00f5es log\u00edsticas onerosas a superar, junto com o Piso Regional aprovado esta semana, e agora um aumento da carga tribut\u00e1ria, realmente estaremos agravando a desvantagem que temos para a reten\u00e7\u00e3o e atra\u00e7\u00e3o de empresas.<\/p>\n<p class=\"x_yiv3317742523ydp8b8f65d6yiv4798657327MsoNormal\">O presidente em exerc\u00edcio da FIERGS tamb\u00e9m anunciou que a entidade est\u00e1 convocando os Sindicatos Industriais para uma reuni\u00e3o nesta ter\u00e7a-feira, dia 21, quando o assunto ser\u00e1 debatido.<\/p>\n<hr \/>\n<h6><strong>Imprensa - FIERGS | Unicom -\u00a0Unidade de Comunica\u00e7\u00e3o do Sistema FIERGS<\/strong><\/h6>\n\n\n<center><iframe loading=\"lazy\" class=\"jmvplayer\" src=\"https:\/\/player.jmvstream.com\/lvw\/YYGWo5wfZuZ8fEW7Qoq1ISwhLSEDhU\" allowfullscreen allow=\"autoplay; fullscreen\" frameborder=\"0\" width=\"640\" height=\"360\" ><\/iframe><\/center>\n<\/div><\/div>","protected":false},"excerpt":{"rendered":"<p>FIERGS \u00e9 contra a proposta do governo \u00a0Caso o Governo do Estado encaminhe a eleva\u00e7\u00e3o da al\u00edquota de ICMS de 17 para 19,50%, e se o projeto for aprovado pelos deputados estaduais, o poder de compra dos consumidores ga\u00fachos ser\u00e1 afetado, com impactos na redu\u00e7\u00e3o do consumo e, consequentemente, na diminui\u00e7\u00e3o da produ\u00e7\u00e3o industrial. A [&hellip;]<\/p>\n","protected":false},"author":4,"featured_media":60488,"comment_status":"open","ping_status":"open","sticky":false,"template":"","format":"standard","meta":{"footnotes":""},"categories":[1],"tags":[],"class_list":["post-60487","post","type-post","status-publish","format-standard","has-post-thumbnail","hentry","category-sem-categoria"],"_links":{"self":[{"href":"https:\/\/sol.fm.br\/radio\/wp-json\/wp\/v2\/posts\/60487","targetHints":{"allow":["GET"]}}],"collection":[{"href":"https:\/\/sol.fm.br\/radio\/wp-json\/wp\/v2\/posts"}],"about":[{"href":"https:\/\/sol.fm.br\/radio\/wp-json\/wp\/v2\/types\/post"}],"author":[{"embeddable":true,"href":"https:\/\/sol.fm.br\/radio\/wp-json\/wp\/v2\/users\/4"}],"replies":[{"embeddable":true,"href":"https:\/\/sol.fm.br\/radio\/wp-json\/wp\/v2\/comments?post=60487"}],"version-history":[{"count":1,"href":"https:\/\/sol.fm.br\/radio\/wp-json\/wp\/v2\/posts\/60487\/revisions"}],"predecessor-version":[{"id":60489,"href":"https:\/\/sol.fm.br\/radio\/wp-json\/wp\/v2\/posts\/60487\/revisions\/60489"}],"wp:featuredmedia":[{"embeddable":true,"href":"https:\/\/sol.fm.br\/radio\/wp-json\/wp\/v2\/media\/60488"}],"wp:attachment":[{"href":"https:\/\/sol.fm.br\/radio\/wp-json\/wp\/v2\/media?parent=60487"}],"wp:term":[{"taxonomy":"category","embeddable":true,"href":"https:\/\/sol.fm.br\/radio\/wp-json\/wp\/v2\/categories?post=60487"},{"taxonomy":"post_tag","embeddable":true,"href":"https:\/\/sol.fm.br\/radio\/wp-json\/wp\/v2\/tags?post=60487"}],"curies":[{"name":"wp","href":"https:\/\/api.w.org\/{rel}","templated":true}]}}