{"id":60495,"date":"2023-11-17T13:55:09","date_gmt":"2023-11-17T16:55:09","guid":{"rendered":"http:\/\/sol.fm.br\/radio\/?p=60495"},"modified":"2023-11-17T13:55:11","modified_gmt":"2023-11-17T16:55:11","slug":"rede-de-farmacias-sao-joao-no-programa-jovem-empreendedor-instituto-manager","status":"publish","type":"post","link":"https:\/\/sol.fm.br\/radio\/rede-de-farmacias-sao-joao-no-programa-jovem-empreendedor-instituto-manager\/","title":{"rendered":"Rede de Farm\u00e1cias S\u00e3o Jo\u00e3o no Programa Jovem Empreendedor Instituto Manager"},"content":{"rendered":"<div id=\"dslc-theme-content\"><div id=\"dslc-theme-content-inner\"><p class=\"x_MsoNormal\" align=\"center\"><i>Empresa participa de programa piloto no Brasil com aulas de qualifica\u00e7\u00e3o in company realizadas duas vezes por semana e em turnos separados<\/i><\/p>\n<p class=\"x_MsoNormal\">O Programa Jovem Empreendedor Instituto Manager na Rede de Farm\u00e1cias S\u00e3o Jo\u00e3o \u00e9 o primeiro programa de qualifica\u00e7\u00e3o\u00a0<i>in company<\/i>\u00a0realizado no Brasil. \u00c9 um projeto-piloto que vai reunir 100 jovens que est\u00e3o cursando do Ensino Fundamental at\u00e9 o 3\u00ba ano do Ensino m\u00e9dio, separados em quatro turmas de 25 alunos, durante dois dias por semana e em hor\u00e1rios distintos. Participam filhos de colaboradores da Rede S\u00e3o Jo\u00e3o.<s><\/s><\/p>\n<p class=\"x_MsoNormal\">Os alunos v\u00e3o receber acompanhamento de professores qualificados, com uma metodologia din\u00e2mica e moderna. Tamb\u00e9m ser\u00e1 feito um interc\u00e2mbio t\u00e9cnico para aproximar especialistas de diferentes \u00e1reas, para que os alunos entendam na pr\u00e1tica se \u00e9 isso mesmo que desejam e, por \u00faltimo, cada jovem ser\u00e1 estimulado a criar o seu pr\u00f3prio projeto (<i>startup<\/i>), para incubar no setor farmac\u00eautico, propriamente para a S\u00e3o Jo\u00e3o.<\/p>\n<p class=\"x_MsoNormal\">O presidente da Rede de Farm\u00e1cias S\u00e3o Jo\u00e3o, Pedro Henrique Brair, foi o incentivador para que este projeto-piloto acontecesse na empresa. O aprendizado oferecido aos jovens ir\u00e1 contribuir na vida deles e de seus familiares.<\/p>\n<p class=\"x_MsoNormal\"><em>\u201cPara conquistar aquilo que desejamos, n\u00e3o tem outra forma a n\u00e3o ser com muito trabalho e muita dedica\u00e7\u00e3o. Ent\u00e3o, essa \u00e9 uma excelente oportunidade para estes jovens que, al\u00e9m do aprendizado, ser\u00e3o estimulados a desenvolver a disciplina, pois para cada esfor\u00e7o disciplinado sempre haver\u00e1 muitas recompensas. As pessoas n\u00e3o fracassam, elas simplesmente desistem. E para seguir em frente, para ter sucesso, \u00e9 necess\u00e1rio disciplina e prop\u00f3sito\u201d<\/em>, destaca Pedro Henrique Brair.<\/p>\n<p><img loading=\"lazy\" decoding=\"async\" class=\"alignnone size-medium wp-image-60498 aligncenter\" src=\"http:\/\/sol.fm.br\/radio\/wp-content\/uploads\/2023\/11\/82-400x300.jpg\" alt=\"\" width=\"400\" height=\"300\" srcset=\"https:\/\/sol.fm.br\/radio\/wp-content\/uploads\/2023\/11\/82-400x300.jpg 400w, https:\/\/sol.fm.br\/radio\/wp-content\/uploads\/2023\/11\/82-768x576.jpg 768w, https:\/\/sol.fm.br\/radio\/wp-content\/uploads\/2023\/11\/82-1536x1152.jpg 1536w, https:\/\/sol.fm.br\/radio\/wp-content\/uploads\/2023\/11\/82.jpg 1600w\" sizes=\"auto, (max-width: 400px) 100vw, 400px\" \/><\/p>\n<p class=\"x_MsoNormal\">Fernando Lusa, coordenador jur\u00eddico da Rede, destaca a a\u00e7\u00e3o inovadora que a S\u00e3o Jo\u00e3o realiza com este projeto. <em>\u201cEstamos felizes em poder oportunizar aos jovens e futuros empreendedores um desenvolvimento de forma\u00e7\u00e3o profunda. A Rede de Farm\u00e1cias S\u00e3o Jo\u00e3o em parceria com o Instituto Manager realiza o maior encontro e forma\u00e7\u00e3o de jovens empreendedores da Am\u00e9rica Latina. \u00c9 mais um projeto sendo desenvolvido com um \u00fanico objetivo, mudar as vidas das pessoas\u201c,<\/em> ressalta. \u00a0<\/p>\n<p class=\"x_MsoNormal\">Para Marta Cristina da Silva, analista de DHO (<i>Desenvolvimento Humano Organizacional<\/i>), este \u00e9 um programa importante porque oportuniza aprendizado para os alunos. <em>\u201cS\u00e3o jovens que a gente precisa aproveitar ao m\u00e1ximo pela energia e criatividade que eles t\u00eam, para que assim tragam boas ideias e usufruam desta oportunidade que estamos oferecendo, que \u00e9 excelente\u201d,<\/em> salienta Marta.<\/p>\n<p class=\"x_MsoNormal\">Quem vai fazer a gest\u00e3o do Programa Jovem Empreendedor \u00e9 o Instituto Manager de Passo Fundo. O Instituto conta com parceiros como o Google e as principais universidades do Estado. A institui\u00e7\u00e3o defende que a educa\u00e7\u00e3o n\u00e3o \u00e9 apenas um neg\u00f3cio ou conjunto de teorias, mas uma forma de trazer os jovens para a realidade, capacitando-os a identificar e realizar seus sonhos.<\/p>\n<p class=\"x_MsoNormal\">O Diretor do Instituto Manager, Anderson Detogni, enfatiza que o objetivo \u00e9 promover uma experi\u00eancia que transforme a vida destes alunos, por meio do conhecimento aplicado em administra\u00e7\u00e3o e da motiva\u00e7\u00e3o para serem empreendedores na vida e nos neg\u00f3cios. <em>\u201cEles s\u00e3o formados em 25 \u00e1reas onde aprendem desde o modelo de neg\u00f3cio, planejamento financeiro, estrat\u00e9gias de marketing, at\u00e9 a valida\u00e7\u00e3o \u2013 MVP (minimum viable product, ou em portugu\u00eas, produto minimamente vi\u00e1vel), abrangendo nessas \u00e1reas, todos os setores que fazem parte do mercado de trabalho\u201d<\/em>, afirma Anderson.<\/p>\n<p class=\"x_MsoNormal\">O Programa trabalha no trip\u00e9 utilizado em Administra\u00e7\u00e3o de Pessoas conhecido como\u00a0<i>CHA: Compet\u00eancias, Habilidades e Atitudes<\/i>, ressaltando\u00a0<i>compet\u00eancias t\u00e9cnicas, habilidades que permitam a resolu\u00e7\u00e3o de problemas e a tomada de decis\u00f5es na vida, profissionais e atitudes.<\/i><\/p>\n<p class=\"x_MsoNormal\" style=\"text-align: center;\"><b> <img loading=\"lazy\" decoding=\"async\" class=\"alignnone size-medium wp-image-60497\" src=\"http:\/\/sol.fm.br\/radio\/wp-content\/uploads\/2023\/11\/81-400x222.jpg\" alt=\"\" width=\"400\" height=\"222\" srcset=\"https:\/\/sol.fm.br\/radio\/wp-content\/uploads\/2023\/11\/81-400x222.jpg 400w, https:\/\/sol.fm.br\/radio\/wp-content\/uploads\/2023\/11\/81-768x426.jpg 768w, https:\/\/sol.fm.br\/radio\/wp-content\/uploads\/2023\/11\/81-1536x852.jpg 1536w, https:\/\/sol.fm.br\/radio\/wp-content\/uploads\/2023\/11\/81.jpg 1600w\" sizes=\"auto, (max-width: 400px) 100vw, 400px\" \/><\/b><\/p>\n<p class=\"x_MsoNormal\"><b>#Tem na S\u00e3o Jo\u00e3o<\/b><\/p>\n<p class=\"x_MsoNormal\">Numa evolu\u00e7\u00e3o do varejo farmac\u00eautico brasileiro, assim como j\u00e1 \u00e9 realidade em diferentes pa\u00edses desenvolvidos, a S\u00e3o Jo\u00e3o investe na modalidade de loja que prioriza a praticidade e o tempo do cliente. \u00c9 a facilidade de encontrar medicamentos, servi\u00e7os farmac\u00eauticos e produtos de diferentes categorias no mesmo lugar.<\/p>\n<p class=\"x_MsoNormal\"><b>\u00a0<\/b><b>Sobre a S\u00e3o Jo\u00e3o<\/b><\/p>\n<p class=\"x_MsoNormal\">A\u00a0<i>Rede de Farm\u00e1cias S\u00e3o Jo\u00e3o<\/i>\u00a0\u00e9 a 4\u00aa maior do varejo farmac\u00eautico do Brasil e a maior da regi\u00e3o Sul (RS, SC e PR). Neste ano de 2023 atingiu a marca de mais de 1.100 filiais, dois centros de Distribui\u00e7\u00e3o (Passo Fundo\/RS e Gravata\u00ed\/RS) e mais de 20 mil colaboradores.<\/p>\n<p class=\"x_MsoNormal\"><b>\u00a0<\/b><b>Farm\u00e1cias S\u00e3o Jo\u00e3o em um s\u00f3 click:<\/b><\/p>\n<p class=\"x_MsoNormal\">Site:\u00a0<span class=\"x_gmail-msohyperlink\"><a href=\"http:\/\/www.saojoaofarmacias.com.br\/\" target=\"_blank\" rel=\"noopener noreferrer\" data-auth=\"NotApplicable\" data-linkindex=\"0\">www.saojoaofarmacias.com.br<\/a><\/span>\u00a0\u00a0\u00a0\u00a0<\/p>\n<p class=\"x_MsoNormal\">App: Farm\u00e1cias S\u00e3o Jo\u00e3o<\/p>\n<p class=\"x_MsoNormal\">Blog de not\u00edcias:\u00a0<span class=\"x_gmail-msohyperlink\"><a href=\"http:\/\/www.saojoaofarmacias.com.br\/blog\" target=\"_blank\" rel=\"noopener noreferrer\" data-auth=\"NotApplicable\" data-linkindex=\"1\">www.saojoaofarmacias.com.br\/blog<\/a><\/span><\/p>\n<p class=\"x_MsoNormal\">Instagram: @farmaciassaojoao<\/p>\n<hr \/>\n<h6><strong>Analista de Comunica\u00e7\u00e3o - Farm\u00e1cias S\u00e3o Jo\u00e3o<\/strong><\/h6>\n\n\n<center><iframe loading=\"lazy\" class=\"jmvplayer\" src=\"https:\/\/player.jmvstream.com\/lvw\/YYGWo5wfZuZ8fEW7Qoq1ISwhLSEDhU\" allowfullscreen allow=\"autoplay; fullscreen\" frameborder=\"0\" width=\"640\" height=\"360\" ><\/iframe><\/center>\n<\/div><\/div>","protected":false},"excerpt":{"rendered":"<p>Empresa participa de programa piloto no Brasil com aulas de qualifica\u00e7\u00e3o in company realizadas duas vezes por semana e em turnos separados O Programa Jovem Empreendedor Instituto Manager na Rede de Farm\u00e1cias S\u00e3o Jo\u00e3o \u00e9 o primeiro programa de qualifica\u00e7\u00e3o\u00a0in company\u00a0realizado no Brasil. \u00c9 um projeto-piloto que vai reunir 100 jovens que est\u00e3o cursando do [&hellip;]<\/p>\n","protected":false},"author":4,"featured_media":60496,"comment_status":"open","ping_status":"open","sticky":false,"template":"","format":"standard","meta":{"footnotes":""},"categories":[1],"tags":[],"class_list":["post-60495","post","type-post","status-publish","format-standard","has-post-thumbnail","hentry","category-sem-categoria"],"_links":{"self":[{"href":"https:\/\/sol.fm.br\/radio\/wp-json\/wp\/v2\/posts\/60495","targetHints":{"allow":["GET"]}}],"collection":[{"href":"https:\/\/sol.fm.br\/radio\/wp-json\/wp\/v2\/posts"}],"about":[{"href":"https:\/\/sol.fm.br\/radio\/wp-json\/wp\/v2\/types\/post"}],"author":[{"embeddable":true,"href":"https:\/\/sol.fm.br\/radio\/wp-json\/wp\/v2\/users\/4"}],"replies":[{"embeddable":true,"href":"https:\/\/sol.fm.br\/radio\/wp-json\/wp\/v2\/comments?post=60495"}],"version-history":[{"count":1,"href":"https:\/\/sol.fm.br\/radio\/wp-json\/wp\/v2\/posts\/60495\/revisions"}],"predecessor-version":[{"id":60499,"href":"https:\/\/sol.fm.br\/radio\/wp-json\/wp\/v2\/posts\/60495\/revisions\/60499"}],"wp:featuredmedia":[{"embeddable":true,"href":"https:\/\/sol.fm.br\/radio\/wp-json\/wp\/v2\/media\/60496"}],"wp:attachment":[{"href":"https:\/\/sol.fm.br\/radio\/wp-json\/wp\/v2\/media?parent=60495"}],"wp:term":[{"taxonomy":"category","embeddable":true,"href":"https:\/\/sol.fm.br\/radio\/wp-json\/wp\/v2\/categories?post=60495"},{"taxonomy":"post_tag","embeddable":true,"href":"https:\/\/sol.fm.br\/radio\/wp-json\/wp\/v2\/tags?post=60495"}],"curies":[{"name":"wp","href":"https:\/\/api.w.org\/{rel}","templated":true}]}}