{"id":60516,"date":"2023-11-20T09:52:11","date_gmt":"2023-11-20T12:52:11","guid":{"rendered":"http:\/\/sol.fm.br\/radio\/?p=60516"},"modified":"2023-11-20T09:52:12","modified_gmt":"2023-11-20T12:52:12","slug":"manifestacao-de-interesse-para-o-programa-de-sementes-forrageiras-2023-2024-vai-ate-1o-de-dezembro","status":"publish","type":"post","link":"https:\/\/sol.fm.br\/radio\/manifestacao-de-interesse-para-o-programa-de-sementes-forrageiras-2023-2024-vai-ate-1o-de-dezembro\/","title":{"rendered":"Manifesta\u00e7\u00e3o de interesse para o Programa de Sementes Forrageiras 2023\/2024 vai at\u00e9 1\u00ba de dezembro"},"content":{"rendered":"<div id=\"dslc-theme-content\"><div id=\"dslc-theme-content-inner\"><p>A Secretaria de Desenvolvimento Rural (SDR) inicia, nesta segunda-feira (20\/11), a operacionaliza\u00e7\u00e3o da nova etapa do Programa de Sementes Forrageiras edi\u00e7\u00e3o 2023\/2024. O cronograma de execu\u00e7\u00e3o foi publicado no Di\u00e1rio Oficial do Estado, e o prazo para envio das manifesta\u00e7\u00f5es de interesse vai at\u00e9 1\u00ba de dezembro.<\/p>\n<p>O objetivo do programa \u00e9 fomentar a aquisi\u00e7\u00e3o de sementes forrageiras que possibilitem a produ\u00e7\u00e3o de alimento de alta qualidade para os animais, tanto para pastejo quanto para armazenamento na forma de silagem, diminuindo assim os riscos, aumentando a produ\u00e7\u00e3o e a produtividade e melhorando a qualidade do leite e dos rebanhos de corte nos estabelecimentos de base familiar.<\/p>\n<p>S\u00e3o considerados p\u00fablico do programa agricultores familiares e pecuaristas familiares, produtores de leite e carne por meio de suas cooperativas, associa\u00e7\u00f5es e sindicatos. O programa e\u0301 operacionalizado anualmente e beneficia mais de 10 mil agricultores familiares, em sua maioria produtores de leite que t\u00eam a base da alimenta\u00e7\u00e3o do seu rebanho sobre pastagens.<\/p>\n<p><em>\u201cO programa foi revisado para a edi\u00e7\u00e3o atual e buscamos oferecer melhores condi\u00e7\u00f5es de plantio aos produtores que passam por in\u00fameras dificuldades, com a finalidade de minimizar os obst\u00e1culos surgidos nas \u00faltimas safras\u201d,<\/em> afirmou o secret\u00e1rio de Desenvolvimento Rural, Ronaldo Santini.<\/p>\n<p>A grande novidade desta edi\u00e7\u00e3o do programa \u00e9 a possibilidade e intensifica\u00e7\u00e3o de uso de esp\u00e9cies de cereais de inverno para produ\u00e7\u00e3o de pastagens de qualidade, bem como para a produ\u00e7\u00e3o de alimento conservado na forma de silagem.<\/p>\n<p>Em parceria com a Embrapa, ser\u00e1 disponibilizado um portf\u00f3lio de cultivares de cereais de inverno como trigos de duplo prop\u00f3sito, triticales e cevadas para cultivo na entressafra (mar\u00e7o a junho), no inverno (junho a outubro), assim como cultivares de duplo-prop\u00f3sito (mar\u00e7o a outubro), que podem trazer mais renda, otimizar o uso do solo, agregar valor e diminuir o risco na atividade leiteira pela oferta de alimento de alta qualidade na forma de pastejo e silagem no outono e inverno.<\/p>\n<p>Para dar suporte ao uso destas novas tecnologias, SDR, Emater\/RS e Embrapa estar\u00e3o ainda mais pr\u00f3ximas das entidades parceiras que acessam o programa, com informa\u00e7\u00f5es qualificadas para a implementa\u00e7\u00e3o dos cultivos.<\/p>\n<p>Podem ser adquiridas sementes de esp\u00e9cies forrageiras de inverno (azev\u00e9m, aveia-preta, aveia-branca, trigo duplo prop\u00f3sito, ervilhaca, triticale, cevada etc.) e\/ou esp\u00e9cies forrageiras de ver\u00e3o (capim sud\u00e3o, milheto, sorgo etc). \u00c9 poss\u00edvel constar no mesmo projeto a aquisi\u00e7\u00e3o de sementes forrageiras de inverno e de ver\u00e3o.<\/p>\n<p>Os projetos para o Programa de Sementes Forrageiras 2023\/2024 t\u00eam dois limites: R$ 600 em sementes (valor m\u00e1ximo por CPF produtor beneficiado) e R$ 180 mil (valor m\u00e1ximo do projeto por entidade).<\/p>\n<p>Os projetos ser\u00e3o financiados por meio do Fundo Estadual de Apoio ao Desenvolvimento dos Pequenos Estabelecimentos Rurais (Feaper). Os contratos firmados t\u00eam taxa de juro de zero por cento at\u00e9 o vencimento e pagamento em parcela \u00fanica em 28 de fevereiro de 2025. Os contratos tamb\u00e9m contam com o benef\u00edcio de b\u00f4nus de adimpl\u00eancia, por meio do qual as entidades que efetuam o pagamento at\u00e9 a data de vencimento recebem desconto de 30% do valor total da opera\u00e7\u00e3o.<\/p>\n<p>O agricultor interessado dever\u00e1 procurar sua entidade (sindicatos, cooperativas ou associa\u00e7\u00f5es), que realizar\u00e1 o levantamento da demanda dos seus associados e manifestar interesse no programa. Destaca-se que \u00e9 a entidade, por meio do seu CNPJ, que acessa e operacionaliza o programa.<\/p>\n<p>A entidade dever\u00e1 manifestar interesse junto ao Departamento de Agricultura e Pecu\u00e1ria Familiar (Dafa\/SDR), enviando um of\u00edcio de manifesta\u00e7\u00e3o de interesse (modelo no final da mat\u00e9ria e no ANEXO I do Manual Operativo, tamb\u00e9m disposto no final do texto) dentro do per\u00edodo informado no cronograma. Esse documento dever\u00e1 ser preenchido, assinado e enviado exclusivamente por e-mail para leitegaucho@sdr.rs.gov.br (a SDR enviar\u00e1 confirma\u00e7\u00e3o de recebimento do e-mail). O interessado precisa verificar o recebimento da confirma\u00e7\u00e3o para ter certeza que o pedido foi recebido.<\/p>\n<p><strong>Mais informa\u00e7\u00f5es<\/strong><\/p>\n<p>Divis\u00e3o de Sistemas Produtivos\/Departamento de Agricultura e Pecu\u00e1ria Familiar da Secretaria de Desenvolvimento Rural, pelo fone (51) 3288-6728 ou pelo e-mail\u00a0leitegaucho@agricultura.rs.gov.br.<\/p>\n<p><strong>Documentos<\/strong><\/p>\n<p><a href=\"https:\/\/estado.rs.gov.br\/upload\/arquivos\/\/modelo-ofi-cio-manifestac-a-o-de-interesse-forrageiras-2023-2024.doc\" target=\"_blank\" rel=\"noopener\">Modelo de of\u00edcio de manifesta\u00e7\u00e3o de interesse Programa Forrageiras 2023\/2024<\/a>.<\/p>\n<p><a href=\"https:\/\/estado.rs.gov.br\/upload\/arquivos\/\/programa-sementes-forrageiras-2024-20-11-23.doc\" target=\"_blank\" rel=\"noopener\">Manual do Programa Sementes Forrageiras 2023\/2024<\/a>.<\/p>\n<hr \/>\n<h6><strong>GOV RS | Texto: Guilherme Granez\/Ascom SDR | Edi\u00e7\u00e3o: Vitor Necchi\/Secom<\/strong><\/h6>\n\n\n<center><iframe loading=\"lazy\" class=\"jmvplayer\" src=\"https:\/\/player.jmvstream.com\/lvw\/YYGWo5wfZuZ8fEW7Qoq1ISwhLSEDhU\" allowfullscreen allow=\"autoplay; fullscreen\" frameborder=\"0\" width=\"640\" height=\"360\" ><\/iframe><\/center>\n<\/div><\/div>","protected":false},"excerpt":{"rendered":"<p>A Secretaria de Desenvolvimento Rural (SDR) inicia, nesta segunda-feira (20\/11), a operacionaliza\u00e7\u00e3o da nova etapa do Programa de Sementes Forrageiras edi\u00e7\u00e3o 2023\/2024. O cronograma de execu\u00e7\u00e3o foi publicado no Di\u00e1rio Oficial do Estado, e o prazo para envio das manifesta\u00e7\u00f5es de interesse vai at\u00e9 1\u00ba de dezembro. O objetivo do programa \u00e9 fomentar a aquisi\u00e7\u00e3o [&hellip;]<\/p>\n","protected":false},"author":4,"featured_media":60517,"comment_status":"open","ping_status":"open","sticky":false,"template":"","format":"standard","meta":{"footnotes":""},"categories":[1],"tags":[],"class_list":["post-60516","post","type-post","status-publish","format-standard","has-post-thumbnail","hentry","category-sem-categoria"],"_links":{"self":[{"href":"https:\/\/sol.fm.br\/radio\/wp-json\/wp\/v2\/posts\/60516","targetHints":{"allow":["GET"]}}],"collection":[{"href":"https:\/\/sol.fm.br\/radio\/wp-json\/wp\/v2\/posts"}],"about":[{"href":"https:\/\/sol.fm.br\/radio\/wp-json\/wp\/v2\/types\/post"}],"author":[{"embeddable":true,"href":"https:\/\/sol.fm.br\/radio\/wp-json\/wp\/v2\/users\/4"}],"replies":[{"embeddable":true,"href":"https:\/\/sol.fm.br\/radio\/wp-json\/wp\/v2\/comments?post=60516"}],"version-history":[{"count":1,"href":"https:\/\/sol.fm.br\/radio\/wp-json\/wp\/v2\/posts\/60516\/revisions"}],"predecessor-version":[{"id":60518,"href":"https:\/\/sol.fm.br\/radio\/wp-json\/wp\/v2\/posts\/60516\/revisions\/60518"}],"wp:featuredmedia":[{"embeddable":true,"href":"https:\/\/sol.fm.br\/radio\/wp-json\/wp\/v2\/media\/60517"}],"wp:attachment":[{"href":"https:\/\/sol.fm.br\/radio\/wp-json\/wp\/v2\/media?parent=60516"}],"wp:term":[{"taxonomy":"category","embeddable":true,"href":"https:\/\/sol.fm.br\/radio\/wp-json\/wp\/v2\/categories?post=60516"},{"taxonomy":"post_tag","embeddable":true,"href":"https:\/\/sol.fm.br\/radio\/wp-json\/wp\/v2\/tags?post=60516"}],"curies":[{"name":"wp","href":"https:\/\/api.w.org\/{rel}","templated":true}]}}