{"id":60519,"date":"2023-11-20T14:01:19","date_gmt":"2023-11-20T17:01:19","guid":{"rendered":"http:\/\/sol.fm.br\/radio\/?p=60519"},"modified":"2023-11-20T14:01:21","modified_gmt":"2023-11-20T17:01:21","slug":"caminhoes-pipa-reforcam-abastecimento-de-agua-na-regiao","status":"publish","type":"post","link":"https:\/\/sol.fm.br\/radio\/caminhoes-pipa-reforcam-abastecimento-de-agua-na-regiao\/","title":{"rendered":"Caminh\u00f5es-pipa refor\u00e7am abastecimento de \u00e1gua na regi\u00e3o"},"content":{"rendered":"<div id=\"dslc-theme-content\"><div id=\"dslc-theme-content-inner\"><p>Equipes da Corsan seguem trabalhando nesta segunda-feira, 20, para normalizar o abastecimento de \u00e1gua afetado pelas fortes chuvas do fim de semana. Caminh\u00f5es-pipa est\u00e3o sendo utilizados para suprir o desabastecimento.<\/p>\n<p>Em Parob\u00e9, equipes de mergulhadores foram acionados para desobstruir as tubula\u00e7\u00f5es de capta\u00e7\u00e3o de \u00e1gua da Esta\u00e7\u00e3o de Tratamento, que voltou a operar no final desta manh\u00e3. A previs\u00e3o \u00e9 de que o fornecimento de \u00e1gua seja normalizado gradualmente ao longo do dia. <br \/>Em Rolante, uma pane eletromec\u00e2nica afetou o sistema de bombeamento da Esta\u00e7\u00e3o de Tratamento, prejudicando a capta\u00e7\u00e3o e a recupera\u00e7\u00e3o do n\u00edvel de \u00e1gua do reservat\u00f3rio, que est\u00e1 operando abaixo do normal. Dois caminh\u00f5es-pipa est\u00e3o fazendo o abastecimento emergencial.<\/p>\n<p>A mesma situa\u00e7\u00e3o ocorre em Igrejinha e Tr\u00eas Coroas, onde o alto consumo de \u00e1gua est\u00e1 prejudicando a recupera\u00e7\u00e3o do n\u00edvel dos reservat\u00f3rios, que operam abaixo do normal. A Corsan disponibilizou tr\u00eas caminh\u00f5es-pipa para refor\u00e7ar o atendimento do Centro e dos bairros Lajeadinho, Bom Pastor, Recanto Verde, Rothamann, Saibreira e Viaduto, onde pode haver desabastecimento.<\/p>\n<p>J\u00e1 em Tr\u00eas Coroas o desabastecimento pode ocorrer nos bairros Moreira, Sandre e Vila Nova. O servi\u00e7o deve come\u00e7ar a se normalizar a partir das 21h, nos dois munic\u00edpios.<\/p>\n<p>A Companhia est\u00e1 prestando todo suporte necess\u00e1rio para que a situa\u00e7\u00e3o seja normalizada e pede a seus clientes que evitem o desperd\u00edcio de \u00e1gua para evitar desabastecimento.<\/p>\n<p>Para mais informa\u00e7\u00f5es, est\u00e3o \u00e0 disposi\u00e7\u00e3o da comunidade os canais de relacionamento da Corsan com o cliente: app Corsan, site www.corsan.com.br (na Unidade de Atendimento Virtual), liga\u00e7\u00f5es gratuitas pelo 0800.646.6444 e WhatsApp (51) 99704-6644.<\/p>\n<hr \/>\n<h6><strong> Assessora Impressa CORSAN<\/strong><\/h6>\n\n\n<center><iframe loading=\"lazy\" class=\"jmvplayer\" src=\"https:\/\/player.jmvstream.com\/lvw\/YYGWo5wfZuZ8fEW7Qoq1ISwhLSEDhU\" allowfullscreen allow=\"autoplay; fullscreen\" frameborder=\"0\" width=\"640\" height=\"360\" ><\/iframe><\/center>\n<\/div><\/div>","protected":false},"excerpt":{"rendered":"<p>Equipes da Corsan seguem trabalhando nesta segunda-feira, 20, para normalizar o abastecimento de \u00e1gua afetado pelas fortes chuvas do fim de semana. Caminh\u00f5es-pipa est\u00e3o sendo utilizados para suprir o desabastecimento. Em Parob\u00e9, equipes de mergulhadores foram acionados para desobstruir as tubula\u00e7\u00f5es de capta\u00e7\u00e3o de \u00e1gua da Esta\u00e7\u00e3o de Tratamento, que voltou a operar no final [&hellip;]<\/p>\n","protected":false},"author":4,"featured_media":60520,"comment_status":"open","ping_status":"open","sticky":false,"template":"","format":"standard","meta":{"footnotes":""},"categories":[1],"tags":[],"class_list":["post-60519","post","type-post","status-publish","format-standard","has-post-thumbnail","hentry","category-sem-categoria"],"_links":{"self":[{"href":"https:\/\/sol.fm.br\/radio\/wp-json\/wp\/v2\/posts\/60519","targetHints":{"allow":["GET"]}}],"collection":[{"href":"https:\/\/sol.fm.br\/radio\/wp-json\/wp\/v2\/posts"}],"about":[{"href":"https:\/\/sol.fm.br\/radio\/wp-json\/wp\/v2\/types\/post"}],"author":[{"embeddable":true,"href":"https:\/\/sol.fm.br\/radio\/wp-json\/wp\/v2\/users\/4"}],"replies":[{"embeddable":true,"href":"https:\/\/sol.fm.br\/radio\/wp-json\/wp\/v2\/comments?post=60519"}],"version-history":[{"count":1,"href":"https:\/\/sol.fm.br\/radio\/wp-json\/wp\/v2\/posts\/60519\/revisions"}],"predecessor-version":[{"id":60521,"href":"https:\/\/sol.fm.br\/radio\/wp-json\/wp\/v2\/posts\/60519\/revisions\/60521"}],"wp:featuredmedia":[{"embeddable":true,"href":"https:\/\/sol.fm.br\/radio\/wp-json\/wp\/v2\/media\/60520"}],"wp:attachment":[{"href":"https:\/\/sol.fm.br\/radio\/wp-json\/wp\/v2\/media?parent=60519"}],"wp:term":[{"taxonomy":"category","embeddable":true,"href":"https:\/\/sol.fm.br\/radio\/wp-json\/wp\/v2\/categories?post=60519"},{"taxonomy":"post_tag","embeddable":true,"href":"https:\/\/sol.fm.br\/radio\/wp-json\/wp\/v2\/tags?post=60519"}],"curies":[{"name":"wp","href":"https:\/\/api.w.org\/{rel}","templated":true}]}}