{"id":60522,"date":"2023-11-20T14:11:08","date_gmt":"2023-11-20T17:11:08","guid":{"rendered":"http:\/\/sol.fm.br\/radio\/?p=60522"},"modified":"2023-11-20T14:11:10","modified_gmt":"2023-11-20T17:11:10","slug":"brasil-e-o-3o-pais-que-mais-pesquisa-por-black-friday-no-mundo","status":"publish","type":"post","link":"https:\/\/sol.fm.br\/radio\/brasil-e-o-3o-pais-que-mais-pesquisa-por-black-friday-no-mundo\/","title":{"rendered":"Brasil \u00e9 o 3\u00ba pa\u00eds que mais pesquisa por Black Friday no mundo"},"content":{"rendered":"<div id=\"dslc-theme-content\"><div id=\"dslc-theme-content-inner\"><p style=\"text-align: center;\"><i>Brasileiros possuem 2 vezes mais interesse na Black Friday do que a m\u00e9dia mundial<\/i><\/p>\n<div>\n<p>A Black Friday teve in\u00edcio nos Estados Unidos, e hoje j\u00e1 \u00e9 um fen\u00f4meno global, com participa\u00e7\u00e3o da grande maioria dos pa\u00edses.<\/p>\n<p>A data teve uma forte ado\u00e7\u00e3o pelos brasileiros, e atualmente o Brasil \u00e9 o 3\u00ba pa\u00eds que mais realiza pesquisa online sobre o termo Black Friday no mundo - o que revela o forte interesse do p\u00fablico a esta data comemorativa.<\/p>\n<p>O Brasil fica atr\u00e1s somente dos Estados Unidos e Alemanha, primeiro e segundo do ranking, respectivamente.<\/p>\n<p>\u00c9 o que revela um estudo divulgado pela plataforma de\u00a0<a href=\"https:\/\/www.cupomvalido.com.br\/desconto\/kabum\/\" target=\"_blank\" rel=\"noreferrer noopener\" data-auth=\"NotApplicable\" data-linkindex=\"0\">cupom de desconto<\/a>\u00a0<a href=\"https:\/\/www.cupomvalido.com.br\/\" target=\"_blank\" rel=\"noreferrer noopener\" data-auth=\"NotApplicable\" data-linkindex=\"1\">CupomValido.com.br<\/a>\u00a0com dados da Statista e SEM Rush sobre a Black Friday no Brasil e no mundo.<\/p>\n<p>No Brasil, a Black Friday ser\u00e1 comemorada oficialmente no dia 24 de novembro, apesar de diversas lojas j\u00e1 iniciarem as divulga\u00e7\u00f5es dos\u00a0<a href=\"https:\/\/www.cupomvalido.com.br\/desconto\/kabum\/\" target=\"_blank\" rel=\"noreferrer noopener\" data-auth=\"NotApplicable\" data-linkindex=\"2\">descontos<\/a>\u00a0e promo\u00e7\u00f5es antes desta data.<\/p>\n<p><img loading=\"lazy\" decoding=\"async\" class=\"alignnone size-medium wp-image-60524 aligncenter\" src=\"http:\/\/sol.fm.br\/radio\/wp-content\/uploads\/2023\/11\/1-305x400.png\" alt=\"\" width=\"305\" height=\"400\" srcset=\"https:\/\/sol.fm.br\/radio\/wp-content\/uploads\/2023\/11\/1-305x400.png 305w, https:\/\/sol.fm.br\/radio\/wp-content\/uploads\/2023\/11\/1-768x1008.png 768w, https:\/\/sol.fm.br\/radio\/wp-content\/uploads\/2023\/11\/1-1170x1536.png 1170w, https:\/\/sol.fm.br\/radio\/wp-content\/uploads\/2023\/11\/1-1560x2048.png 1560w\" sizes=\"auto, (max-width: 305px) 100vw, 305px\" \/><\/p>\n<p><strong>Black Friday em n\u00fameros no Brasil<\/strong><\/p>\n<p>Na \u00faltima edi\u00e7\u00e3o da Black Friday no Brasil, foi gerado um valor recorde de mais de R$4.2 bilh\u00f5es em vendas.<\/p>\n<p>O valor m\u00e9dio de cada pedido, foi de R$753 cada - um aumento de 15% em rela\u00e7\u00e3o \u00e0 edi\u00e7\u00e3o anterior.<\/p>\n<p>Segundo o estudo, j\u00e1 existem mais de 114 milh\u00f5es de brasileiros que compram frequentemente online, e que no \u00faltimo ano, realizaram um total de R$205 bilh\u00f5es em compras.<\/p>\n<p>Isto mostra que a Black Friday \u00e9 uma tend\u00eancia que ainda possui um potencial significativo de crescimento nas pr\u00f3ximas edi\u00e7\u00f5es.<\/p>\n<p aria-hidden=\"true\"><img loading=\"lazy\" decoding=\"async\" class=\"alignnone size-medium wp-image-60525 aligncenter\" src=\"http:\/\/sol.fm.br\/radio\/wp-content\/uploads\/2023\/11\/2-2-229x400.png\" alt=\"\" width=\"229\" height=\"400\" srcset=\"https:\/\/sol.fm.br\/radio\/wp-content\/uploads\/2023\/11\/2-2-229x400.png 229w, https:\/\/sol.fm.br\/radio\/wp-content\/uploads\/2023\/11\/2-2-768x1344.png 768w, https:\/\/sol.fm.br\/radio\/wp-content\/uploads\/2023\/11\/2-2-878x1536.png 878w, https:\/\/sol.fm.br\/radio\/wp-content\/uploads\/2023\/11\/2-2-1170x2048.png 1170w\" sizes=\"auto, (max-width: 229px) 100vw, 229px\" \/><\/p>\n<p><strong>Os preferidos dos brasileiros<\/strong><\/p>\n<p>A categoria de Vestu\u00e1rio (<a href=\"https:\/\/www.cupomvalido.com.br\/desconto\/renner\/\" target=\"_blank\" rel=\"noreferrer noopener\" data-auth=\"NotApplicable\" data-linkindex=\"3\">roupas<\/a>,\u00a0<a href=\"https:\/\/www.cupomvalido.com.br\/desconto\/netshoes\/\" target=\"_blank\" rel=\"noreferrer noopener\" data-auth=\"NotApplicable\" data-linkindex=\"4\">t\u00eanis<\/a>\u00a0e acess\u00f3rios), \u00e9 a preferida dos brasileiros, com mais de 44% de interesse de compra.<\/p>\n<p>Em seguida ficam as categorias de\u00a0<a href=\"https:\/\/www.cupomvalido.com.br\/desconto\/fast-shop\/\" target=\"_blank\" rel=\"noreferrer noopener\" data-auth=\"NotApplicable\" data-linkindex=\"5\">Eletrodom\u00e9ticos<\/a>\u00a0e\u00a0<a href=\"https:\/\/www.cupomvalido.com.br\/desconto\/dell\/\" target=\"_blank\" rel=\"noreferrer noopener\" data-auth=\"NotApplicable\" data-linkindex=\"6\">Eletr\u00f4nicos<\/a>, em segunda e terceira posi\u00e7\u00e3o, respectivamente.<\/p>\n<p>Segundo a pesquisa, 71,9% dos brasileiros preferem realizar as compras online na\u00a0<a href=\"https:\/\/www.cupomvalido.com.br\/desconto\/amazon\/\" target=\"_blank\" rel=\"noreferrer noopener\" data-auth=\"NotApplicable\" data-linkindex=\"7\">Black Friday<\/a>. Em contrapartida, 22% preferem realizar as compras nas lojas f\u00edsicas.<\/p>\n<p>O cart\u00e3o de cr\u00e9dito ainda \u00e9 a principal forma de pagamento, com 67%. Em seguida fica o Dinheiro (nas lojas f\u00edsicas), Cart\u00e3o de D\u00e9bito, Boleto e Carteira Digital, respectivamente.<\/p>\n<p><img loading=\"lazy\" decoding=\"async\" class=\"alignnone size-medium wp-image-60526 aligncenter\" src=\"http:\/\/sol.fm.br\/radio\/wp-content\/uploads\/2023\/11\/3-1-142x400.png\" alt=\"\" width=\"142\" height=\"400\" srcset=\"https:\/\/sol.fm.br\/radio\/wp-content\/uploads\/2023\/11\/3-1-142x400.png 142w, https:\/\/sol.fm.br\/radio\/wp-content\/uploads\/2023\/11\/3-1-768x2158.png 768w, https:\/\/sol.fm.br\/radio\/wp-content\/uploads\/2023\/11\/3-1-547x1536.png 547w, https:\/\/sol.fm.br\/radio\/wp-content\/uploads\/2023\/11\/3-1-729x2048.png 729w\" sizes=\"auto, (max-width: 142px) 100vw, 142px\" \/><\/p>\n<hr \/>\n<h6><strong>Statista, CupomValido.com.br, SEM Rush<\/strong><\/h6>\n<\/div>\n\n\n<center><iframe loading=\"lazy\" class=\"jmvplayer\" src=\"https:\/\/player.jmvstream.com\/lvw\/YYGWo5wfZuZ8fEW7Qoq1ISwhLSEDhU\" allowfullscreen allow=\"autoplay; fullscreen\" frameborder=\"0\" width=\"640\" height=\"360\" ><\/iframe><\/center>\n<\/div><\/div>","protected":false},"excerpt":{"rendered":"<p>Brasileiros possuem 2 vezes mais interesse na Black Friday do que a m\u00e9dia mundial A Black Friday teve in\u00edcio nos Estados Unidos, e hoje j\u00e1 \u00e9 um fen\u00f4meno global, com participa\u00e7\u00e3o da grande maioria dos pa\u00edses. A data teve uma forte ado\u00e7\u00e3o pelos brasileiros, e atualmente o Brasil \u00e9 o 3\u00ba pa\u00eds que mais realiza [&hellip;]<\/p>\n","protected":false},"author":4,"featured_media":60523,"comment_status":"open","ping_status":"open","sticky":false,"template":"","format":"standard","meta":{"footnotes":""},"categories":[1],"tags":[],"class_list":["post-60522","post","type-post","status-publish","format-standard","has-post-thumbnail","hentry","category-sem-categoria"],"_links":{"self":[{"href":"https:\/\/sol.fm.br\/radio\/wp-json\/wp\/v2\/posts\/60522","targetHints":{"allow":["GET"]}}],"collection":[{"href":"https:\/\/sol.fm.br\/radio\/wp-json\/wp\/v2\/posts"}],"about":[{"href":"https:\/\/sol.fm.br\/radio\/wp-json\/wp\/v2\/types\/post"}],"author":[{"embeddable":true,"href":"https:\/\/sol.fm.br\/radio\/wp-json\/wp\/v2\/users\/4"}],"replies":[{"embeddable":true,"href":"https:\/\/sol.fm.br\/radio\/wp-json\/wp\/v2\/comments?post=60522"}],"version-history":[{"count":1,"href":"https:\/\/sol.fm.br\/radio\/wp-json\/wp\/v2\/posts\/60522\/revisions"}],"predecessor-version":[{"id":60527,"href":"https:\/\/sol.fm.br\/radio\/wp-json\/wp\/v2\/posts\/60522\/revisions\/60527"}],"wp:featuredmedia":[{"embeddable":true,"href":"https:\/\/sol.fm.br\/radio\/wp-json\/wp\/v2\/media\/60523"}],"wp:attachment":[{"href":"https:\/\/sol.fm.br\/radio\/wp-json\/wp\/v2\/media?parent=60522"}],"wp:term":[{"taxonomy":"category","embeddable":true,"href":"https:\/\/sol.fm.br\/radio\/wp-json\/wp\/v2\/categories?post=60522"},{"taxonomy":"post_tag","embeddable":true,"href":"https:\/\/sol.fm.br\/radio\/wp-json\/wp\/v2\/tags?post=60522"}],"curies":[{"name":"wp","href":"https:\/\/api.w.org\/{rel}","templated":true}]}}