{"id":60528,"date":"2023-11-20T14:15:03","date_gmt":"2023-11-20T17:15:03","guid":{"rendered":"http:\/\/sol.fm.br\/radio\/?p=60528"},"modified":"2023-11-20T14:15:04","modified_gmt":"2023-11-20T17:15:04","slug":"resultado-com-a-classificacao-preliminar-do-concurso-publico-para-professores-da-rede-estadual-e-divulgado","status":"publish","type":"post","link":"https:\/\/sol.fm.br\/radio\/resultado-com-a-classificacao-preliminar-do-concurso-publico-para-professores-da-rede-estadual-e-divulgado\/","title":{"rendered":"Resultado com a classifica\u00e7\u00e3o preliminar do concurso p\u00fablico para professores da Rede Estadual \u00e9 divulgado"},"content":{"rendered":"<div id=\"dslc-theme-content\"><div id=\"dslc-theme-content-inner\"><p style=\"text-align: center;\"><em>Informa\u00e7\u00f5es constam na edi\u00e7\u00e3o extra do Di\u00e1rio Oficial de sexta (17) e no site do Instituto AOCP<\/em><\/p>\n<p>O\u00a0governo do Estado publicou na sexta-feira\u00a0(17\/11), em edi\u00e7\u00e3o extra do Di\u00e1rio Oficial, o\u00a0<b><strong><a href=\"https:\/\/www.diariooficial.rs.gov.br\/materia?id=926665\">resultado com a classifica\u00e7\u00e3o preliminar<\/a><\/strong><\/b>\u00a0do concurso p\u00fablico para professores da Rede Estadual. A sele\u00e7\u00e3o, cujo edital de abertura 01\/2023 foi lan\u00e7ado\u00a0em\u00a0mar\u00e7o, foi destinada para as \u00e1reas de Educa\u00e7\u00e3o B\u00e1sica, Educa\u00e7\u00e3o Profissional e Educa\u00e7\u00e3o Ind\u00edgena com a oferta de 1,5 mil vagas, distribu\u00eddas entre as 30 Coordenadorias Regionais de Educa\u00e7\u00e3o.\u00a0O resultado consta tamb\u00e9m no\u00a0<b><strong><a href=\"https:\/\/www.institutoaocp.org.br\/concurso.jsp?id=476\">site do Instituto AOCP<\/a>.<\/strong><\/b><\/p>\n<p>O edital n\u00ba 40\/2023 estabelece os anexos 1,\u00a02 e 3, com a divulga\u00e7\u00e3o dos classificados nas vagas de ampla concorr\u00eancia e reservadas para pessoas com defici\u00eancia e para pessoas negras. N\u00e3o houve candidatos aprovados nas vagas para pessoas trans e integrantes de povos\u00a0ind\u00edgenas.\u00a0<\/p>\n<p>O candidato tamb\u00e9m poder\u00e1 consultar individualmente seu desempenho\u00a0no\u00a0<b><strong><a href=\"https:\/\/www.institutoaocp.org.br\/concurso.jsp?id=476\">link Boletim de desempenho final<\/a><\/strong><\/b>, dispon\u00edvel\u00a0por\u00a0trinta\u00a0dias, a contar da data de publica\u00e7\u00e3o do edital.\u00a0<\/p>\n<p>O resultado\u00a0e\u00a0a\u00a0classifica\u00e7\u00e3o divulgados poder\u00e3o ter interposi\u00e7\u00e3o\u00a0de\u00a0recurso, que dever\u00e1\u00a0ser\u00a0protocolado\u00a0em formul\u00e1rio\u00a0pr\u00f3prio, tamb\u00e9m dispon\u00edvel\u00a0<a href=\"https:\/\/www.institutoaocp.org.br\/concurso.jsp?id=476\"><b><strong>no site do Instituto AOCP<\/strong><\/b><\/a>,\u00a0at\u00e9\u00a024\u00a0de novembro.\u00a0<\/p>\n<hr \/>\n<h6><strong>GOV RS | Texto: Diego da Costa\/Ascom Seduc | Edi\u00e7\u00e3o: Felipe Borges\/Secom\u00a0<\/strong><\/h6>\n\n\n<center><iframe loading=\"lazy\" class=\"jmvplayer\" src=\"https:\/\/player.jmvstream.com\/lvw\/YYGWo5wfZuZ8fEW7Qoq1ISwhLSEDhU\" allowfullscreen allow=\"autoplay; fullscreen\" frameborder=\"0\" width=\"640\" height=\"360\" ><\/iframe><\/center>\n<\/div><\/div>","protected":false},"excerpt":{"rendered":"<p>Informa\u00e7\u00f5es constam na edi\u00e7\u00e3o extra do Di\u00e1rio Oficial de sexta (17) e no site do Instituto AOCP O\u00a0governo do Estado publicou na sexta-feira\u00a0(17\/11), em edi\u00e7\u00e3o extra do Di\u00e1rio Oficial, o\u00a0resultado com a classifica\u00e7\u00e3o preliminar\u00a0do concurso p\u00fablico para professores da Rede Estadual. A sele\u00e7\u00e3o, cujo edital de abertura 01\/2023 foi lan\u00e7ado\u00a0em\u00a0mar\u00e7o, foi destinada para as \u00e1reas [&hellip;]<\/p>\n","protected":false},"author":4,"featured_media":60529,"comment_status":"open","ping_status":"open","sticky":false,"template":"","format":"standard","meta":{"footnotes":""},"categories":[1],"tags":[],"class_list":["post-60528","post","type-post","status-publish","format-standard","has-post-thumbnail","hentry","category-sem-categoria"],"_links":{"self":[{"href":"https:\/\/sol.fm.br\/radio\/wp-json\/wp\/v2\/posts\/60528","targetHints":{"allow":["GET"]}}],"collection":[{"href":"https:\/\/sol.fm.br\/radio\/wp-json\/wp\/v2\/posts"}],"about":[{"href":"https:\/\/sol.fm.br\/radio\/wp-json\/wp\/v2\/types\/post"}],"author":[{"embeddable":true,"href":"https:\/\/sol.fm.br\/radio\/wp-json\/wp\/v2\/users\/4"}],"replies":[{"embeddable":true,"href":"https:\/\/sol.fm.br\/radio\/wp-json\/wp\/v2\/comments?post=60528"}],"version-history":[{"count":1,"href":"https:\/\/sol.fm.br\/radio\/wp-json\/wp\/v2\/posts\/60528\/revisions"}],"predecessor-version":[{"id":60530,"href":"https:\/\/sol.fm.br\/radio\/wp-json\/wp\/v2\/posts\/60528\/revisions\/60530"}],"wp:featuredmedia":[{"embeddable":true,"href":"https:\/\/sol.fm.br\/radio\/wp-json\/wp\/v2\/media\/60529"}],"wp:attachment":[{"href":"https:\/\/sol.fm.br\/radio\/wp-json\/wp\/v2\/media?parent=60528"}],"wp:term":[{"taxonomy":"category","embeddable":true,"href":"https:\/\/sol.fm.br\/radio\/wp-json\/wp\/v2\/categories?post=60528"},{"taxonomy":"post_tag","embeddable":true,"href":"https:\/\/sol.fm.br\/radio\/wp-json\/wp\/v2\/tags?post=60528"}],"curies":[{"name":"wp","href":"https:\/\/api.w.org\/{rel}","templated":true}]}}