{"id":60723,"date":"2023-11-28T09:25:45","date_gmt":"2023-11-28T12:25:45","guid":{"rendered":"http:\/\/sol.fm.br\/radio\/?p=60723"},"modified":"2023-11-28T09:25:47","modified_gmt":"2023-11-28T12:25:47","slug":"entidades-contabeis-divulgam-manifesto-contra-a-proposta-de-aumento-do-icms","status":"publish","type":"post","link":"https:\/\/sol.fm.br\/radio\/entidades-contabeis-divulgam-manifesto-contra-a-proposta-de-aumento-do-icms\/","title":{"rendered":"Entidades cont\u00e1beis divulgam manifesto contra a proposta de aumento do ICMS"},"content":{"rendered":"<div id=\"dslc-theme-content\"><div id=\"dslc-theme-content-inner\"><p class=\"x_yiv8590149229ydp25ece543yiv9625066826elementToProof\">O Conselho Regional de Contabilidade do RS (CRCRS), juntamente com as entidades cont\u00e1beis Sescon RS, Sescon Serra Ga\u00facha e Fecont\u00e1bil divulgaram nesta segunda-feira (27), manifesto de contrariedade ao aumento da al\u00edquota do Imposto sobre Circula\u00e7\u00e3o de Mercadorias e Servi\u00e7os (ICMS).<\/p>\n<p class=\"x_yiv8590149229ydp25ece543yiv9625066826elementToProof\">Embora justificada pela previs\u00e3o de d\u00e9ficit de arrecada\u00e7\u00e3o que a Reforma Tribut\u00e1ria trar\u00e1, e somente em 2026, os potenciais efeitos do aumento do ICMS, propostos para passar de 17% para 19,5% no Estado, causam preocupa\u00e7\u00f5es s\u00e9rias para as entidades, podendo resultar em perdas de neg\u00f3cios.<\/p>\n<p class=\"x_yiv8590149229ydp25ece543yiv9625066826elementToProof\">O manifesto destaca ainda: \u00e9 fundamental compreender que a oposi\u00e7\u00e3o ao aumento n\u00e3o implica em uma postura inflex\u00edvel, e estamos abertos a contribuir com sugest\u00f5es construtivas.<\/p>\n<p>Para consultar o documento na \u00edntegra, clique:\u00a0<a id=\"x_yiv8590149229ydp25ece543yiv9625066826OWAa6ddf14f-1c0b-b9eb-caf1-0c04d97bc608\" class=\"x_yiv8590149229ydp25ece543yiv9625066826OWAAutoLink\" href=\"http:\/\/www.crcrs.org.br\/noticias\/wp-content\/uploads\/2023\/11\/Manifesto-conta-o-aumento-de-ICMS-no-estado-do-RS.pdf\" target=\"_blank\" rel=\"nofollow noopener noreferrer\" shape=\"rect\" data-auth=\"NotApplicable\" data-linkindex=\"0\">Manifesto conta o aumento de ICMS no estado do RS<\/a><\/p>\n<hr \/>\n<h6><strong>Gestora de Comunica\u00e7\u00e3o CRCRS - Conselho Regional de Contabilidade do RS<\/strong><\/h6>\n\n\n<center><iframe loading=\"lazy\" class=\"jmvplayer\" src=\"https:\/\/player.jmvstream.com\/lvw\/YYGWo5wfZuZ8fEW7Qoq1ISwhLSEDhU\" allowfullscreen allow=\"autoplay; fullscreen\" frameborder=\"0\" width=\"640\" height=\"360\" ><\/iframe><\/center>\n<\/div><\/div>","protected":false},"excerpt":{"rendered":"<p>O Conselho Regional de Contabilidade do RS (CRCRS), juntamente com as entidades cont\u00e1beis Sescon RS, Sescon Serra Ga\u00facha e Fecont\u00e1bil divulgaram nesta segunda-feira (27), manifesto de contrariedade ao aumento da al\u00edquota do Imposto sobre Circula\u00e7\u00e3o de Mercadorias e Servi\u00e7os (ICMS). Embora justificada pela previs\u00e3o de d\u00e9ficit de arrecada\u00e7\u00e3o que a Reforma Tribut\u00e1ria trar\u00e1, e somente [&hellip;]<\/p>\n","protected":false},"author":4,"featured_media":60724,"comment_status":"open","ping_status":"open","sticky":false,"template":"","format":"standard","meta":{"footnotes":""},"categories":[1],"tags":[],"class_list":["post-60723","post","type-post","status-publish","format-standard","has-post-thumbnail","hentry","category-sem-categoria"],"_links":{"self":[{"href":"https:\/\/sol.fm.br\/radio\/wp-json\/wp\/v2\/posts\/60723","targetHints":{"allow":["GET"]}}],"collection":[{"href":"https:\/\/sol.fm.br\/radio\/wp-json\/wp\/v2\/posts"}],"about":[{"href":"https:\/\/sol.fm.br\/radio\/wp-json\/wp\/v2\/types\/post"}],"author":[{"embeddable":true,"href":"https:\/\/sol.fm.br\/radio\/wp-json\/wp\/v2\/users\/4"}],"replies":[{"embeddable":true,"href":"https:\/\/sol.fm.br\/radio\/wp-json\/wp\/v2\/comments?post=60723"}],"version-history":[{"count":1,"href":"https:\/\/sol.fm.br\/radio\/wp-json\/wp\/v2\/posts\/60723\/revisions"}],"predecessor-version":[{"id":60725,"href":"https:\/\/sol.fm.br\/radio\/wp-json\/wp\/v2\/posts\/60723\/revisions\/60725"}],"wp:featuredmedia":[{"embeddable":true,"href":"https:\/\/sol.fm.br\/radio\/wp-json\/wp\/v2\/media\/60724"}],"wp:attachment":[{"href":"https:\/\/sol.fm.br\/radio\/wp-json\/wp\/v2\/media?parent=60723"}],"wp:term":[{"taxonomy":"category","embeddable":true,"href":"https:\/\/sol.fm.br\/radio\/wp-json\/wp\/v2\/categories?post=60723"},{"taxonomy":"post_tag","embeddable":true,"href":"https:\/\/sol.fm.br\/radio\/wp-json\/wp\/v2\/tags?post=60723"}],"curies":[{"name":"wp","href":"https:\/\/api.w.org\/{rel}","templated":true}]}}