{"id":60726,"date":"2023-11-28T09:38:36","date_gmt":"2023-11-28T12:38:36","guid":{"rendered":"http:\/\/sol.fm.br\/radio\/?p=60726"},"modified":"2023-11-28T09:38:38","modified_gmt":"2023-11-28T12:38:38","slug":"pesquisa-da-fiergs-projeta-queda-na-demanda-da-industria-nos-proximos-meses","status":"publish","type":"post","link":"https:\/\/sol.fm.br\/radio\/pesquisa-da-fiergs-projeta-queda-na-demanda-da-industria-nos-proximos-meses\/","title":{"rendered":"Pesquisa da FIERGS projeta queda na demanda da ind\u00fastria nos pr\u00f3ximos meses"},"content":{"rendered":"<div id=\"dslc-theme-content\"><div id=\"dslc-theme-content-inner\"><p class=\"x_yiv3883813638ydp2feb5729yiv7386179408MsoNormal\" align=\"center\"><i>Sondagem Industrial mostra aumento da produ\u00e7\u00e3o, mas excesso de estoques<\/i><\/p>\n<p class=\"x_yiv3883813638ydp2feb5729yiv7386179408MsoNormal\">A Sondagem Industrial do RS de outubro, divulgada nesta segunda-feira (27) pela Federa\u00e7\u00e3o das Ind\u00fastrias do Estado do Rio Grande do Sul (FIERGS), mostra que o setor continua a enfrentar grandes dificuldades. Apesar de os empres\u00e1rios ga\u00fachos descreverem um quadro de aumento da produ\u00e7\u00e3o, h\u00e1 um impacto negativo com queda do emprego, crescimento da ociosidade e excesso de estoques. <em>\u201cA pesquisa constata a volta do pessimismo em rela\u00e7\u00e3o \u00e0 demanda futura, fato que, combinado com o ac\u00famulo de estoques, \u00e9 um sinal bastante desfavor\u00e1vel para a ind\u00fastria ga\u00facha nos pr\u00f3ximos meses\u201d<\/em>, diz o presidente da FIERGS, Gilberto Porcello Petry.<\/p>\n<p class=\"x_yiv3883813638ydp2feb5729yiv7386179408MsoNormal\">O \u00edndice de produ\u00e7\u00e3o industrial atingiu 51,5 pontos, o que indica aumento da produ\u00e7\u00e3o em rela\u00e7\u00e3o ao m\u00eas anterior (43,6). Por\u00e9m, o valor ficou abaixo da m\u00e9dia hist\u00f3rica do m\u00eas, de 52,7 pontos, mostrando que a expans\u00e3o era esperada, mas o ritmo ficou aqu\u00e9m do padr\u00e3o. J\u00e1 o emprego caiu pelo 13\u00ba m\u00eas consecutivo em outubro. O \u00edndice do m\u00eas foi de 48,7 pontos, revelando queda. Embora ela seja menor que a de setembro, quando alcan\u00e7ou 47,7 pontos, \u00e9 mais intensa do que a esperada para o m\u00eas, cuja m\u00e9dia hist\u00f3rica \u00e9 de 49,4. Os dois \u00edndices variam de zero a cem pontos. Acima de 50 indicam aumento das vari\u00e1veis em rela\u00e7\u00e3o ao m\u00eas anterior e, abaixo, queda.<\/p>\n<p class=\"x_yiv3883813638ydp2feb5729yiv7386179408MsoNormal\">Situa\u00e7\u00e3o semelhante ocorre com a utiliza\u00e7\u00e3o da capacidade instalada (UCI). Embora tenha subido dois pontos percentuais entre setembro e outubro, de 69% para 71%, ainda assim \u00e9 inferior ao grau m\u00e9dio de 72,3% que a ind\u00fastria opera historicamente no m\u00eas. Os empres\u00e1rios ga\u00fachos tamb\u00e9m consideram a UCI de outubro abaixo do padr\u00e3o: o \u00edndice de UCI usual atingiu 42,7 e valores inferiores a 50 pontos indicam que ela est\u00e1 aqu\u00e9m do normal no m\u00eas.<\/p>\n<p class=\"x_yiv3883813638ydp2feb5729yiv7386179408MsoNormal\">Os estoques de produtos finais cresceram e continuaram em n\u00edveis excessivos na ind\u00fastria ga\u00facha em outubro. Valores maiores que 50 pontos revelam estoques acima do esperado pelas empresas, e o \u00edndice de evolu\u00e7\u00e3o, em 50,8, aponta eleva\u00e7\u00e3o na compara\u00e7\u00e3o com setembro. J\u00e1 o \u00edndice em rela\u00e7\u00e3o ao planejado alcan\u00e7ou 53,4 pontos no m\u00eas passado.<\/p>\n<p class=\"x_yiv3883813638ydp2feb5729yiv7386179408MsoNormal\"><b>\u00a0<\/b><\/p>\n<p class=\"x_yiv3883813638ydp2feb5729yiv7386179408MsoNormal\"><b>EXPECTATIVAS \u2013<\/b>\u00a0O pequeno otimismo que predominou durante o ano em rela\u00e7\u00e3o \u00e0s expectativas dos empres\u00e1rios ga\u00fachos para os pr\u00f3ximos seis meses, acabou definitivamente no levantamento realizado entre 1\u00ba e 13 de novembro com\u00a0187 empresas (48 pequenas, 64 m\u00e9dias e 75 grandes).\u00a0Todos os \u00edndices ca\u00edram intensamente em rela\u00e7\u00e3o a outubro e ficaram abaixo dos 50 pontos. Isso significa que os empres\u00e1rios ga\u00fachos passam a projetar queda para a demanda (o \u00edndice recuou de 51,5 para 47 pontos), inclusive para as exporta\u00e7\u00f5es (de 51,5 para 45,5). Nesse cen\u00e1rio, as empresas pretendem reduzir o emprego \u2013 o \u00edndice caiu de 49,6 para 47,3 pontos \u2013 e as compras de mat\u00e9rias-primas \u2013 de 50,3 para 46,5 pontos.<\/p>\n<p class=\"x_yiv3883813638ydp2feb5729yiv7386179408MsoNormal\">Acompanhe a pesquisa completa no Observat\u00f3rio da Ind\u00fastria:\u00a0<a href=\"https:\/\/observatoriodaindustriars.org.br\/inteligencia-areas\/sondagem-industrial\/\" target=\"_blank\" rel=\"nofollow noopener noreferrer\" shape=\"rect\" data-auth=\"NotApplicable\" data-linkindex=\"0\">https:\/\/observatoriodaindustriars.org.br\/inteligencia-areas\/sondagem-industrial<b>\/<\/b><\/a>.<\/p>\n<hr \/>\n<h6 class=\"x_yiv3883813638ydp2feb5729yiv7386179408MsoNormal\"><strong>Imprensa - FIERGS | Unicom -\u00a0Unidade de Comunica\u00e7\u00e3o do Sistema FIERGS<\/strong><\/h6>\n\n\n<center><iframe loading=\"lazy\" class=\"jmvplayer\" src=\"https:\/\/player.jmvstream.com\/lvw\/YYGWo5wfZuZ8fEW7Qoq1ISwhLSEDhU\" allowfullscreen allow=\"autoplay; fullscreen\" frameborder=\"0\" width=\"640\" height=\"360\" ><\/iframe><\/center>\n<\/div><\/div>","protected":false},"excerpt":{"rendered":"<p>Sondagem Industrial mostra aumento da produ\u00e7\u00e3o, mas excesso de estoques A Sondagem Industrial do RS de outubro, divulgada nesta segunda-feira (27) pela Federa\u00e7\u00e3o das Ind\u00fastrias do Estado do Rio Grande do Sul (FIERGS), mostra que o setor continua a enfrentar grandes dificuldades. Apesar de os empres\u00e1rios ga\u00fachos descreverem um quadro de aumento da produ\u00e7\u00e3o, h\u00e1 [&hellip;]<\/p>\n","protected":false},"author":4,"featured_media":60727,"comment_status":"open","ping_status":"open","sticky":false,"template":"","format":"standard","meta":{"footnotes":""},"categories":[1],"tags":[],"class_list":["post-60726","post","type-post","status-publish","format-standard","has-post-thumbnail","hentry","category-sem-categoria"],"_links":{"self":[{"href":"https:\/\/sol.fm.br\/radio\/wp-json\/wp\/v2\/posts\/60726","targetHints":{"allow":["GET"]}}],"collection":[{"href":"https:\/\/sol.fm.br\/radio\/wp-json\/wp\/v2\/posts"}],"about":[{"href":"https:\/\/sol.fm.br\/radio\/wp-json\/wp\/v2\/types\/post"}],"author":[{"embeddable":true,"href":"https:\/\/sol.fm.br\/radio\/wp-json\/wp\/v2\/users\/4"}],"replies":[{"embeddable":true,"href":"https:\/\/sol.fm.br\/radio\/wp-json\/wp\/v2\/comments?post=60726"}],"version-history":[{"count":1,"href":"https:\/\/sol.fm.br\/radio\/wp-json\/wp\/v2\/posts\/60726\/revisions"}],"predecessor-version":[{"id":60728,"href":"https:\/\/sol.fm.br\/radio\/wp-json\/wp\/v2\/posts\/60726\/revisions\/60728"}],"wp:featuredmedia":[{"embeddable":true,"href":"https:\/\/sol.fm.br\/radio\/wp-json\/wp\/v2\/media\/60727"}],"wp:attachment":[{"href":"https:\/\/sol.fm.br\/radio\/wp-json\/wp\/v2\/media?parent=60726"}],"wp:term":[{"taxonomy":"category","embeddable":true,"href":"https:\/\/sol.fm.br\/radio\/wp-json\/wp\/v2\/categories?post=60726"},{"taxonomy":"post_tag","embeddable":true,"href":"https:\/\/sol.fm.br\/radio\/wp-json\/wp\/v2\/tags?post=60726"}],"curies":[{"name":"wp","href":"https:\/\/api.w.org\/{rel}","templated":true}]}}