{"id":60733,"date":"2023-11-28T09:54:35","date_gmt":"2023-11-28T12:54:35","guid":{"rendered":"http:\/\/sol.fm.br\/radio\/?p=60733"},"modified":"2023-11-28T09:54:36","modified_gmt":"2023-11-28T12:54:36","slug":"hospitais-da-regiao-vao-receber-mais-de-r-7-milhoes-deputado-joel-destaca-a-regionalizacao-da-saude","status":"publish","type":"post","link":"https:\/\/sol.fm.br\/radio\/hospitais-da-regiao-vao-receber-mais-de-r-7-milhoes-deputado-joel-destaca-a-regionalizacao-da-saude\/","title":{"rendered":"Hospitais da regi\u00e3o v\u00e3o receber mais de R$ 7 milh\u00f5es. Deputado Joel destaca a regionaliza\u00e7\u00e3o da sa\u00fade"},"content":{"rendered":"<div id=\"dslc-theme-content\"><div id=\"dslc-theme-content-inner\"><p>O Governo do Estado anunciou hoje o repasse de R$ 7.221.332,28 para 13 hospitais da regi\u00e3o: Tr\u00eas Coroas, Parob\u00e9, Taquara, Igrejinha, Cambar\u00e1 do Sul, Riozinho, Rolante e S\u00e3o Francisco de Paula, Dois Irm\u00e3os, Est\u00e2ncia Velha, Ivoti, Port\u00e3o e Sapiranga. O valor \u00e9 um repasse extraordin\u00e1rio para hospitais contratualizados e deve ser usado no custeio das institui\u00e7\u00f5es<em> \"A nossa regi\u00e3o est\u00e1 sendo contemplada com um valor significativo gra\u00e7as ao trabalho dos \u00faltimos anos de regionalizar a sa\u00fade. Quero compartilhar a conquista com os prefeitos, que est\u00e3o unidos em trazer os servi\u00e7os do SUS para mais pr\u00f3ximo do cidad\u00e3o\",<\/em> ressaltou o deputado Joel Wilhelm (PP).<br \/>Os servi\u00e7os de sa\u00fade s\u00e3o divididos por regi\u00f5es. Os valores aqui apresentados correspondem \u00e0s regi\u00f5es 6 e 7, conforme a organiza\u00e7\u00e3o da Secretaria Estadual da Sa\u00fade. Abaixo segue a lista dos hospitais contemplados:<\/p>\n<p><strong>Regi\u00e3o 6<\/strong><\/p>\n<p>Tr\u00eas Coroas - Hospital Doutor Osvaldo Diesel - R$ 140.000<\/p>\n<p>Parob\u00e9 - Hospital S\u00e3o Francisco de Assis - R$ 1.779.413,54<\/p>\n<p>Taquara - Hospital Bom Jesus - R$ 1.379.375,42<\/p>\n<p>Igrejinha - Hospital Bom Pastor - R$ 954.736,66<\/p>\n<p>Cambar\u00e1 do Sul - Funda\u00e7\u00e3o Hospitalar S\u00e3o Jos\u00e9 - R$ 110.000,00<\/p>\n<p>Riozinho - Hospital Nossa Senhora do Ros\u00e1rio R$ 60.000,00<\/p>\n<p>Rolante - Funda\u00e7\u00e3o Hospitalar - R$ 420.000,00<\/p>\n<p>S\u00e3o Francisco de Paula - Hospital S\u00e3o Francisco de Paula - R$ 245.300,00<\/p>\n<p>Total: R$ 5.088.825,62<\/p>\n<p><br \/><strong>Regi\u00e3o 7<\/strong><\/p>\n<p>Dois Irm\u00e3os - Hospital S\u00e3o Jos\u00e9 - R$ 336.700,00<\/p>\n<p>Est\u00e2ncia Velha - Hospital Municipal Get\u00falio Vargas - R$ 187.600,00<\/p>\n<p>Ivoti - Hospital S\u00e3o Jos\u00e9 - R$ 140.000,00<\/p>\n<p>Port\u00e3o - Hospital de Port\u00e3o- R$ 308.720,00<\/p>\n<p>Sapiranga - Hospital Sapiranga - R$ 1.159.486,66<\/p>\n<p>Total: R$ 2.132.506,66<\/p>\n<hr \/>\n<h6><strong>Assembleia Legislativa do Rio Grande do Sul - ALRS<\/strong><\/h6>\n\n\n<center><iframe loading=\"lazy\" class=\"jmvplayer\" src=\"https:\/\/player.jmvstream.com\/lvw\/YYGWo5wfZuZ8fEW7Qoq1ISwhLSEDhU\" allowfullscreen allow=\"autoplay; fullscreen\" frameborder=\"0\" width=\"640\" height=\"360\" ><\/iframe><\/center>\n<\/div><\/div>","protected":false},"excerpt":{"rendered":"<p>O Governo do Estado anunciou hoje o repasse de R$ 7.221.332,28 para 13 hospitais da regi\u00e3o: Tr\u00eas Coroas, Parob\u00e9, Taquara, Igrejinha, Cambar\u00e1 do Sul, Riozinho, Rolante e S\u00e3o Francisco de Paula, Dois Irm\u00e3os, Est\u00e2ncia Velha, Ivoti, Port\u00e3o e Sapiranga. O valor \u00e9 um repasse extraordin\u00e1rio para hospitais contratualizados e deve ser usado no custeio das [&hellip;]<\/p>\n","protected":false},"author":4,"featured_media":60734,"comment_status":"open","ping_status":"open","sticky":false,"template":"","format":"standard","meta":{"footnotes":""},"categories":[1],"tags":[],"class_list":["post-60733","post","type-post","status-publish","format-standard","has-post-thumbnail","hentry","category-sem-categoria"],"_links":{"self":[{"href":"https:\/\/sol.fm.br\/radio\/wp-json\/wp\/v2\/posts\/60733","targetHints":{"allow":["GET"]}}],"collection":[{"href":"https:\/\/sol.fm.br\/radio\/wp-json\/wp\/v2\/posts"}],"about":[{"href":"https:\/\/sol.fm.br\/radio\/wp-json\/wp\/v2\/types\/post"}],"author":[{"embeddable":true,"href":"https:\/\/sol.fm.br\/radio\/wp-json\/wp\/v2\/users\/4"}],"replies":[{"embeddable":true,"href":"https:\/\/sol.fm.br\/radio\/wp-json\/wp\/v2\/comments?post=60733"}],"version-history":[{"count":1,"href":"https:\/\/sol.fm.br\/radio\/wp-json\/wp\/v2\/posts\/60733\/revisions"}],"predecessor-version":[{"id":60735,"href":"https:\/\/sol.fm.br\/radio\/wp-json\/wp\/v2\/posts\/60733\/revisions\/60735"}],"wp:featuredmedia":[{"embeddable":true,"href":"https:\/\/sol.fm.br\/radio\/wp-json\/wp\/v2\/media\/60734"}],"wp:attachment":[{"href":"https:\/\/sol.fm.br\/radio\/wp-json\/wp\/v2\/media?parent=60733"}],"wp:term":[{"taxonomy":"category","embeddable":true,"href":"https:\/\/sol.fm.br\/radio\/wp-json\/wp\/v2\/categories?post=60733"},{"taxonomy":"post_tag","embeddable":true,"href":"https:\/\/sol.fm.br\/radio\/wp-json\/wp\/v2\/tags?post=60733"}],"curies":[{"name":"wp","href":"https:\/\/api.w.org\/{rel}","templated":true}]}}