{"id":60743,"date":"2023-11-28T10:19:29","date_gmt":"2023-11-28T13:19:29","guid":{"rendered":"http:\/\/sol.fm.br\/radio\/?p=60743"},"modified":"2023-11-28T10:19:30","modified_gmt":"2023-11-28T13:19:30","slug":"santa-casa-inaugura-uti-oncologica-com-novos-equipamentos-em-porto-alegre","status":"publish","type":"post","link":"https:\/\/sol.fm.br\/radio\/santa-casa-inaugura-uti-oncologica-com-novos-equipamentos-em-porto-alegre\/","title":{"rendered":"Santa Casa inaugura UTI oncol\u00f3gica com novos equipamentos em Porto Alegre"},"content":{"rendered":"<div id=\"dslc-theme-content\"><div id=\"dslc-theme-content-inner\"><p>A Santa Casa de Miseric\u00f3rdia de Porto Alegre inaugurou, nesta segunda-feira (27\/11), a nova\u00a0Unidade de Tratamento Intensivo (UTI)\u00a0do Hospital Santa Rita. Refer\u00eancia\u00a0em preven\u00e7\u00e3o, diagn\u00f3stico e tratamento na \u00e1rea de oncologia, a institui\u00e7\u00e3o foi beneficiada com R$ 1,95 milh\u00e3o repassados pelo Poder Judici\u00e1rio, atrav\u00e9s da Secretaria\u00a0da Sa\u00fade\u00a0(SES),\u00a0para ampliar servi\u00e7os oncol\u00f3gicos em hospitais ga\u00fachos que atendem pelo Sistema \u00danico de Sa\u00fade (SUS).\u00a0A secret\u00e1ria da Sa\u00fade,\u00a0Arita\u00a0Bergmann, compareceu \u00e0 cerim\u00f4nia.\u00a0\u00a0<\/p>\n<p>O investimento total na unidade \u00e9 de R$ 468 mil. Do total de recursos, R$\u00a0388 mil permitiram a aquisi\u00e7\u00e3o de\u00a0dez\u00a0camas hospitalares, poltronas fixas e reclin\u00e1veis e um refrigerador cient\u00edfico, al\u00e9m da infraestrutura de tecnologia e mobili\u00e1rio.\u00a0Os dez leitos s\u00e3o equipados com tecnologia de ponta para o atendimento de pacientes com c\u00e2ncer e necessidade de suporte vital de alta complexidade.\u00a0<\/p>\n<p>A institui\u00e7\u00e3o recebeu\u00a0os demais\u00a0R$ 1,48 milh\u00e3o para a compra de equipamentos e mobili\u00e1rio para ambulat\u00f3rios, setor de Quimioterapia, Farm\u00e1cia Quimioter\u00e1pica e unidade de interna\u00e7\u00e3o. Al\u00e9m de ambientes mais modernos e prop\u00edcios para tratamentos especializados, as novas instala\u00e7\u00f5es v\u00e3o\u00a0oferecer aos pacientes os mais elevados padr\u00f5es de qualidade e seguran\u00e7a assistencial.\u00a0<\/p>\n<p><strong>Outras inaugura\u00e7\u00f5es\u00a0<\/strong><\/p>\n<p>A Santa Casa tamb\u00e9m inaugurou\u00a0o novo setor de di\u00e1lise do Hospital Santa\u00a0Clara. Com a nova estrutura,\u00a0a unidade \u2013 que atende pacientes que precisam de hemodi\u00e1lise e di\u00e1lise peritoneal para o tratamento de doen\u00e7a renal cr\u00f4nica ou aguda \u2013 passou a contar com\u00a064 posi\u00e7\u00f5es de atendimento ativas (oito a mais do que anteriormente) e capacidade de expans\u00e3o para at\u00e9 72 pontos.\u00a0\u00a0<\/p>\n<p>A reestrutura\u00e7\u00e3o tamb\u00e9m reorganizou os espa\u00e7os, que passaram de nove para 17 salas, uma delas dedicada exclusivamente para pacientes pedi\u00e1tricos.\u00a0A unidade tamb\u00e9m conta agora com quatro consult\u00f3rios para atendimento da equipe multiprofissional e uma sala de treinamento dedicada \u00e0 capacita\u00e7\u00e3o e ao desenvolvimento da equipe assistencial e administrativa.\u00a0<\/p>\n<p>Outra inaugura\u00e7\u00e3o nesta segunda-feira foi a do novo sistema de passarelas que interliga as oito unidades hospitalares da Santa Casa. Com a nova estrutura, os acessos aos hospitais ganham em seguran\u00e7a, acessibilidade e conforto.\u00a0<\/p>\n<hr \/>\n<h6><strong>GOV RS | Texto: Ascom SES | Edi\u00e7\u00e3o: Felipe Borges\/Secom | Foto: Itamar Aguiar\/Ascom SES<\/strong><\/h6>\n\n\n<center><iframe loading=\"lazy\" class=\"jmvplayer\" src=\"https:\/\/player.jmvstream.com\/lvw\/YYGWo5wfZuZ8fEW7Qoq1ISwhLSEDhU\" allowfullscreen allow=\"autoplay; fullscreen\" frameborder=\"0\" width=\"640\" height=\"360\" ><\/iframe><\/center>\n<\/div><\/div>","protected":false},"excerpt":{"rendered":"<p>A Santa Casa de Miseric\u00f3rdia de Porto Alegre inaugurou, nesta segunda-feira (27\/11), a nova\u00a0Unidade de Tratamento Intensivo (UTI)\u00a0do Hospital Santa Rita. Refer\u00eancia\u00a0em preven\u00e7\u00e3o, diagn\u00f3stico e tratamento na \u00e1rea de oncologia, a institui\u00e7\u00e3o foi beneficiada com R$ 1,95 milh\u00e3o repassados pelo Poder Judici\u00e1rio, atrav\u00e9s da Secretaria\u00a0da Sa\u00fade\u00a0(SES),\u00a0para ampliar servi\u00e7os oncol\u00f3gicos em hospitais ga\u00fachos que atendem pelo [&hellip;]<\/p>\n","protected":false},"author":4,"featured_media":60744,"comment_status":"open","ping_status":"open","sticky":false,"template":"","format":"standard","meta":{"footnotes":""},"categories":[1],"tags":[],"class_list":["post-60743","post","type-post","status-publish","format-standard","has-post-thumbnail","hentry","category-sem-categoria"],"_links":{"self":[{"href":"https:\/\/sol.fm.br\/radio\/wp-json\/wp\/v2\/posts\/60743","targetHints":{"allow":["GET"]}}],"collection":[{"href":"https:\/\/sol.fm.br\/radio\/wp-json\/wp\/v2\/posts"}],"about":[{"href":"https:\/\/sol.fm.br\/radio\/wp-json\/wp\/v2\/types\/post"}],"author":[{"embeddable":true,"href":"https:\/\/sol.fm.br\/radio\/wp-json\/wp\/v2\/users\/4"}],"replies":[{"embeddable":true,"href":"https:\/\/sol.fm.br\/radio\/wp-json\/wp\/v2\/comments?post=60743"}],"version-history":[{"count":1,"href":"https:\/\/sol.fm.br\/radio\/wp-json\/wp\/v2\/posts\/60743\/revisions"}],"predecessor-version":[{"id":60745,"href":"https:\/\/sol.fm.br\/radio\/wp-json\/wp\/v2\/posts\/60743\/revisions\/60745"}],"wp:featuredmedia":[{"embeddable":true,"href":"https:\/\/sol.fm.br\/radio\/wp-json\/wp\/v2\/media\/60744"}],"wp:attachment":[{"href":"https:\/\/sol.fm.br\/radio\/wp-json\/wp\/v2\/media?parent=60743"}],"wp:term":[{"taxonomy":"category","embeddable":true,"href":"https:\/\/sol.fm.br\/radio\/wp-json\/wp\/v2\/categories?post=60743"},{"taxonomy":"post_tag","embeddable":true,"href":"https:\/\/sol.fm.br\/radio\/wp-json\/wp\/v2\/tags?post=60743"}],"curies":[{"name":"wp","href":"https:\/\/api.w.org\/{rel}","templated":true}]}}