{"id":60759,"date":"2023-11-29T09:54:09","date_gmt":"2023-11-29T12:54:09","guid":{"rendered":"http:\/\/sol.fm.br\/radio\/?p=60759"},"modified":"2023-11-29T09:54:11","modified_gmt":"2023-11-29T12:54:11","slug":"11o-concurso-fotografico-um-olhar-sobre-rolante","status":"publish","type":"post","link":"https:\/\/sol.fm.br\/radio\/11o-concurso-fotografico-um-olhar-sobre-rolante\/","title":{"rendered":"11\u00ba Concurso Fotogr\u00e1fico \u2013 Um Olhar sobre Rolante"},"content":{"rendered":"<div id=\"dslc-theme-content\"><div id=\"dslc-theme-content-inner\"><p>A exposi\u00e7\u00e3o do 11\u00ba Concurso Fotogr\u00e1fico Um Olhar Sobre Rolante ocorreu no \u00fatimo s\u00e1bado, 25, no Sal\u00e3o Cristo Rei, trazendo o tema \"Pontos Tur\u00edsticos\".<\/p>\n<p>Nesta edi\u00e7\u00e3o, o Concurso recebeu a inscri\u00e7\u00e3o de 104 imagens que foram para a etapa final, das quais a comunidade p\u00f4de eleger as suas duas favoritas, sendo uma da Categoria Profissional\/Amador\/Ciclofotografia e outra da Infantojuvenil, totalizando 155 pessoas votantes. Al\u00e9m destas duas fotos maravilhosas, um seleto grupo de jurados t\u00e9cnicos selecionou as imagens vencedoras de cada categoria, sendo 1\u00ba, 2\u00ba e 3\u00ba lugar das categorias Profissional, Amador e Infantojuvenil e melhor Ciclofotografia.<\/p>\n<p>Os respons\u00e1veis por estes incr\u00edveis registros levaram pra casa trof\u00e9us e premia\u00e7\u00f5es em dinheiro. Confira as imagens vencedoras:<\/p>\n<p><img loading=\"lazy\" decoding=\"async\" class=\" wp-image-60761 alignleft\" src=\"http:\/\/sol.fm.br\/radio\/wp-content\/uploads\/2023\/11\/000-300x400.jpg\" alt=\"\" width=\"228\" height=\"304\" srcset=\"https:\/\/sol.fm.br\/radio\/wp-content\/uploads\/2023\/11\/000-300x400.jpg 300w, https:\/\/sol.fm.br\/radio\/wp-content\/uploads\/2023\/11\/000-768x1024.jpg 768w, https:\/\/sol.fm.br\/radio\/wp-content\/uploads\/2023\/11\/000-1152x1536.jpg 1152w, https:\/\/sol.fm.br\/radio\/wp-content\/uploads\/2023\/11\/000.jpg 1200w\" sizes=\"auto, (max-width: 228px) 100vw, 228px\" \/><\/p>\n<p>Premia\u00e7\u00e3o da Categoria Infantojuvenil<br \/>1\u00ba Lugar Categoria Infantojuvenil - pr\u00eamio de R$ 300,00 e trof\u00e9u<br \/>Foto n\u00ba 098<br \/>Autor: Tain\u00e1 Gabriela Wasem<br \/>T\u00edtulo: Encantos de um dia nublado<br \/>Localidade: Boa Esperan\u00e7a<\/p>\n<p>\u00a0<\/p>\n<p>\u00a0<\/p>\n<p><img loading=\"lazy\" decoding=\"async\" class=\" wp-image-60762 alignleft\" src=\"http:\/\/sol.fm.br\/radio\/wp-content\/uploads\/2023\/11\/01-2-400x394.jpg\" alt=\"\" width=\"343\" height=\"338\" srcset=\"https:\/\/sol.fm.br\/radio\/wp-content\/uploads\/2023\/11\/01-2-400x394.jpg 400w, https:\/\/sol.fm.br\/radio\/wp-content\/uploads\/2023\/11\/01-2-768x757.jpg 768w, https:\/\/sol.fm.br\/radio\/wp-content\/uploads\/2023\/11\/01-2.jpg 1280w\" sizes=\"auto, (max-width: 343px) 100vw, 343px\" \/><\/p>\n<p>\u00a0<\/p>\n<p>2\u00ba Lugar - Categoria Infantojuvenil - pr\u00eamio de R$ 200,00 e trof\u00e9u<br \/>Foto n\u00ba 095<br \/>Autor: Ana Luiza Pereira de Brito<br \/>T\u00edtulo: A natureza e um bom vinho, uma \u00f3tima combina\u00e7\u00e3o<br \/>Localidade: Vin\u00edcola Finger<\/p>\n<div class=\"xyamay9 x1pi30zi xsag5q8 x1swvt13\">\n<div>\u00a0<\/div>\n<\/div>\n<div>\n<div>\n<div class=\"x1n2onr6\">\n<div class=\"x6s0dn4 xi81zsa x78zum5 x6prxxf x13a6bvl xvq8zen xdj266r xktsk01 xat24cr x1d52u69 x889kno x4uap5 x1a8lsjc xkhd6sd xdppsyt\">\n<div class=\"x1c4vz4f x2lah0s xci0xqf\">\u00a0<\/div>\n<div class=\"x9f619 x1n2onr6 x1ja2u2z x78zum5 x2lah0s x1qughib x1qjc9v5 xozqiw3 x1q0g3np xykv574 xbmpl8g x4cne27 xifccgj\">\u00a0<\/div>\n<\/div>\n<\/div>\n<\/div>\n<\/div>\n<p>\u00a0<\/p>\n<p><img loading=\"lazy\" decoding=\"async\" class=\"wp-image-60763 alignleft\" src=\"http:\/\/sol.fm.br\/radio\/wp-content\/uploads\/2023\/11\/02-225x400.jpg\" alt=\"\" width=\"179\" height=\"318\" srcset=\"https:\/\/sol.fm.br\/radio\/wp-content\/uploads\/2023\/11\/02-225x400.jpg 225w, https:\/\/sol.fm.br\/radio\/wp-content\/uploads\/2023\/11\/02.jpg 608w\" sizes=\"auto, (max-width: 179px) 100vw, 179px\" \/><\/p>\n<p>3\u00ba Lugar - Categoria Infantojuvenil - pr\u00eamio de R$ 100,00 e trof\u00e9u<br \/>Foto n\u00ba 101<br \/>Autor: Gabriel Felipe Boniatti<br \/>T\u00edtulo: Brisa refrescante<br \/>Localidade: Cascata Tr\u00eas Quedas \u2013 Boa Esperan\u00e7a<\/p>\n<p>\u00a0<\/p>\n<p>\u00a0<\/p>\n<p>\u00a0<\/p>\n<p><img loading=\"lazy\" decoding=\"async\" class=\"wp-image-60764 alignleft\" src=\"http:\/\/sol.fm.br\/radio\/wp-content\/uploads\/2023\/11\/03-267x400.jpg\" alt=\"\" width=\"221\" height=\"331\" srcset=\"https:\/\/sol.fm.br\/radio\/wp-content\/uploads\/2023\/11\/03-267x400.jpg 267w, https:\/\/sol.fm.br\/radio\/wp-content\/uploads\/2023\/11\/03-768x1153.jpg 768w, https:\/\/sol.fm.br\/radio\/wp-content\/uploads\/2023\/11\/03-1023x1536.jpg 1023w, https:\/\/sol.fm.br\/radio\/wp-content\/uploads\/2023\/11\/03.jpg 1066w\" sizes=\"auto, (max-width: 221px) 100vw, 221px\" \/><\/p>\n<p>\u00a0<\/p>\n<p>Premia\u00e7\u00e3o da Categoria Amador<br \/>1\u00ba Lugar - Categoria Amador - R$ 300,00 e trof\u00e9u<br \/>Foto n\u00ba 043<br \/>Autor: Anderson Peters<br \/>T\u00edtulo: Quando a beleza e a paz de fundem<br \/>Localidade: Cascata Tr\u00eas Quedas - Boa Esperan\u00e7a<\/p>\n<p>\u00a0<\/p>\n<p>\u00a0<\/p>\n<p><img loading=\"lazy\" decoding=\"async\" class=\"wp-image-60765 alignleft\" src=\"http:\/\/sol.fm.br\/radio\/wp-content\/uploads\/2023\/11\/04-267x400.jpg\" alt=\"\" width=\"221\" height=\"331\" srcset=\"https:\/\/sol.fm.br\/radio\/wp-content\/uploads\/2023\/11\/04-267x400.jpg 267w, https:\/\/sol.fm.br\/radio\/wp-content\/uploads\/2023\/11\/04-768x1153.jpg 768w, https:\/\/sol.fm.br\/radio\/wp-content\/uploads\/2023\/11\/04-1023x1536.jpg 1023w, https:\/\/sol.fm.br\/radio\/wp-content\/uploads\/2023\/11\/04.jpg 1066w\" sizes=\"auto, (max-width: 221px) 100vw, 221px\" \/><\/p>\n<p>\u00a0<\/p>\n<p>2\u00ba Lugar - Categoria Amador - R$ 200,00 e trof\u00e9u<br \/>Foto n\u00ba 078<br \/>Autor: Fernanda Kohlrausch<br \/>T\u00edtulo: Tudo s\u00e3o ciclos<br \/>Localidade: Terra de Mirtilos \u2013 Ilha Nova<\/p>\n<p>\u00a0<\/p>\n<p>\u00a0<\/p>\n<p>\u00a0<\/p>\n<p><img loading=\"lazy\" decoding=\"async\" class=\"size-medium wp-image-60766 alignleft\" src=\"http:\/\/sol.fm.br\/radio\/wp-content\/uploads\/2023\/11\/05-400x259.jpg\" alt=\"\" width=\"400\" height=\"259\" srcset=\"https:\/\/sol.fm.br\/radio\/wp-content\/uploads\/2023\/11\/05-400x259.jpg 400w, https:\/\/sol.fm.br\/radio\/wp-content\/uploads\/2023\/11\/05-768x497.jpg 768w, https:\/\/sol.fm.br\/radio\/wp-content\/uploads\/2023\/11\/05-1536x994.jpg 1536w, https:\/\/sol.fm.br\/radio\/wp-content\/uploads\/2023\/11\/05.jpg 1600w\" sizes=\"auto, (max-width: 400px) 100vw, 400px\" \/><\/p>\n<p>\u00a0<\/p>\n<p>3\u00ba Lugar - Categoria Amador - R$ 100,00 e trof\u00e9u<br \/>Foto n\u00ba 065<br \/>Autor: Monica Luise Pohren<br \/>T\u00edtulo: Campeonato de Parapente<br \/>Localidade: Morro Grande<\/p>\n<p>\u00a0<\/p>\n<p>\u00a0<\/p>\n<p><img loading=\"lazy\" decoding=\"async\" class=\"size-medium wp-image-60767 alignleft\" src=\"http:\/\/sol.fm.br\/radio\/wp-content\/uploads\/2023\/11\/06-400x300.jpg\" alt=\"\" width=\"400\" height=\"300\" srcset=\"https:\/\/sol.fm.br\/radio\/wp-content\/uploads\/2023\/11\/06-400x300.jpg 400w, https:\/\/sol.fm.br\/radio\/wp-content\/uploads\/2023\/11\/06-768x576.jpg 768w, https:\/\/sol.fm.br\/radio\/wp-content\/uploads\/2023\/11\/06-1536x1152.jpg 1536w, https:\/\/sol.fm.br\/radio\/wp-content\/uploads\/2023\/11\/06.jpg 1600w\" sizes=\"auto, (max-width: 400px) 100vw, 400px\" \/><\/p>\n<p>\u00a0<\/p>\n<p>1\u00ba Lugar - Categoria Profissional - R$ 400,00 e trof\u00e9u<br \/>Foto n\u00ba 009<br \/>Autor: Gracieli Fiedler<br \/>T\u00edtulo: Passado e presente lado a lado<br \/>Localidade: Alto Rolante<\/p>\n<p>\u00a0<\/p>\n<p>\u00a0<\/p>\n<p>\u00a0<\/p>\n<p><img loading=\"lazy\" decoding=\"async\" class=\"size-medium wp-image-60768 alignleft\" src=\"http:\/\/sol.fm.br\/radio\/wp-content\/uploads\/2023\/11\/07-400x254.jpg\" alt=\"\" width=\"400\" height=\"254\" srcset=\"https:\/\/sol.fm.br\/radio\/wp-content\/uploads\/2023\/11\/07-400x254.jpg 400w, https:\/\/sol.fm.br\/radio\/wp-content\/uploads\/2023\/11\/07-768x487.jpg 768w, https:\/\/sol.fm.br\/radio\/wp-content\/uploads\/2023\/11\/07-1536x974.jpg 1536w, https:\/\/sol.fm.br\/radio\/wp-content\/uploads\/2023\/11\/07.jpg 1600w\" sizes=\"auto, (max-width: 400px) 100vw, 400px\" \/><\/p>\n<p>\u00a0<\/p>\n<p>2\u00ba Lugar - Categoria Profissional - R$ 300,00 e trof\u00e9u<br \/>Foto n\u00ba 002<br \/>Autor: Vini Ara\u00fajo<br \/>T\u00edtulo: P\u00f4r do sol no Morro Grande<br \/>Localidade: Morro Grande de Rolante<\/p>\n<p>\u00a0<\/p>\n<p>\u00a0<\/p>\n<p><img loading=\"lazy\" decoding=\"async\" class=\"wp-image-60769 alignleft\" src=\"http:\/\/sol.fm.br\/radio\/wp-content\/uploads\/2023\/11\/08-300x400.jpg\" alt=\"\" width=\"245\" height=\"327\" srcset=\"https:\/\/sol.fm.br\/radio\/wp-content\/uploads\/2023\/11\/08-300x400.jpg 300w, https:\/\/sol.fm.br\/radio\/wp-content\/uploads\/2023\/11\/08-768x1024.jpg 768w, https:\/\/sol.fm.br\/radio\/wp-content\/uploads\/2023\/11\/08-1152x1536.jpg 1152w, https:\/\/sol.fm.br\/radio\/wp-content\/uploads\/2023\/11\/08.jpg 1200w\" sizes=\"auto, (max-width: 245px) 100vw, 245px\" \/><\/p>\n<p>\u00a0<\/p>\n<p>3\u00ba Lugar - Categoria Profissional - R$ 200,00 e trof\u00e9u<br \/>Foto n\u00ba 007<br \/>Autor: Gracieli Fiedler<br \/>T\u00edtulo: F\u00e9 e esperan\u00e7a<br \/>Localidade: Centro de Rolante<\/p>\n<p>\u00a0<\/p>\n<p>\u00a0<\/p>\n<p>\u00a0<\/p>\n<p><img loading=\"lazy\" decoding=\"async\" class=\"wp-image-60770 alignleft\" src=\"http:\/\/sol.fm.br\/radio\/wp-content\/uploads\/2023\/11\/09-400x400.jpg\" alt=\"\" width=\"345\" height=\"345\" srcset=\"https:\/\/sol.fm.br\/radio\/wp-content\/uploads\/2023\/11\/09-400x400.jpg 400w, https:\/\/sol.fm.br\/radio\/wp-content\/uploads\/2023\/11\/09-768x768.jpg 768w, https:\/\/sol.fm.br\/radio\/wp-content\/uploads\/2023\/11\/09-560x560.jpg 560w, https:\/\/sol.fm.br\/radio\/wp-content\/uploads\/2023\/11\/09.jpg 1440w\" sizes=\"auto, (max-width: 345px) 100vw, 345px\" \/><\/p>\n<p>\u00a0<\/p>\n<p>Premia\u00e7\u00e3o da Categoria Ciclifotografia<br \/>Melhor Ciclofotografia - pr\u00eamio de R$ 300,00 e Trof\u00e9u<br \/>Foto n\u00ba 087<br \/>Autor: Daniel Rafael da Silva<br \/>T\u00edtulo: Todo esfor\u00e7o, tem sua recompensa!!!<br \/>Localidade: Cascata Col\u00f4nia Monge<\/p>\n<p>\u00a0<\/p>\n<p>\u00a0<\/p>\n<p>\u00a0<\/p>\n<p><img loading=\"lazy\" decoding=\"async\" class=\"wp-image-60771 alignleft\" src=\"http:\/\/sol.fm.br\/radio\/wp-content\/uploads\/2023\/11\/10-2-300x400.jpg\" alt=\"\" width=\"256\" height=\"341\" srcset=\"https:\/\/sol.fm.br\/radio\/wp-content\/uploads\/2023\/11\/10-2-300x400.jpg 300w, https:\/\/sol.fm.br\/radio\/wp-content\/uploads\/2023\/11\/10-2-768x1024.jpg 768w, https:\/\/sol.fm.br\/radio\/wp-content\/uploads\/2023\/11\/10-2-1152x1536.jpg 1152w, https:\/\/sol.fm.br\/radio\/wp-content\/uploads\/2023\/11\/10-2.jpg 1200w\" sizes=\"auto, (max-width: 256px) 100vw, 256px\" \/><\/p>\n<p>\u00a0<\/p>\n<p>Voto popular categoria infantojuvenil - trof\u00e9u e o valor de R$ 200,00.<br \/>Foto n\u00ba 098<br \/>Autor: Tain\u00e1 Gabriela Wasem<br \/>T\u00edtulo: Encantos de um dia nublado<br \/>Local: Boa Esperan\u00e7a<\/p>\n<p>\u00a0<\/p>\n<p>\u00a0<\/p>\n<p>\u00a0<\/p>\n<p><img loading=\"lazy\" decoding=\"async\" class=\"size-medium wp-image-60772 alignleft\" src=\"http:\/\/sol.fm.br\/radio\/wp-content\/uploads\/2023\/11\/11-2-400x300.jpg\" alt=\"\" width=\"400\" height=\"300\" srcset=\"https:\/\/sol.fm.br\/radio\/wp-content\/uploads\/2023\/11\/11-2-400x300.jpg 400w, https:\/\/sol.fm.br\/radio\/wp-content\/uploads\/2023\/11\/11-2-768x576.jpg 768w, https:\/\/sol.fm.br\/radio\/wp-content\/uploads\/2023\/11\/11-2-1536x1152.jpg 1536w, https:\/\/sol.fm.br\/radio\/wp-content\/uploads\/2023\/11\/11-2.jpg 1600w\" sizes=\"auto, (max-width: 400px) 100vw, 400px\" \/><\/p>\n<p>\u00a0<\/p>\n<p>Voto popular categoria profissional\/ciclofotografia\/amador - pr\u00eamio de R$ 200,00 e trof\u00e9u.<br \/>Foto n\u00ba 009<br \/>Autor: Gracieli Fiedler<br \/>T\u00edtulo: Passado e presente lado a lado<br \/>Localidade: Alto Rolante<\/p>\n<p>\u00a0<\/p>\n<hr \/>\n<h6><strong>Prefeitura Municipal de Rolante\u00a0<\/strong><\/h6>\n\n\n<center><iframe loading=\"lazy\" class=\"jmvplayer\" src=\"https:\/\/player.jmvstream.com\/lvw\/YYGWo5wfZuZ8fEW7Qoq1ISwhLSEDhU\" allowfullscreen allow=\"autoplay; fullscreen\" frameborder=\"0\" width=\"640\" height=\"360\" ><\/iframe><\/center>\n<\/div><\/div>","protected":false},"excerpt":{"rendered":"<p>A exposi\u00e7\u00e3o do 11\u00ba Concurso Fotogr\u00e1fico Um Olhar Sobre Rolante ocorreu no \u00fatimo s\u00e1bado, 25, no Sal\u00e3o Cristo Rei, trazendo o tema \"Pontos Tur\u00edsticos\". Nesta edi\u00e7\u00e3o, o Concurso recebeu a inscri\u00e7\u00e3o de 104 imagens que foram para a etapa final, das quais a comunidade p\u00f4de eleger as suas duas favoritas, sendo uma da Categoria Profissional\/Amador\/Ciclofotografia [&hellip;]<\/p>\n","protected":false},"author":4,"featured_media":60760,"comment_status":"open","ping_status":"open","sticky":false,"template":"","format":"standard","meta":{"footnotes":""},"categories":[1],"tags":[],"class_list":["post-60759","post","type-post","status-publish","format-standard","has-post-thumbnail","hentry","category-sem-categoria"],"_links":{"self":[{"href":"https:\/\/sol.fm.br\/radio\/wp-json\/wp\/v2\/posts\/60759","targetHints":{"allow":["GET"]}}],"collection":[{"href":"https:\/\/sol.fm.br\/radio\/wp-json\/wp\/v2\/posts"}],"about":[{"href":"https:\/\/sol.fm.br\/radio\/wp-json\/wp\/v2\/types\/post"}],"author":[{"embeddable":true,"href":"https:\/\/sol.fm.br\/radio\/wp-json\/wp\/v2\/users\/4"}],"replies":[{"embeddable":true,"href":"https:\/\/sol.fm.br\/radio\/wp-json\/wp\/v2\/comments?post=60759"}],"version-history":[{"count":1,"href":"https:\/\/sol.fm.br\/radio\/wp-json\/wp\/v2\/posts\/60759\/revisions"}],"predecessor-version":[{"id":60773,"href":"https:\/\/sol.fm.br\/radio\/wp-json\/wp\/v2\/posts\/60759\/revisions\/60773"}],"wp:featuredmedia":[{"embeddable":true,"href":"https:\/\/sol.fm.br\/radio\/wp-json\/wp\/v2\/media\/60760"}],"wp:attachment":[{"href":"https:\/\/sol.fm.br\/radio\/wp-json\/wp\/v2\/media?parent=60759"}],"wp:term":[{"taxonomy":"category","embeddable":true,"href":"https:\/\/sol.fm.br\/radio\/wp-json\/wp\/v2\/categories?post=60759"},{"taxonomy":"post_tag","embeddable":true,"href":"https:\/\/sol.fm.br\/radio\/wp-json\/wp\/v2\/tags?post=60759"}],"curies":[{"name":"wp","href":"https:\/\/api.w.org\/{rel}","templated":true}]}}