{"id":60774,"date":"2023-11-29T09:57:14","date_gmt":"2023-11-29T12:57:14","guid":{"rendered":"http:\/\/sol.fm.br\/radio\/?p=60774"},"modified":"2023-11-29T09:57:15","modified_gmt":"2023-11-29T12:57:15","slug":"sai-portaria-com-recursos-para-hospitais-de-parobe-e-sapiranga-serao-mais-de-r-45-milhoes-deputado-joel-tem-ido-a-brasilia-para-agilizar-os-processos","status":"publish","type":"post","link":"https:\/\/sol.fm.br\/radio\/sai-portaria-com-recursos-para-hospitais-de-parobe-e-sapiranga-serao-mais-de-r-45-milhoes-deputado-joel-tem-ido-a-brasilia-para-agilizar-os-processos\/","title":{"rendered":"Sai portaria com recursos para hospitais de Parob\u00e9 e Sapiranga. Ser\u00e3o mais de R$ 4,5 milh\u00f5es. Deputado Joel tem ido a Bras\u00edlia para agilizar os processos.\u201d"},"content":{"rendered":"<div id=\"dslc-theme-content\"><div id=\"dslc-theme-content-inner\"><p>Os hospitais da regi\u00e3o receber\u00e3o mais R$ 4.898.901,24 por ano. Os valores est\u00e3o em portaria publicada nesta ter\u00e7a-feira (28) pelo Governo Federal. O deputado Joel Wilhelm (PP) esteve reunido nesta segunda-feira com a Coordena\u00e7\u00e3o Geral de Urg\u00eancias do Minist\u00e9rio da Sa\u00fade. O setor \u00e9 respons\u00e1vel por analisar o Plano de A\u00e7\u00e3o da Rede de Aten\u00e7\u00e3o \u00e0s Urg\u00eancias da Regi\u00e3o Macrometropolitana. <br \/>O deputado tratou da Portaria que prev\u00ea a destina\u00e7\u00e3o dos seguintes valores para o Hospital S\u00e3o Francisco de Assis, de Parob\u00e9: R$ 1,2 milh\u00e3o para reclassifica\u00e7\u00e3o da Porta de Entrada, R$ 1.396.125 para 15 novos leitos de retaguarda, R$ 930.750 para qualifica\u00e7\u00e3o de mais 15 leitos de retaguarda e R$ 1.055.404,80 para a qualifica\u00e7\u00e3o de 10 leitos de UTI adulto. E para o Hospital de Sapiranga ser\u00e3o R$ 316.621,44 para a qualifica\u00e7\u00e3o de tr\u00eas leitos de UTI adulto. <br \/><em>\u201cEste recurso auxilia no custeio dos hospitais e representa um grande fortalecimento das Institui\u00e7\u00f5es. A sa\u00fade \u00e9 foco do nosso mandato e temos trabalhado pela regionaliza\u00e7\u00e3o. Levando o servi\u00e7o para mais pr\u00f3ximo do cidad\u00e3o\u201d,<\/em> afirmou o Deputado Joel.<br \/>Essa conquista vem sendo articulada pelo parlamentar desde agosto, diretamente em Bras\u00edlia, em parceria com os hospitais.<\/p>\n<hr \/>\n<h6><strong>Assembleia Legislativa do Rio Grande do Sul - ALRS<\/strong><\/h6>\n\n\n<center><iframe loading=\"lazy\" class=\"jmvplayer\" src=\"https:\/\/player.jmvstream.com\/lvw\/YYGWo5wfZuZ8fEW7Qoq1ISwhLSEDhU\" allowfullscreen allow=\"autoplay; fullscreen\" frameborder=\"0\" width=\"640\" height=\"360\" ><\/iframe><\/center>\n<\/div><\/div>","protected":false},"excerpt":{"rendered":"<p>Os hospitais da regi\u00e3o receber\u00e3o mais R$ 4.898.901,24 por ano. Os valores est\u00e3o em portaria publicada nesta ter\u00e7a-feira (28) pelo Governo Federal. O deputado Joel Wilhelm (PP) esteve reunido nesta segunda-feira com a Coordena\u00e7\u00e3o Geral de Urg\u00eancias do Minist\u00e9rio da Sa\u00fade. O setor \u00e9 respons\u00e1vel por analisar o Plano de A\u00e7\u00e3o da Rede de Aten\u00e7\u00e3o [&hellip;]<\/p>\n","protected":false},"author":4,"featured_media":60775,"comment_status":"open","ping_status":"open","sticky":false,"template":"","format":"standard","meta":{"footnotes":""},"categories":[1],"tags":[],"class_list":["post-60774","post","type-post","status-publish","format-standard","has-post-thumbnail","hentry","category-sem-categoria"],"_links":{"self":[{"href":"https:\/\/sol.fm.br\/radio\/wp-json\/wp\/v2\/posts\/60774","targetHints":{"allow":["GET"]}}],"collection":[{"href":"https:\/\/sol.fm.br\/radio\/wp-json\/wp\/v2\/posts"}],"about":[{"href":"https:\/\/sol.fm.br\/radio\/wp-json\/wp\/v2\/types\/post"}],"author":[{"embeddable":true,"href":"https:\/\/sol.fm.br\/radio\/wp-json\/wp\/v2\/users\/4"}],"replies":[{"embeddable":true,"href":"https:\/\/sol.fm.br\/radio\/wp-json\/wp\/v2\/comments?post=60774"}],"version-history":[{"count":1,"href":"https:\/\/sol.fm.br\/radio\/wp-json\/wp\/v2\/posts\/60774\/revisions"}],"predecessor-version":[{"id":60776,"href":"https:\/\/sol.fm.br\/radio\/wp-json\/wp\/v2\/posts\/60774\/revisions\/60776"}],"wp:featuredmedia":[{"embeddable":true,"href":"https:\/\/sol.fm.br\/radio\/wp-json\/wp\/v2\/media\/60775"}],"wp:attachment":[{"href":"https:\/\/sol.fm.br\/radio\/wp-json\/wp\/v2\/media?parent=60774"}],"wp:term":[{"taxonomy":"category","embeddable":true,"href":"https:\/\/sol.fm.br\/radio\/wp-json\/wp\/v2\/categories?post=60774"},{"taxonomy":"post_tag","embeddable":true,"href":"https:\/\/sol.fm.br\/radio\/wp-json\/wp\/v2\/tags?post=60774"}],"curies":[{"name":"wp","href":"https:\/\/api.w.org\/{rel}","templated":true}]}}