{"id":60796,"date":"2023-11-29T10:17:51","date_gmt":"2023-11-29T13:17:51","guid":{"rendered":"http:\/\/sol.fm.br\/radio\/?p=60796"},"modified":"2023-11-29T10:17:52","modified_gmt":"2023-11-29T13:17:52","slug":"9o-forum-iel-de-inovacao-debate-novidades-em-competitividade-e-associativismo","status":"publish","type":"post","link":"https:\/\/sol.fm.br\/radio\/9o-forum-iel-de-inovacao-debate-novidades-em-competitividade-e-associativismo\/","title":{"rendered":"9\u00ba F\u00f3rum IEL de Inova\u00e7\u00e3o debate novidades em competitividade e associativismo"},"content":{"rendered":"<div id=\"dslc-theme-content\"><div id=\"dslc-theme-content-inner\"><p class=\"x_yiv0978564066MsoNormal\" align=\"center\"><i>Evento ainda contou com a Lia, apresentadora feita com IA\u00a0<\/i><b><\/b><\/p>\n<p class=\"x_yiv0978564066MsoNormal\">O 9\u00ba F\u00f3rum IEL de Inova\u00e7\u00e3o buscou levar novidades aos participantes, a fim de impulsionar os neg\u00f3cios por meio da competitividade e do associativismo. O evento, que teve media\u00e7\u00e3o do jornalista Thassius Veloso, juntamente com a Lia, apresentadora feita com Intelig\u00eancia Artificial aliando rob\u00f3tica e computa\u00e7\u00e3o gr\u00e1fica, explorou tend\u00eancias e pr\u00e1ticas que podem ser replicadas nas empresas ga\u00fachas. <em>\u201cA inova\u00e7\u00e3o n\u00e3o \u00e9 uma empreitada solit\u00e1ria, ela prospera em um ecossistema de colabora\u00e7\u00e3o e diversidade\u201d<\/em>, disse o vice-presidente da FIERGS, Arildo Bennech Oliveira. Conforme ele, cada um tem uma perspectiva \u00fanica que tem o poder de redefinir ind\u00fastrias e remodelar o mundo.<\/p>\n<p class=\"x_yiv0978564066MsoNormal\">A presidente da Nanovetores, Betina Zanetti Ramos, farmac\u00eautica, mestre em Farm\u00e1cia, Doutora em Qu\u00edmica, especialista em biosseguran\u00e7a, falou sobre Humaniza\u00e7\u00e3o e Associativismo. Autora de 25 artigos cient\u00edficos e inventora de 15 patentes, Betina destacou que a inova\u00e7\u00e3o tem que gerar um impacto positivo e ela inicia no indiv\u00edduo. <em>\u201cTecnologia \u00e9 um meio, o in\u00edcio e o fim s\u00e3o humanos\u201d<\/em>, disse ela. \u201c<em>Sem a humaniza\u00e7\u00e3o, fica faltando o prop\u00f3sito das empresas\u201d<\/em>, destacou. Neste sentido, ela falou da import\u00e2ncia do associativismo para gerar impacto positivo para a sociedade. <em>\u201cA vida tem sentido quando deixamos um legado\u201d,<\/em> falou.<\/p>\n<p class=\"x_yiv0978564066MsoNormal\">Paula Harraca, refer\u00eancia em ESG, inova\u00e7\u00e3o e gest\u00e3o de pessoas, destacou os 7Cs da Competitividade Consiente. <em>\u201cA gera\u00e7\u00e3o de renda tem que andar junto com a agenda ESG. N\u00e3o podemos pensar em ser a melhor metal\u00fargica ou a melhor loja de varejo, mas sim a melhor para a sociedade\u201d<\/em> lembrou ela. Harraca soma 25 anos de experi\u00eancia no desenvolvimento do potencial humano e na constru\u00e7\u00e3o de neg\u00f3cios capazes de alinhar lucro e prop\u00f3sito. Segundo ela, a relev\u00e2ncia de uma empresa est\u00e1 no seu papel no desenvolvimento social.<\/p>\n<p class=\"x_yiv0978564066MsoNormal\">O conselheiro de inova\u00e7\u00e3o de grandes empresas e professor da Funda\u00e7\u00e3o Dom Cabral e do Insper,\u00a0Bruno Stefani, encerrou o evento com a palestra Transformando Inova\u00e7\u00e3o em Neg\u00f3cios. Ele falou sobre como se v\u00ea problemas e oportunidades de sua empresa e a busca de solu\u00e7\u00f5es. <em>\u201cO segredo \u00e9 encontrar uma solu\u00e7\u00e3o a partir de uma inova\u00e7\u00e3o que poder\u00e1 gerar um novo neg\u00f3cio, um novo produto\u201d,<\/em> comentou. Ele explicou que inova\u00e7\u00e3o n\u00e3o precisa estar ligada \u00e0 tecnologia.<em> \u201cInova\u00e7\u00e3o, no fim do dia, \u00e9 emitir mais notas fiscais que resolvem o problema do cliente\u201d<\/em>, concluiu.<i><\/i><\/p>\n<hr \/>\n<h6 class=\"x_yiv0978564066MsoNormal\" aria-hidden=\"true\"><strong>Imprensa - FIERGS | Unicom - Unidade de Comunica\u00e7\u00e3o do Sistema FIERGS | Foto: Dudu Leal<\/strong><\/h6>\n\n\n<center><iframe loading=\"lazy\" class=\"jmvplayer\" src=\"https:\/\/player.jmvstream.com\/lvw\/YYGWo5wfZuZ8fEW7Qoq1ISwhLSEDhU\" allowfullscreen allow=\"autoplay; fullscreen\" frameborder=\"0\" width=\"640\" height=\"360\" ><\/iframe><\/center>\n<\/div><\/div>","protected":false},"excerpt":{"rendered":"<p>Evento ainda contou com a Lia, apresentadora feita com IA\u00a0 O 9\u00ba F\u00f3rum IEL de Inova\u00e7\u00e3o buscou levar novidades aos participantes, a fim de impulsionar os neg\u00f3cios por meio da competitividade e do associativismo. O evento, que teve media\u00e7\u00e3o do jornalista Thassius Veloso, juntamente com a Lia, apresentadora feita com Intelig\u00eancia Artificial aliando rob\u00f3tica e [&hellip;]<\/p>\n","protected":false},"author":4,"featured_media":60797,"comment_status":"open","ping_status":"open","sticky":false,"template":"","format":"standard","meta":{"footnotes":""},"categories":[1],"tags":[],"class_list":["post-60796","post","type-post","status-publish","format-standard","has-post-thumbnail","hentry","category-sem-categoria"],"_links":{"self":[{"href":"https:\/\/sol.fm.br\/radio\/wp-json\/wp\/v2\/posts\/60796","targetHints":{"allow":["GET"]}}],"collection":[{"href":"https:\/\/sol.fm.br\/radio\/wp-json\/wp\/v2\/posts"}],"about":[{"href":"https:\/\/sol.fm.br\/radio\/wp-json\/wp\/v2\/types\/post"}],"author":[{"embeddable":true,"href":"https:\/\/sol.fm.br\/radio\/wp-json\/wp\/v2\/users\/4"}],"replies":[{"embeddable":true,"href":"https:\/\/sol.fm.br\/radio\/wp-json\/wp\/v2\/comments?post=60796"}],"version-history":[{"count":1,"href":"https:\/\/sol.fm.br\/radio\/wp-json\/wp\/v2\/posts\/60796\/revisions"}],"predecessor-version":[{"id":60798,"href":"https:\/\/sol.fm.br\/radio\/wp-json\/wp\/v2\/posts\/60796\/revisions\/60798"}],"wp:featuredmedia":[{"embeddable":true,"href":"https:\/\/sol.fm.br\/radio\/wp-json\/wp\/v2\/media\/60797"}],"wp:attachment":[{"href":"https:\/\/sol.fm.br\/radio\/wp-json\/wp\/v2\/media?parent=60796"}],"wp:term":[{"taxonomy":"category","embeddable":true,"href":"https:\/\/sol.fm.br\/radio\/wp-json\/wp\/v2\/categories?post=60796"},{"taxonomy":"post_tag","embeddable":true,"href":"https:\/\/sol.fm.br\/radio\/wp-json\/wp\/v2\/tags?post=60796"}],"curies":[{"name":"wp","href":"https:\/\/api.w.org\/{rel}","templated":true}]}}