{"id":62607,"date":"2024-03-12T09:35:23","date_gmt":"2024-03-12T12:35:23","guid":{"rendered":"http:\/\/sol.fm.br\/radio\/?p=62607"},"modified":"2024-03-12T09:35:24","modified_gmt":"2024-03-12T12:35:24","slug":"arroio-do-meio-e-o-primeiro-municipio-a-assinar-convenio-do-programa-de-recuperacao-de-solo-ii","status":"publish","type":"post","link":"https:\/\/sol.fm.br\/radio\/arroio-do-meio-e-o-primeiro-municipio-a-assinar-convenio-do-programa-de-recuperacao-de-solo-ii\/","title":{"rendered":"Arroio do Meio \u00e9 o primeiro munic\u00edpio a assinar conv\u00eanio do Programa de Recupera\u00e7\u00e3o de Solo II"},"content":{"rendered":"<div id=\"dslc-theme-content\"><div id=\"dslc-theme-content-inner\"><p style=\"text-align: center;\"><em>Munic\u00edpio do Vale do Taquari receber\u00e1 R$ 1 milh\u00e3o para recupera\u00e7\u00e3o de 170,6 hectares<\/em><\/p>\n<p>A Secretaria de Desenvolvimento Rural (SDR) realizou, com Arroio do Meio,\u00a0a assinatura do primeiro conv\u00eanio com munic\u00edpios beneficiados pelo Programa de Recupera\u00e7\u00e3o da Fertilidade do Solo II,\u00a0nesta segunda-feira (11\/3).\u00a0Participaram do ato, realizado na sede da pasta em Porto Alegre, o\u00a0titular da SDR, Ronaldo Santini, e o prefeito do munic\u00edpio do Vale do Taquari, Danilo Jos\u00e9 Bruxel.<\/p>\n<p>Arroio do Meio receber\u00e1 mais de R$ 1 milh\u00e3o para recupera\u00e7\u00e3o dos 170,6 hectares de \u00e1reas afetadas. Entre as a\u00e7\u00f5es previstas est\u00e3o a contrata\u00e7\u00e3o de horas-m\u00e1quina e a aquisi\u00e7\u00e3o, distribui\u00e7\u00e3o e aplica\u00e7\u00e3o de insumos\u00a0(como corretivos, condicionadores de solo, adubos, bioinsumos e sementes de cobertura).<\/p>\n<p>Segundo Santini, o conv\u00eanio visa\u00a0recuperar o solo e a capacidade produtiva dos munic\u00edpios que foram afetados pelos eventos clim\u00e1ticos. <em>\u201cA nossa iniciativa tem como prioridade garantir a produ\u00e7\u00e3o de alimentos na cidade\u201d<\/em>, explicou.<\/p>\n<p>Bruxel\u00a0ressaltou a import\u00e2ncia do recurso recebido pelo munic\u00edpio para a continuidade das atividades agr\u00edcolas. <em>\u201cFicamos satisfeitos em receber o montante do governo do Estado, pois poderemos motivar nossos produtores na sequ\u00eancia da atividade, algo substancial para a economia do munic\u00edpio\u201d<\/em>, disse.<\/p>\n<p>Os outros 17 munic\u00edpios contemplados com a etapa II do Programa de Recupera\u00e7\u00e3o da Fertilidade do Solo assinar\u00e3o o conv\u00eanio ao longo desta semana.<\/p>\n<p><strong>Sobre o programa<\/strong><\/p>\n<p>Os munic\u00edpios contemplados com o Programa Recupera\u00e7\u00e3o de Solo II\u00a0s\u00e3o aqueles afetados pelos eventos clim\u00e1ticos adversos que ocorreram, em 2023,\u00a0entre 2 e 6 de setembro e entre 2 e 3 de novembro,\u00a0e que apresentaram perda de solo de \u00e1reas cultiv\u00e1veis, conforme dados dos levantamentos realizados pela Associa\u00e7\u00e3o Riograndense de Empreendimentos de Assist\u00eancia T\u00e9cnica e Extens\u00e3o Rural (Emater\/RS).<\/p>\n<p>O objetivo do programa \u00e9 disponibilizar R$ 15 milh\u00f5es para a recupera\u00e7\u00e3o de \u00e1reas cultiv\u00e1veis de munic\u00edpios do Vale do Taquari, da Serra e do norte do Estado que tiveram perdas decorrentes de chuvas intensas e alagamentos, visando recuperar a capacidade produtiva.<\/p>\n<p>O munic\u00edpio definir\u00e1 os benefici\u00e1rios, por meio do Conselho de Desenvolvimento Rural (ou equivalente), registrando a sele\u00e7\u00e3o em ata. O benef\u00edcio estar\u00e1 limitado ao valor de R$ 30.637,25 por agricultor.<\/p>\n<p>Os insumos adquiridos devem ser destinados \u00e0s \u00e1reas agr\u00edcolas que sofreram eros\u00e3o e perda da fertilidade em raz\u00e3o da ocorr\u00eancia de chuvas intensas e alagamentos.<\/p>\n<p>As principais a\u00e7\u00f5es do programa est\u00e3o sustentadas em quatro\u00a0pilares:<\/p>\n<ul>\n<li>disponibilidade de horas-m\u00e1quina e insumos, tais como corretivos, condicionadores de solo, adubos e sementes de cobertura para a reconstitui\u00e7\u00e3o da fertilidade do solo;\u00a0<\/li>\n<li>incentivo \u00e0 recomposi\u00e7\u00e3o de \u00e1reas de matas ciliares que colaborem para evitar preju\u00edzo em eventos futuros de semelhante caracter\u00edstica;\u00a0<\/li>\n<li>contribui\u00e7\u00e3o para elevar e recompor a produtividade das \u00e1reas degradadas;<\/li>\n<li>colabora\u00e7\u00e3o para a melhoria da renda obtida pelos agricultores familiares atingidos.<\/li>\n<\/ul>\n<hr \/>\n<h6><strong>GOV RS | Texto: Ascom SDR | Edi\u00e7\u00e3o: Felipe Borges\/Secom<\/strong><\/h6>\n\n\n<center><iframe loading=\"lazy\" class=\"jmvplayer\" src=\"https:\/\/player.jmvstream.com\/lvw\/YYGWo5wfZuZ8fEW7Qoq1ISwhLSEDhU\" allowfullscreen allow=\"autoplay; fullscreen\" frameborder=\"0\" width=\"640\" height=\"360\" ><\/iframe><\/center>\n<\/div><\/div>","protected":false},"excerpt":{"rendered":"<p>Munic\u00edpio do Vale do Taquari receber\u00e1 R$ 1 milh\u00e3o para recupera\u00e7\u00e3o de 170,6 hectares A Secretaria de Desenvolvimento Rural (SDR) realizou, com Arroio do Meio,\u00a0a assinatura do primeiro conv\u00eanio com munic\u00edpios beneficiados pelo Programa de Recupera\u00e7\u00e3o da Fertilidade do Solo II,\u00a0nesta segunda-feira (11\/3).\u00a0Participaram do ato, realizado na sede da pasta em Porto Alegre, o\u00a0titular da [&hellip;]<\/p>\n","protected":false},"author":4,"featured_media":62608,"comment_status":"open","ping_status":"open","sticky":false,"template":"","format":"standard","meta":{"footnotes":""},"categories":[1],"tags":[],"class_list":["post-62607","post","type-post","status-publish","format-standard","has-post-thumbnail","hentry","category-sem-categoria"],"_links":{"self":[{"href":"https:\/\/sol.fm.br\/radio\/wp-json\/wp\/v2\/posts\/62607","targetHints":{"allow":["GET"]}}],"collection":[{"href":"https:\/\/sol.fm.br\/radio\/wp-json\/wp\/v2\/posts"}],"about":[{"href":"https:\/\/sol.fm.br\/radio\/wp-json\/wp\/v2\/types\/post"}],"author":[{"embeddable":true,"href":"https:\/\/sol.fm.br\/radio\/wp-json\/wp\/v2\/users\/4"}],"replies":[{"embeddable":true,"href":"https:\/\/sol.fm.br\/radio\/wp-json\/wp\/v2\/comments?post=62607"}],"version-history":[{"count":1,"href":"https:\/\/sol.fm.br\/radio\/wp-json\/wp\/v2\/posts\/62607\/revisions"}],"predecessor-version":[{"id":62609,"href":"https:\/\/sol.fm.br\/radio\/wp-json\/wp\/v2\/posts\/62607\/revisions\/62609"}],"wp:featuredmedia":[{"embeddable":true,"href":"https:\/\/sol.fm.br\/radio\/wp-json\/wp\/v2\/media\/62608"}],"wp:attachment":[{"href":"https:\/\/sol.fm.br\/radio\/wp-json\/wp\/v2\/media?parent=62607"}],"wp:term":[{"taxonomy":"category","embeddable":true,"href":"https:\/\/sol.fm.br\/radio\/wp-json\/wp\/v2\/categories?post=62607"},{"taxonomy":"post_tag","embeddable":true,"href":"https:\/\/sol.fm.br\/radio\/wp-json\/wp\/v2\/tags?post=62607"}],"curies":[{"name":"wp","href":"https:\/\/api.w.org\/{rel}","templated":true}]}}