{"id":62610,"date":"2024-03-12T09:38:35","date_gmt":"2024-03-12T12:38:35","guid":{"rendered":"http:\/\/sol.fm.br\/radio\/?p=62610"},"modified":"2024-03-12T09:38:37","modified_gmt":"2024-03-12T12:38:37","slug":"fiergs-entrega-a-deputados-estaduais-a-agenda-legislativa-da-industria-2024","status":"publish","type":"post","link":"https:\/\/sol.fm.br\/radio\/fiergs-entrega-a-deputados-estaduais-a-agenda-legislativa-da-industria-2024\/","title":{"rendered":"FIERGS entrega a deputados estaduais a Agenda Legislativa da Ind\u00fastria 2024"},"content":{"rendered":"<div id=\"dslc-theme-content\"><div id=\"dslc-theme-content-inner\"><p class=\"x_yiv7867872465MsoBodyText\" align=\"center\"><i>Entidade recebe parlamentares liderados pelo presidente da ALRS<\/i><\/p>\n<p class=\"x_yiv7867872465MsoBodyText\">A Agenda Legislativa da Ind\u00fastria 2024, com o posicionamento do setor para 56 proposi\u00e7\u00f5es que tramitam na Assembleia Legislativa ga\u00facha, foi entregue pela Federa\u00e7\u00e3o das Ind\u00fastrias do Estado do Rio Grande do Sul (FIERGS) a deputados da Bancada Estadual, nesta segunda-feira (11).\u00a0 <em>\u201cA Agenda tem como prop\u00f3sito posicionar a entidade frente a dificuldades que possam atrasar ainda mais o desenvolvimento da sociedade ga\u00facha. Este documento representa um mapa de voo que nos guiar\u00e1 na dire\u00e7\u00e3o correta, delineando os posicionamentos necess\u00e1rios para enfrentar as mat\u00e9rias que causam problemas para a nossa economia, pois uma distor\u00e7\u00e3o na economia sempre ter\u00e1 repercuss\u00e3o na sociedade. A colabora\u00e7\u00e3o entre a FIERGS e o Legislativo, atrav\u00e9s do di\u00e1logo construtivo, ser\u00e1 fundamental para que possamos promover um ambiente prop\u00edcio para o crescimento do Rio Grande do Sul\u201d,<\/em> disse aos deputados o presidente da FIERGS, Gilberto Porcello Petry, definindo tamb\u00e9m como inadequada a ideia do Governo do Estado de cortar os incentivos dos setores produtivos, onerando o consumidor e freando a retomada econ\u00f4mica.<\/p>\n<p class=\"x_yiv7867872465MsoNormal\">O documento, elaborado pelo Conselho de Articula\u00e7\u00e3o Parlamentar (Coap) da FIERGS com base em pareceres dos Conselhos Tem\u00e1ticos da entidade, est\u00e1 dividido em sete \u00e1reas: Agroind\u00fastria, Infraestrutura, Inova\u00e7\u00e3o e Tecnologia, Meio Ambiente, Rela\u00e7\u00f5es do Trabalho, Sistema Tribut\u00e1rio e Interesse Setorial. Nos sete cap\u00edtulos est\u00e3o descritos cada projeto, com identifica\u00e7\u00e3o do seu autor, a situa\u00e7\u00e3o b\u00e1sica da tramita\u00e7\u00e3o e a opini\u00e3o da entidade.<em> \u201cEsta publica\u00e7\u00e3o sintetiza o trabalho realizado pelo Conselho de Articula\u00e7\u00e3o Parlamentar de prospec\u00e7\u00e3o e monitoramento de proposi\u00e7\u00f5es apresentadas na Assembleia Legislativa pelos nossos parlamentares. Tamb\u00e9m conecta as an\u00e1lises apuradas das equipes t\u00e9cnicas dos conselhos e seus integrantes, que avaliaram detidamente a legalidade e o m\u00e9rito das mat\u00e9rias\u201d,<\/em> afirmou o coordenador do Coap, Cl\u00e1udio Bier.<\/p>\n<p class=\"x_yiv7867872465MsoNormal\">O presidente da Assembleia Legislativa (ALRS), Adolfo Brito, refor\u00e7ou o di\u00e1logo entre a Casa Legislativa e a FIERGS, mostrando a import\u00e2ncia que a ALRS d\u00e1 para a ind\u00fastria ga\u00facha. <em>\u201cEsta Agenda Legislativa \u00e9 o encontro singular de quem produz e quem tem a responsabilidade de elaborar as leis no Estado. O Poder Legislativo, com seus 55 parlamentares, \u00e9 a representa\u00e7\u00e3o completa da sociedade ga\u00facha\u201d,<\/em> observou Brito, destacando que uma de suas prioridades \u00e0 frente da presid\u00eancia da Assembleia ser\u00e1 a de dar uma aten\u00e7\u00e3o especial a projetos de irriga\u00e7\u00e3o. <em>\u201cPrecisamos pensar nisso e trabalhar em cima deste tema\u201d<\/em>, salientou.<\/p>\n<p class=\"x_yiv7867872465MsoNormal\">Gilberto Porcello Petry e Cl\u00e1udio Bier entregaram um exemplar da Agenda Legislativa da Ind\u00fastria ao presidente Adolfo Brito, que antes da reuni\u00e3o-almo\u00e7o se reuniu com os dois dirigentes no gabinete da Presid\u00eancia da FIERGS.<\/p>\n<p class=\"x_yiv7867872465MsoNormal\">Participaram do evento os deputados Adriana Lara, Airton Artus, Delegada Nadine, Delegado Zucco, Felipe Camozzato, Guilherme Pasin, Gustavo Victorino, Joel Wilhelm, Marcus Vinicius e Pepe Vargas, al\u00e9m dos representantes dos deputados Capit\u00e3o Martim, Elton Weber, Edvilson Brum, Sergio Peres e Professor Cl\u00e1udio Branchieri. A Agenda completa poder\u00e1 ser acessada em\u00a0<a href=\"https:\/\/www.fiergs.org.br\/servicos\/area\/articulacao-parlamentar\" target=\"_blank\" rel=\"nofollow noopener noreferrer\" shape=\"rect\" data-auth=\"NotApplicable\" data-linkindex=\"1\">https:\/\/www.fiergs.org.br\/servicos\/area\/articulacao-parlamentar<\/a>.<\/p>\n<hr \/>\n<h6><strong>Imprensa - FIERGS | Unicom - Unidade de Comunica\u00e7\u00e3o do Sistema FIERGS | Foto: Dudu Leal<\/strong><\/h6>\n\n\n<center><iframe loading=\"lazy\" class=\"jmvplayer\" src=\"https:\/\/player.jmvstream.com\/lvw\/YYGWo5wfZuZ8fEW7Qoq1ISwhLSEDhU\" allowfullscreen allow=\"autoplay; fullscreen\" frameborder=\"0\" width=\"640\" height=\"360\" ><\/iframe><\/center>\n<\/div><\/div>","protected":false},"excerpt":{"rendered":"<p>Entidade recebe parlamentares liderados pelo presidente da ALRS A Agenda Legislativa da Ind\u00fastria 2024, com o posicionamento do setor para 56 proposi\u00e7\u00f5es que tramitam na Assembleia Legislativa ga\u00facha, foi entregue pela Federa\u00e7\u00e3o das Ind\u00fastrias do Estado do Rio Grande do Sul (FIERGS) a deputados da Bancada Estadual, nesta segunda-feira (11).\u00a0 \u201cA Agenda tem como prop\u00f3sito [&hellip;]<\/p>\n","protected":false},"author":4,"featured_media":62611,"comment_status":"open","ping_status":"open","sticky":false,"template":"","format":"standard","meta":{"footnotes":""},"categories":[1],"tags":[],"class_list":["post-62610","post","type-post","status-publish","format-standard","has-post-thumbnail","hentry","category-sem-categoria"],"_links":{"self":[{"href":"https:\/\/sol.fm.br\/radio\/wp-json\/wp\/v2\/posts\/62610","targetHints":{"allow":["GET"]}}],"collection":[{"href":"https:\/\/sol.fm.br\/radio\/wp-json\/wp\/v2\/posts"}],"about":[{"href":"https:\/\/sol.fm.br\/radio\/wp-json\/wp\/v2\/types\/post"}],"author":[{"embeddable":true,"href":"https:\/\/sol.fm.br\/radio\/wp-json\/wp\/v2\/users\/4"}],"replies":[{"embeddable":true,"href":"https:\/\/sol.fm.br\/radio\/wp-json\/wp\/v2\/comments?post=62610"}],"version-history":[{"count":1,"href":"https:\/\/sol.fm.br\/radio\/wp-json\/wp\/v2\/posts\/62610\/revisions"}],"predecessor-version":[{"id":62612,"href":"https:\/\/sol.fm.br\/radio\/wp-json\/wp\/v2\/posts\/62610\/revisions\/62612"}],"wp:featuredmedia":[{"embeddable":true,"href":"https:\/\/sol.fm.br\/radio\/wp-json\/wp\/v2\/media\/62611"}],"wp:attachment":[{"href":"https:\/\/sol.fm.br\/radio\/wp-json\/wp\/v2\/media?parent=62610"}],"wp:term":[{"taxonomy":"category","embeddable":true,"href":"https:\/\/sol.fm.br\/radio\/wp-json\/wp\/v2\/categories?post=62610"},{"taxonomy":"post_tag","embeddable":true,"href":"https:\/\/sol.fm.br\/radio\/wp-json\/wp\/v2\/tags?post=62610"}],"curies":[{"name":"wp","href":"https:\/\/api.w.org\/{rel}","templated":true}]}}