{"id":62626,"date":"2024-03-13T09:31:35","date_gmt":"2024-03-13T12:31:35","guid":{"rendered":"http:\/\/sol.fm.br\/radio\/?p=62626"},"modified":"2024-03-13T09:31:36","modified_gmt":"2024-03-13T12:31:36","slug":"fiergs-lanca-o-movimento-produto-rs","status":"publish","type":"post","link":"https:\/\/sol.fm.br\/radio\/fiergs-lanca-o-movimento-produto-rs\/","title":{"rendered":"FIERGS lan\u00e7a o Movimento Produto RS"},"content":{"rendered":"<div id=\"dslc-theme-content\"><div id=\"dslc-theme-content-inner\"><p class=\"x_yiv4928594334ydp4deb15c2yiv5789628033MsoBodyText\" align=\"center\"><i>Objetivo da entidade \u00e9 reposicionar a produ\u00e7\u00e3o industrial ga\u00facha<\/i><\/p>\n<p class=\"x_yiv4928594334ydp4deb15c2yiv5789628033MsoBodyText\"><i>\u00a0<\/i>Pesquisa realizada Pela Federa\u00e7\u00e3o das Ind\u00fastrias do Estado do Rio Grande do Sul (FIERGS) junto aos Sindicatos Industriais filiados \u00e0 entidade concluiu pela necessidade de reposicionar o produto ga\u00facho no mercado nacional. <em>\u201cQueremos consolidar uma nova percep\u00e7\u00e3o sobre os produtos que levam a marca de origem RS. Uma nova percep\u00e7\u00e3o de valor. Um novo olhar sobre as ind\u00fastrias estabelecidas no Rio Grande do Sul que, pela localiza\u00e7\u00e3o geogr\u00e1fica, precisam, al\u00e9m de tudo, superar a quest\u00e3o log\u00edstica das dist\u00e2ncias at\u00e9 os principais mercados consumidores do Pa\u00eds. Assim, estamos reunidos aqui para lan\u00e7armos o Movimento Produto RS\u201d<\/em>, disse o presidente da FIERGS, Gilberto Porcello Petry, ao apesentar a iniciativa, nesta ter\u00e7a-feira (12), em almo\u00e7o na sede da Federa\u00e7\u00e3o.<\/p>\n<p class=\"x_yiv4928594334ydp4deb15c2yiv5789628033MsoBodyText\">A ideia \u00e9, segundo o presidente Petry, que o Movimento Produto RS se some ao protagonismo do setor industrial, assim como o Centro das Ind\u00fastrias do Estado do Rio Grande do Sul (CIERGS) e a FIERGS, que desde a d\u00e9cada de 30 promovem as ind\u00fastrias e os industriais. Pelos meios de comunica\u00e7\u00e3o tradicionais e digitais, a FIERGS ir\u00e1 n\u00e3o apenas apresentar a ind\u00fastria do Estado, mas tamb\u00e9m atrair investimentos e outros olhares para o Rio Grande do Sul, em parceria com o setor p\u00fablico. <em>\u201cQueremos trabalhar em uni\u00e3o para elevar o reconhecimento do produto ga\u00facho ao patamar que ele merece. Que o movimento Produto RS seja o acelerador de uma nova era de conquistas para toda a sociedade rio-grandense\u201d<\/em>, ressaltou o presidente da FIERGS, explicando que os destinos das exporta\u00e7\u00f5es ga\u00fachas podem ser multiplicados, pois os produtos do RS est\u00e3o presentes em 160 pa\u00edses.<\/p>\n<p class=\"x_yiv4928594334ydp4deb15c2yiv5789628033MsoBodyText\">Representando o governador Eduardo Leite no evento, o secret\u00e1rio de Desenvolvimento Econ\u00f4mico, Ernani Polo, ressaltou a necessidade de valoriza\u00e7\u00e3o da produ\u00e7\u00e3o ga\u00facha. Al\u00e9m do Movimento Produto RS da FIERGS, citou a cria\u00e7\u00e3o pelo Governo do Estado da Ag\u00eancia de Promo\u00e7\u00e3o Comercial e Atra\u00e7\u00e3o de Investimentos, aprovada no final do ano passado e que est\u00e1 em fase de estrutura\u00e7\u00e3o. Ser\u00e1 um servi\u00e7o com a presen\u00e7a do setor p\u00fablico e privado, com o objetivo de potencializar a promo\u00e7\u00e3o comercial dos produtos do Rio Grande do Sul e atrair novos investimentos.<\/p>\n<p class=\"x_yiv4928594334ydp4deb15c2yiv5789628033MsoBodyText\">Para o deputado estadual e presidente da Frente Parlamentar de Apoio \u00e0 Ind\u00fastria Ga\u00facha, Cl\u00e1udio Branchelli, <em>\u201ca ind\u00fastria ga\u00facha tem a capacidade de competi\u00e7\u00e3o contra qualquer player global\u201d<\/em>, exaltando a inciativa da FIERGS.<\/p>\n<p class=\"x_yiv4928594334ydp4deb15c2yiv5789628033MsoBodyText\">Os presidentes da Federa\u00e7\u00e3o das C\u00e2maras de Dirigentes Lojistas do Rio Grande do Sul (FCDL), Vitor Augusto Koch, e da Associa\u00e7\u00e3o Ga\u00facha de Supermercados (Agas), Ant\u00f4nio Cesa Longo, manifestaram que ser\u00e3o parceiros do Movimento lan\u00e7ado pela FIERGS.<\/p>\n<p class=\"x_yiv4928594334ydp4deb15c2yiv5789628033MsoNormal\">O v\u00eddeo de lan\u00e7amento do Movimento Produto RS pode ser acessado no link <a href=\"https:\/\/youtu.be\/yLR1KbsfY-g\" target=\"_blank\" rel=\"nofollow noopener noreferrer\" shape=\"rect\" data-auth=\"NotApplicable\" data-linkindex=\"0\">https:\/\/youtu.be\/yLR1KbsfY-g<\/a>.<\/p>\n<hr \/>\n<h6><strong>Imprensa - FIERGS | Unicom -\u00a0Unidade de Comunica\u00e7\u00e3o do Sistema FIERGS | Foto: Dudu Leal<\/strong><\/h6>\n\n\n<center><iframe loading=\"lazy\" class=\"jmvplayer\" src=\"https:\/\/player.jmvstream.com\/lvw\/YYGWo5wfZuZ8fEW7Qoq1ISwhLSEDhU\" allowfullscreen allow=\"autoplay; fullscreen\" frameborder=\"0\" width=\"640\" height=\"360\" ><\/iframe><\/center>\n<\/div><\/div>","protected":false},"excerpt":{"rendered":"<p>Objetivo da entidade \u00e9 reposicionar a produ\u00e7\u00e3o industrial ga\u00facha \u00a0Pesquisa realizada Pela Federa\u00e7\u00e3o das Ind\u00fastrias do Estado do Rio Grande do Sul (FIERGS) junto aos Sindicatos Industriais filiados \u00e0 entidade concluiu pela necessidade de reposicionar o produto ga\u00facho no mercado nacional. \u201cQueremos consolidar uma nova percep\u00e7\u00e3o sobre os produtos que levam a marca de origem [&hellip;]<\/p>\n","protected":false},"author":4,"featured_media":62627,"comment_status":"open","ping_status":"open","sticky":false,"template":"","format":"standard","meta":{"footnotes":""},"categories":[1],"tags":[],"class_list":["post-62626","post","type-post","status-publish","format-standard","has-post-thumbnail","hentry","category-sem-categoria"],"_links":{"self":[{"href":"https:\/\/sol.fm.br\/radio\/wp-json\/wp\/v2\/posts\/62626","targetHints":{"allow":["GET"]}}],"collection":[{"href":"https:\/\/sol.fm.br\/radio\/wp-json\/wp\/v2\/posts"}],"about":[{"href":"https:\/\/sol.fm.br\/radio\/wp-json\/wp\/v2\/types\/post"}],"author":[{"embeddable":true,"href":"https:\/\/sol.fm.br\/radio\/wp-json\/wp\/v2\/users\/4"}],"replies":[{"embeddable":true,"href":"https:\/\/sol.fm.br\/radio\/wp-json\/wp\/v2\/comments?post=62626"}],"version-history":[{"count":1,"href":"https:\/\/sol.fm.br\/radio\/wp-json\/wp\/v2\/posts\/62626\/revisions"}],"predecessor-version":[{"id":62628,"href":"https:\/\/sol.fm.br\/radio\/wp-json\/wp\/v2\/posts\/62626\/revisions\/62628"}],"wp:featuredmedia":[{"embeddable":true,"href":"https:\/\/sol.fm.br\/radio\/wp-json\/wp\/v2\/media\/62627"}],"wp:attachment":[{"href":"https:\/\/sol.fm.br\/radio\/wp-json\/wp\/v2\/media?parent=62626"}],"wp:term":[{"taxonomy":"category","embeddable":true,"href":"https:\/\/sol.fm.br\/radio\/wp-json\/wp\/v2\/categories?post=62626"},{"taxonomy":"post_tag","embeddable":true,"href":"https:\/\/sol.fm.br\/radio\/wp-json\/wp\/v2\/tags?post=62626"}],"curies":[{"name":"wp","href":"https:\/\/api.w.org\/{rel}","templated":true}]}}