{"id":62629,"date":"2024-03-13T09:39:50","date_gmt":"2024-03-13T12:39:50","guid":{"rendered":"http:\/\/sol.fm.br\/radio\/?p=62629"},"modified":"2024-03-13T09:39:52","modified_gmt":"2024-03-13T12:39:52","slug":"programa-carne-hereford-finaliza-2023-com-importantes-parcerias-e-saldo-positivo","status":"publish","type":"post","link":"https:\/\/sol.fm.br\/radio\/programa-carne-hereford-finaliza-2023-com-importantes-parcerias-e-saldo-positivo\/","title":{"rendered":"Programa Carne Hereford finaliza 2023 com importantes parcerias e saldo positivo"},"content":{"rendered":"<div id=\"dslc-theme-content\"><div id=\"dslc-theme-content-inner\"><div style=\"text-align: center;\"><i>Trinta e cinco mil animais foram certificados nos frigor\u00edficos parceiros devido \u00e0 demanda por carne de qualidade e pela expans\u00e3o para novos mercados<\/i><\/div>\n<div><i><br clear=\"none\" aria-hidden=\"true\" \/><\/i><br clear=\"none\" aria-hidden=\"true\" \/>Encerrando o ano de 2023 com excelentes resultados, o Programa Carne Hereford, da Associa\u00e7\u00e3o Brasileira de Hereford e Braford (ABHB), foi marcado por importantes parcerias. Entre os destaques est\u00e3o a parceira com o restaurante L\u2019Entrecot\u00ea D\u2019Olivier, liderado pelo chef Olivier Anquier, que conta com duas unidades em S\u00e3o Paulo (SP), e Restaurante Los Pampas 520, localizado em Bento Gon\u00e7alves (RS), apresentando todo o sabor e sucul\u00eancia da Carne Hereford.<br clear=\"none\" aria-hidden=\"true\" \/><br clear=\"none\" aria-hidden=\"true\" \/>Outro momento foi a nova parceria de certifica\u00e7\u00e3o com o Frigor\u00edfico Argus, de S\u00e3o Jos\u00e9 dos Pinhais (PR). A novidade visa ampliar a atua\u00e7\u00e3o da Carne Hereford, buscando fomentar, ainda mais, a cadeia da carne bovina. Destaque importante tamb\u00e9m foi a parceria com a Associa\u00e7\u00e3o Brasileira de Criadores de Cavalos Crioulos (ABCCC), em eventos como a Peleia Gastron\u00f4mica nas classificat\u00f3rias, o Bocal de Ouro e a Final do Freio de Ouro, em que a Carne Hereford esteve em grande evid\u00eancia no camarote da entidade.<br clear=\"none\" aria-hidden=\"true\" \/><br clear=\"none\" aria-hidden=\"true\" \/>O diretor do Programa Carne Hereford, Eduardo Eichenberg, ressalta a relev\u00e2ncia da uni\u00e3o entre a ABHB com o Cavalo Crioulo. Para ele, esta parceria foi fundamental para divulgar a qualidade e o diferencial da Carne Hereford em todos os eventos relacionados ao Cavalo Crioulo, uma liga\u00e7\u00e3o muito forte de pessoas e de ideais, de mesmos valores que puderam ser alinhados atrav\u00e9s dessa parceria. Al\u00e9m disso, o programa encerrou o ano com dados positivos, registrando o n\u00famero de 35 mil animais certificados nos frigor\u00edficos parceiros, impulsionado pela demanda por carne de qualidade e pela expans\u00e3o para novos mercados.<br clear=\"none\" aria-hidden=\"true\" \/><br clear=\"none\" aria-hidden=\"true\" \/>O diretor enfatiza as coopera\u00e7\u00f5es com os restaurantes como um elemento ben\u00e9fico para todas as partes envolvidas. <em>\u201cEssas parcerias v\u00e3o crescendo garantindo, cada vez mais, qualidade para o consumidor, que busca um produto diferenciado. Ent\u00e3o, \u00e9 uma maneira dos restaurantes garantirem aos seus clientes uma carne de qualidade, al\u00e9m de n\u00f3s podermos expor a nossa marca junto a esses grandes restaurantes\u201d<\/em>, declara.<br clear=\"none\" aria-hidden=\"true\" \/><br clear=\"none\" aria-hidden=\"true\" \/>Al\u00e9m das parcerias, outro momento marcante para o Programa foi a realiza\u00e7\u00e3o do Concurso de Carca\u00e7as Carne Hereford que, mais uma vez, bateu recorde com 600 animais participantes. <em>\u201cTivemos um recorde no concurso de carca\u00e7as na etapa do Frigor\u00edfico Silva, que sem d\u00favidas foi o concurso que mais teve n\u00famero de animais inscritos, e isso comprova o empenho dos produtores e daqueles envolvidos em, cada vez mais, fornecer um n\u00famero maior de animais de qualidade para o nosso programa de carne, e consequentemente, ao mercado consumidor\u201d<\/em>, afirma Eichenberg .<br clear=\"none\" aria-hidden=\"true\" \/><br clear=\"none\" aria-hidden=\"true\" \/>Por fim, sobre as metas futuras do Programa, o diretor destaca a possibilidade de mais parcerias estrat\u00e9gicas que possam levar a Carne Hereford a mais consumidores. <em>\u201cNosso objetivo \u00e9 continuar expandindo o programa, com mais parcerias de casas de carnes, restaurantes e, principalmente, frigor\u00edficos. Al\u00e9m da participa\u00e7\u00e3o em eventos gastron\u00f4micos em que possamos mostrar toda a qualidade e sabor da nossa carne Hereford\u201d<\/em>, observa.<\/div>\n<hr \/>\n<h6><strong>AgroEffective | Assessoria de Comunica\u00e7\u00e3o da Associa\u00e7\u00e3o Brasileira de Hereford e Braford (ABHB) | Foto: Dh\u00e9sika Vidikin\/Divulga\u00e7\u00e3o | Texto: Rejane Costa\/AgroEffective<\/strong><\/h6>\n\n\n<center><iframe loading=\"lazy\" class=\"jmvplayer\" src=\"https:\/\/player.jmvstream.com\/lvw\/YYGWo5wfZuZ8fEW7Qoq1ISwhLSEDhU\" allowfullscreen allow=\"autoplay; fullscreen\" frameborder=\"0\" width=\"640\" height=\"360\" ><\/iframe><\/center>\n<\/div><\/div>","protected":false},"excerpt":{"rendered":"<p>Trinta e cinco mil animais foram certificados nos frigor\u00edficos parceiros devido \u00e0 demanda por carne de qualidade e pela expans\u00e3o para novos mercados Encerrando o ano de 2023 com excelentes resultados, o Programa Carne Hereford, da Associa\u00e7\u00e3o Brasileira de Hereford e Braford (ABHB), foi marcado por importantes parcerias. Entre os destaques est\u00e3o a parceira com [&hellip;]<\/p>\n","protected":false},"author":4,"featured_media":62630,"comment_status":"open","ping_status":"open","sticky":false,"template":"","format":"standard","meta":{"footnotes":""},"categories":[1],"tags":[],"class_list":["post-62629","post","type-post","status-publish","format-standard","has-post-thumbnail","hentry","category-sem-categoria"],"_links":{"self":[{"href":"https:\/\/sol.fm.br\/radio\/wp-json\/wp\/v2\/posts\/62629","targetHints":{"allow":["GET"]}}],"collection":[{"href":"https:\/\/sol.fm.br\/radio\/wp-json\/wp\/v2\/posts"}],"about":[{"href":"https:\/\/sol.fm.br\/radio\/wp-json\/wp\/v2\/types\/post"}],"author":[{"embeddable":true,"href":"https:\/\/sol.fm.br\/radio\/wp-json\/wp\/v2\/users\/4"}],"replies":[{"embeddable":true,"href":"https:\/\/sol.fm.br\/radio\/wp-json\/wp\/v2\/comments?post=62629"}],"version-history":[{"count":1,"href":"https:\/\/sol.fm.br\/radio\/wp-json\/wp\/v2\/posts\/62629\/revisions"}],"predecessor-version":[{"id":62631,"href":"https:\/\/sol.fm.br\/radio\/wp-json\/wp\/v2\/posts\/62629\/revisions\/62631"}],"wp:featuredmedia":[{"embeddable":true,"href":"https:\/\/sol.fm.br\/radio\/wp-json\/wp\/v2\/media\/62630"}],"wp:attachment":[{"href":"https:\/\/sol.fm.br\/radio\/wp-json\/wp\/v2\/media?parent=62629"}],"wp:term":[{"taxonomy":"category","embeddable":true,"href":"https:\/\/sol.fm.br\/radio\/wp-json\/wp\/v2\/categories?post=62629"},{"taxonomy":"post_tag","embeddable":true,"href":"https:\/\/sol.fm.br\/radio\/wp-json\/wp\/v2\/tags?post=62629"}],"curies":[{"name":"wp","href":"https:\/\/api.w.org\/{rel}","templated":true}]}}