{"id":62632,"date":"2024-03-13T09:51:05","date_gmt":"2024-03-13T12:51:05","guid":{"rendered":"http:\/\/sol.fm.br\/radio\/?p=62632"},"modified":"2024-03-13T09:51:07","modified_gmt":"2024-03-13T12:51:07","slug":"assembleia-aprova-projeto-de-reajuste-do-piso-do-magisterio","status":"publish","type":"post","link":"https:\/\/sol.fm.br\/radio\/assembleia-aprova-projeto-de-reajuste-do-piso-do-magisterio\/","title":{"rendered":"Assembleia aprova projeto de reajuste do piso do magist\u00e9rio"},"content":{"rendered":"<div id=\"dslc-theme-content\"><div id=\"dslc-theme-content-inner\"><p class=\"artigo__subtitulo\" style=\"text-align: center;\"><em>Percentual ser\u00e1 retroativo a 1\u00ba de janeiro de 2024<\/em><\/p>\n<p>Foi aprovado por unanimidade (46 votos), nesta ter\u00e7a-feira (12\/3), na Assembleia Legislativa, o Projeto de Lei 23\/2024, encaminhado pelo governo do Estado em regime de urg\u00eancia para reajustar o piso do magist\u00e9rio. Haver\u00e1 aumento de 3,62% aos professores da educa\u00e7\u00e3o b\u00e1sica, \u00edndice definido pela Portaria 61\/2024, publicada pelo Minist\u00e9rio da Educa\u00e7\u00e3o (MEC) no fim de janeiro.<\/p>\n<p>O reajuste ser\u00e1 retroativo a 1\u00ba de janeiro de 2024 e incidir\u00e1 sobre todos os n\u00edveis de carreira dos professores ativos, al\u00e9m de inativos e pensionistas com paridade. Conforme c\u00e1lculo do Tesouro do Estado, o impacto aos cofres p\u00fablicos \u00e9 estimado em R$ 234 milh\u00f5es ao ano.<\/p>\n<p>Com o reajuste, todos os professores da Rede Estadual de ensino receber\u00e3o, no m\u00ednimo, o novo piso nacional, de R$ 4.580,59 para 40 horas semanais de trabalho. O subs\u00eddio de entrada para professores com licenciatura plena passar\u00e1 para R$ 4.809,49.<\/p>\n<p>Desde 2019, a remunera\u00e7\u00e3o de professores estaduais apresenta avan\u00e7o. H\u00e1 cinco anos, o piso era de R$ 2.557,74 para 40 horas semanais. Agora, em 2024, chega a R$ 4.580,59, varia\u00e7\u00e3o de 86% (considerando os reajustes do vale-alimenta\u00e7\u00e3o). No per\u00edodo, o \u00cdndice de Pre\u00e7os ao Consumidor Amplo (IPCA) acumulou 32,1%.<\/p>\n<p>Com a aprova\u00e7\u00e3o do projeto, veja como\u00a0ficam os subs\u00eddios:<\/p>\n<p><img loading=\"lazy\" decoding=\"async\" class=\"alignnone size-medium wp-image-62634 aligncenter\" src=\"http:\/\/sol.fm.br\/radio\/wp-content\/uploads\/2024\/03\/21-1-400x296.jpg\" alt=\"\" width=\"400\" height=\"296\" srcset=\"https:\/\/sol.fm.br\/radio\/wp-content\/uploads\/2024\/03\/21-1-400x296.jpg 400w, https:\/\/sol.fm.br\/radio\/wp-content\/uploads\/2024\/03\/21-1-768x568.jpg 768w, https:\/\/sol.fm.br\/radio\/wp-content\/uploads\/2024\/03\/21-1.jpg 800w\" sizes=\"auto, (max-width: 400px) 100vw, 400px\" \/><\/p>\n<hr \/>\n<h6><strong>GOV RS | Texto: Ascom Casa Civil | Edi\u00e7\u00e3o: Secom<\/strong><\/h6>\n\n\n<center><iframe loading=\"lazy\" class=\"jmvplayer\" src=\"https:\/\/player.jmvstream.com\/lvw\/YYGWo5wfZuZ8fEW7Qoq1ISwhLSEDhU\" allowfullscreen allow=\"autoplay; fullscreen\" frameborder=\"0\" width=\"640\" height=\"360\" ><\/iframe><\/center>\n<\/div><\/div>","protected":false},"excerpt":{"rendered":"<p>Percentual ser\u00e1 retroativo a 1\u00ba de janeiro de 2024 Foi aprovado por unanimidade (46 votos), nesta ter\u00e7a-feira (12\/3), na Assembleia Legislativa, o Projeto de Lei 23\/2024, encaminhado pelo governo do Estado em regime de urg\u00eancia para reajustar o piso do magist\u00e9rio. Haver\u00e1 aumento de 3,62% aos professores da educa\u00e7\u00e3o b\u00e1sica, \u00edndice definido pela Portaria 61\/2024, [&hellip;]<\/p>\n","protected":false},"author":4,"featured_media":62633,"comment_status":"open","ping_status":"open","sticky":false,"template":"","format":"standard","meta":{"footnotes":""},"categories":[1],"tags":[],"class_list":["post-62632","post","type-post","status-publish","format-standard","has-post-thumbnail","hentry","category-sem-categoria"],"_links":{"self":[{"href":"https:\/\/sol.fm.br\/radio\/wp-json\/wp\/v2\/posts\/62632","targetHints":{"allow":["GET"]}}],"collection":[{"href":"https:\/\/sol.fm.br\/radio\/wp-json\/wp\/v2\/posts"}],"about":[{"href":"https:\/\/sol.fm.br\/radio\/wp-json\/wp\/v2\/types\/post"}],"author":[{"embeddable":true,"href":"https:\/\/sol.fm.br\/radio\/wp-json\/wp\/v2\/users\/4"}],"replies":[{"embeddable":true,"href":"https:\/\/sol.fm.br\/radio\/wp-json\/wp\/v2\/comments?post=62632"}],"version-history":[{"count":1,"href":"https:\/\/sol.fm.br\/radio\/wp-json\/wp\/v2\/posts\/62632\/revisions"}],"predecessor-version":[{"id":62635,"href":"https:\/\/sol.fm.br\/radio\/wp-json\/wp\/v2\/posts\/62632\/revisions\/62635"}],"wp:featuredmedia":[{"embeddable":true,"href":"https:\/\/sol.fm.br\/radio\/wp-json\/wp\/v2\/media\/62633"}],"wp:attachment":[{"href":"https:\/\/sol.fm.br\/radio\/wp-json\/wp\/v2\/media?parent=62632"}],"wp:term":[{"taxonomy":"category","embeddable":true,"href":"https:\/\/sol.fm.br\/radio\/wp-json\/wp\/v2\/categories?post=62632"},{"taxonomy":"post_tag","embeddable":true,"href":"https:\/\/sol.fm.br\/radio\/wp-json\/wp\/v2\/tags?post=62632"}],"curies":[{"name":"wp","href":"https:\/\/api.w.org\/{rel}","templated":true}]}}