{"id":62636,"date":"2024-03-13T09:57:59","date_gmt":"2024-03-13T12:57:59","guid":{"rendered":"http:\/\/sol.fm.br\/radio\/?p=62636"},"modified":"2024-03-13T09:58:00","modified_gmt":"2024-03-13T12:58:00","slug":"detranrs-discute-acoes-para-reduzir-mortes-no-transito-com-a-secretaria-nacional-de-transito","status":"publish","type":"post","link":"https:\/\/sol.fm.br\/radio\/detranrs-discute-acoes-para-reduzir-mortes-no-transito-com-a-secretaria-nacional-de-transito\/","title":{"rendered":"DetranRS discute a\u00e7\u00f5es para reduzir mortes no tr\u00e2nsito com a Secretaria Nacional de Tr\u00e2nsito"},"content":{"rendered":"<div id=\"dslc-theme-content\"><div id=\"dslc-theme-content-inner\"><p>O DetranRS se reuniu, na segunda-feira (11\/3), com representantes da Secretaria Nacional de Tr\u00e2nsito (Senatran) para debater o Plano Nacional de Redu\u00e7\u00e3o de Mortes e Les\u00f5es no Tr\u00e2nsito (Pnatrans).\u00a0O foco principal foi a inclus\u00e3o e a qualifica\u00e7\u00e3o de dados estat\u00edsticos por meio do Registro Nacional de Acidentes e Estat\u00edsticas de Tr\u00e2nsito (Renaest).<\/p>\n<p>Atrav\u00e9s do\u00a0Renaest, a Senatran pretende facilitar o cadastramento dos dados por parte dos agentes que atuam no atendimento de sinistros, possibilitando acompanhamento mais efetivo, al\u00e9m de maior transpar\u00eancia e agilidade para todos que participam do processo e planejam pol\u00edticas p\u00fablicas.\u00a0<\/p>\n<p>O aplicativo foi apresentado pelo coordenador-geral de Sistemas, Informa\u00e7\u00e3o e Estat\u00edsticas da Senatran, Pedro da Costa. Ele explicou que algumas funcionalidades, como a geolocaliza\u00e7\u00e3o autom\u00e1tica no momento do preenchimento e a inser\u00e7\u00e3o do CPF dos envolvidos, facilitam o trabalho e o acompanhamento de forma \u00e1gil, por meio da interliga\u00e7\u00e3o dos servi\u00e7os de socorro, sa\u00fade e cartor\u00e1rios, por exemplo.<\/p>\n<p>O Rio Grande do Sul foi o terceiro Estado visitado pela Senatran para tratar sobre o Pnatrans. Para os pr\u00f3ximos encontros, o diretor-geral adjunto do DetranRS, Rafael Mennet, se comprometeu com a inclus\u00e3o dos dados do Estado no sistema e com a elabora\u00e7\u00e3o, em conjunto com os demais \u00f3rg\u00e3os que atuam regionalmente, de estrat\u00e9gias para que o fluxo das informa\u00e7\u00f5es seja aprimorado, mostrando ao restante do pa\u00eds todos os projetos que contribuem para a redu\u00e7\u00e3o dos \u00edndices de mortes no tr\u00e2nsito.<\/p>\n<p>Al\u00e9m da comitiva federal, tamb\u00e9m participaram do encontro representantes do Conselho Estadual de Tr\u00e2nsito (Cetran), Pol\u00edcia Rodovi\u00e1ria Federal (PRF), Departamento Aut\u00f4nomo de Estradas de Rodagem (Daer), Empresa P\u00fablica de Transporte e Circula\u00e7\u00e3o de Porto Alegre (EPTC) e C\u00e2mara Tem\u00e1tica de Gest\u00e3o e Coordena\u00e7\u00e3o do Pnatans (CTPNAT).<\/p>\n<p><strong>Sobre o Pnatrans<\/strong><\/p>\n<p>Criado em 2018 pela Lei 13.614, o Pnatrans tem como objetivo orientar os gestores de tr\u00e2nsito do pa\u00eds a implementarem a\u00e7\u00f5es com o objetivo de reduzir mortes e les\u00f5es no tr\u00e2nsito, em alinhamento com a Nova D\u00e9cada de Seguran\u00e7a no Tr\u00e2nsito da Organiza\u00e7\u00e3o das Na\u00e7\u00f5es Unidas (ONU).<\/p>\n<p>O plano passou por uma revis\u00e3o em 2021, com a contribui\u00e7\u00e3o de mais de 100 especialistas de 50 \u00f3rg\u00e3os e entidades e de representantes da sociedade civil. O compromisso assumido \u00e9 reduzir, no m\u00ednimo pela metade, o \u00edndice de mortes por grupo de habitantes\u00a0at\u00e9 o final de 2030, tomando por base o que foi apurado\u00a0em 2020.<\/p>\n<hr \/>\n<h6><strong>GOV RS |\u00a0 Texto: Ascom DetranRS | Edi\u00e7\u00e3o: Secom | <span class=\"artigo__ilustracao__credito\">Foto: Ascom DetranRS<\/span><\/strong><\/h6>\n\n\n<center><iframe loading=\"lazy\" class=\"jmvplayer\" src=\"https:\/\/player.jmvstream.com\/lvw\/YYGWo5wfZuZ8fEW7Qoq1ISwhLSEDhU\" allowfullscreen allow=\"autoplay; fullscreen\" frameborder=\"0\" width=\"640\" height=\"360\" ><\/iframe><\/center>\n<\/div><\/div>","protected":false},"excerpt":{"rendered":"<p>O DetranRS se reuniu, na segunda-feira (11\/3), com representantes da Secretaria Nacional de Tr\u00e2nsito (Senatran) para debater o Plano Nacional de Redu\u00e7\u00e3o de Mortes e Les\u00f5es no Tr\u00e2nsito (Pnatrans).\u00a0O foco principal foi a inclus\u00e3o e a qualifica\u00e7\u00e3o de dados estat\u00edsticos por meio do Registro Nacional de Acidentes e Estat\u00edsticas de Tr\u00e2nsito (Renaest). Atrav\u00e9s do\u00a0Renaest, a [&hellip;]<\/p>\n","protected":false},"author":4,"featured_media":62637,"comment_status":"open","ping_status":"open","sticky":false,"template":"","format":"standard","meta":{"footnotes":""},"categories":[1],"tags":[],"class_list":["post-62636","post","type-post","status-publish","format-standard","has-post-thumbnail","hentry","category-sem-categoria"],"_links":{"self":[{"href":"https:\/\/sol.fm.br\/radio\/wp-json\/wp\/v2\/posts\/62636","targetHints":{"allow":["GET"]}}],"collection":[{"href":"https:\/\/sol.fm.br\/radio\/wp-json\/wp\/v2\/posts"}],"about":[{"href":"https:\/\/sol.fm.br\/radio\/wp-json\/wp\/v2\/types\/post"}],"author":[{"embeddable":true,"href":"https:\/\/sol.fm.br\/radio\/wp-json\/wp\/v2\/users\/4"}],"replies":[{"embeddable":true,"href":"https:\/\/sol.fm.br\/radio\/wp-json\/wp\/v2\/comments?post=62636"}],"version-history":[{"count":1,"href":"https:\/\/sol.fm.br\/radio\/wp-json\/wp\/v2\/posts\/62636\/revisions"}],"predecessor-version":[{"id":62638,"href":"https:\/\/sol.fm.br\/radio\/wp-json\/wp\/v2\/posts\/62636\/revisions\/62638"}],"wp:featuredmedia":[{"embeddable":true,"href":"https:\/\/sol.fm.br\/radio\/wp-json\/wp\/v2\/media\/62637"}],"wp:attachment":[{"href":"https:\/\/sol.fm.br\/radio\/wp-json\/wp\/v2\/media?parent=62636"}],"wp:term":[{"taxonomy":"category","embeddable":true,"href":"https:\/\/sol.fm.br\/radio\/wp-json\/wp\/v2\/categories?post=62636"},{"taxonomy":"post_tag","embeddable":true,"href":"https:\/\/sol.fm.br\/radio\/wp-json\/wp\/v2\/tags?post=62636"}],"curies":[{"name":"wp","href":"https:\/\/api.w.org\/{rel}","templated":true}]}}