{"id":64457,"date":"2024-05-17T09:42:09","date_gmt":"2024-05-17T12:42:09","guid":{"rendered":"http:\/\/sol.fm.br\/radio\/?p=64457"},"modified":"2024-05-17T09:42:10","modified_gmt":"2024-05-17T12:42:10","slug":"integrantes-da-secretaria-de-justica-visitam-abrigo-em-canoas-e-levantam-necessidades-de-mulheres-e-pessoas-com-deficiencia","status":"publish","type":"post","link":"https:\/\/sol.fm.br\/radio\/integrantes-da-secretaria-de-justica-visitam-abrigo-em-canoas-e-levantam-necessidades-de-mulheres-e-pessoas-com-deficiencia\/","title":{"rendered":"Integrantes da Secretaria de Justi\u00e7a visitam abrigo em Canoas e levantam necessidades de mulheres e pessoas com defici\u00eancia"},"content":{"rendered":"<div id=\"dslc-theme-content\"><div id=\"dslc-theme-content-inner\"><p>Integrantes da Secretaria de Justi\u00e7a, Cidadania e Direitos Humanos (SJCDH) visitaram o abrigo da Ulbra, em Canoas.\u00a0As equipes da secretaria, que incluem assistentes sociais e psicol\u00f3gas, conversaram com volunt\u00e1rios, apresentaram os servi\u00e7os da SJCDH e conheceram as demandas de abrigados, especialmente de mulheres e pessoas com defici\u00eancia.\u00a0<\/p>\n<p>Durante a a\u00e7\u00e3o,\u00a0que foi realizada nesta quinta-feira (16\/5), tamb\u00e9m\u00a0foram disponibilizados materiais gr\u00e1ficos com os canais de atendimento do Centro de Refer\u00eancia da Mulher V\u00e2nia Ara\u00fajo Machado (CRM-VAM), localizado em Porto Alegre.\u00a0<\/p>\n<p>\u201c<em>Essa \u00e9 uma parceria importante para entendermos as necessidades das pessoas e mostrarmos que estamos ao lado de todos, trabalhando para entregarmos a\u00e7\u00f5es importantes que de fato ajudar\u00e3o todas as v\u00edtimas dessa trag\u00e9dia que assola nosso Estado<\/em>\u201d, disse o titular da SJCDH, Fabr\u00edcio Peruchin.<\/p>\n<p>A diretora do Departamento da Mulher, Giselda Azambuja, disse que a presen\u00e7a da secretaria no abrigo buscou ouvir as mulheres abrigadas e identificar as necessidades delas, especialmente por estarem passando por um momento de luto em diversas \u00e1reas da vidas. \"<em>Esse foi um primeiro passo, que representa uma forma de dizer a essas mulheres: eu te olho, eu te sinto e eu te acolho<\/em>\u201d, afirmou.<\/p>\n<p>O diretor do Departamento de Diversidade e Inclus\u00e3o, Mois\u00e9s Bauer, esteve presente na a\u00e7\u00e3o para verificar as necessidades das pessoas com defici\u00eancia no abrigo. \u201c<em>A visita foi uma forma de buscarmos ativamente as demandas das pessoas com defici\u00eancia, que est\u00e3o precisando de aux\u00edlio direto e imediato do governo do Estado<\/em>\u201d, disse.<\/p>\n<p>Tamb\u00e9m estiveram presentes na a\u00e7\u00e3o integrantes da Secretaria de Seguran\u00e7a P\u00fablica e do Centro de Refer\u00eancia da Mulher, de Canoas.<\/p>\n<p>As mulheres podem buscar ajuda por meio de mensagem de Whatsapp para\u00a0CRM VAM:\u00a0(51) 99275-8146.<\/p>\n<hr \/>\n<h6><strong><sub>GOV RS | Texto: Ascom SJCDH | <\/sub><sub>Edi\u00e7\u00e3o: Secom RS | Foto: Giovanni Disegna\/Ascom SJCDH<\/sub><\/strong><\/h6>\n\n\n<center><iframe loading=\"lazy\" class=\"jmvplayer\" src=\"https:\/\/player.jmvstream.com\/lvw\/YYGWo5wfZuZ8fEW7Qoq1ISwhLSEDhU\" allowfullscreen allow=\"autoplay; fullscreen\" frameborder=\"0\" width=\"640\" height=\"360\" ><\/iframe><\/center>\n<\/div><\/div>","protected":false},"excerpt":{"rendered":"<p>Integrantes da Secretaria de Justi\u00e7a, Cidadania e Direitos Humanos (SJCDH) visitaram o abrigo da Ulbra, em Canoas.\u00a0As equipes da secretaria, que incluem assistentes sociais e psicol\u00f3gas, conversaram com volunt\u00e1rios, apresentaram os servi\u00e7os da SJCDH e conheceram as demandas de abrigados, especialmente de mulheres e pessoas com defici\u00eancia.\u00a0 Durante a a\u00e7\u00e3o,\u00a0que foi realizada nesta quinta-feira (16\/5), [&hellip;]<\/p>\n","protected":false},"author":4,"featured_media":64458,"comment_status":"open","ping_status":"open","sticky":false,"template":"","format":"standard","meta":{"footnotes":""},"categories":[1],"tags":[],"class_list":["post-64457","post","type-post","status-publish","format-standard","has-post-thumbnail","hentry","category-sem-categoria"],"_links":{"self":[{"href":"https:\/\/sol.fm.br\/radio\/wp-json\/wp\/v2\/posts\/64457","targetHints":{"allow":["GET"]}}],"collection":[{"href":"https:\/\/sol.fm.br\/radio\/wp-json\/wp\/v2\/posts"}],"about":[{"href":"https:\/\/sol.fm.br\/radio\/wp-json\/wp\/v2\/types\/post"}],"author":[{"embeddable":true,"href":"https:\/\/sol.fm.br\/radio\/wp-json\/wp\/v2\/users\/4"}],"replies":[{"embeddable":true,"href":"https:\/\/sol.fm.br\/radio\/wp-json\/wp\/v2\/comments?post=64457"}],"version-history":[{"count":1,"href":"https:\/\/sol.fm.br\/radio\/wp-json\/wp\/v2\/posts\/64457\/revisions"}],"predecessor-version":[{"id":64459,"href":"https:\/\/sol.fm.br\/radio\/wp-json\/wp\/v2\/posts\/64457\/revisions\/64459"}],"wp:featuredmedia":[{"embeddable":true,"href":"https:\/\/sol.fm.br\/radio\/wp-json\/wp\/v2\/media\/64458"}],"wp:attachment":[{"href":"https:\/\/sol.fm.br\/radio\/wp-json\/wp\/v2\/media?parent=64457"}],"wp:term":[{"taxonomy":"category","embeddable":true,"href":"https:\/\/sol.fm.br\/radio\/wp-json\/wp\/v2\/categories?post=64457"},{"taxonomy":"post_tag","embeddable":true,"href":"https:\/\/sol.fm.br\/radio\/wp-json\/wp\/v2\/tags?post=64457"}],"curies":[{"name":"wp","href":"https:\/\/api.w.org\/{rel}","templated":true}]}}